{"id":162336,"date":"2025-11-28T21:20:53","date_gmt":"2025-11-28T19:20:53","guid":{"rendered":"https:\/\/pointer-news.com\/?p=162336"},"modified":"2025-11-28T21:20:56","modified_gmt":"2025-11-28T19:20:56","slug":"afganos-residentes-en-ee-uu-hacen-un-llamado-a-trump-tras-el-tiroteo-en-washington-dc","status":"publish","type":"post","link":"https:\/\/pointer-news.com\/es\/afganos-residentes-en-ee-uu-hacen-un-llamado-a-trump-tras-el-tiroteo-en-washington-dc\/","title":{"rendered":"Afganos residentes en EE. UU. hacen un llamado a Trump tras el tiroteo en Washington DC"},"content":{"rendered":"<p><body><\/p>\n<div class=\"article-content\">\n<p>Los afganos que residen en Estados Unidos expresaron su incredulidad ante el reciente tiroteo \u00abextremadamente tr\u00e1gico\u00bb que ocurri\u00f3 en Washington DC el mi\u00e9rcoles, enfatizando que el sospechoso, quien inmigr\u00f3 a EE. UU. desde Afganist\u00e1n hace cuatro a\u00f1os, no representa a su comunidad.<\/p>\n<p>El acusado, Rahmanullah Lakanwal, de 29 a\u00f1os, lleg\u00f3 a Estados Unidos a trav\u00e9s de un programa dise\u00f1ado para otorgar privilegios especiales de inmigraci\u00f3n a afganos que se aliaron con EE. UU. tras la retirada de las tropas de Afganist\u00e1n en 2021.<\/p>\n<p>En el tr\u00e1gico suceso, la miembro de la Guardia Nacional, Sarah Beckstrom, de 20 a\u00f1os, perdi\u00f3 la vida, mientras que su colega Andrew Wolfe, de 24 a\u00f1os, se reporta en estado cr\u00edtico.<\/p>\n<p>A ra\u00edz del incidente, el presidente Donald Trump ha suspendido el procesamiento de todas las solicitudes de inmigraci\u00f3n afganas, ha iniciado una reevaluaci\u00f3n de las tarjetas verdes emitidas a individuos de 19 naciones diferentes y ha advertido sobre medidas m\u00e1s estrictas contra los migrantes que categoriza como provenientes de \u00abpa\u00edses del tercer mundo\u00bb.<\/p>\n<p>La Coalici\u00f3n de la Comunidad afgana en Estados Unidos expres\u00f3 sus condolencias a las familias de las v\u00edctimas, pidiendo una investigaci\u00f3n exhaustiva y solicitando que el gobierno se abstenga de retrasar o detener las solicitudes de inmigraci\u00f3n afganas.<\/p>\n<blockquote>\n<p>\u00abLas dos d\u00e9cadas de asociaci\u00f3n entre afganos y EE. UU. no deben ser pasadas por alto\u00bb, coment\u00f3 la declaraci\u00f3n de la coalici\u00f3n, refiri\u00e9ndose a la operaci\u00f3n liderada por EE. UU. que comenz\u00f3 en 2001 para derrocar al Talib\u00e1n y establecer el orden en Afganist\u00e1n.<\/p>\n<\/blockquote>\n<p>\u00abLas dos d\u00e9cadas de asociaci\u00f3n entre afganos y EE. UU. no deben ser pasadas por alto\u00bb, coment\u00f3 la declaraci\u00f3n de la coalici\u00f3n, refiri\u00e9ndose a la operaci\u00f3n liderada por EE. UU. que comenz\u00f3 en 2001 para derrocar al Talib\u00e1n y establecer el orden en Afganist\u00e1n.<\/p>\n<p>Los afganos que viven en EE. UU. compartieron su horror respecto al evento del tiroteo en Washington DC, subrayando que fue la acci\u00f3n de un individuo.<\/p>\n<p>Temiendo posibles represalias del Talib\u00e1n, los afganos prefirieron permanecer en el anonimato durante sus comentarios. Un afgano reubicado en EE. UU. tras la retirada caracteriz\u00f3 el tiroteo como \u00abextremadamente tr\u00e1gico\u00bb, se\u00f1alando que ocurri\u00f3 justo antes de Acci\u00f3n de Gracias en medio de un clima pol\u00edtico tumultuoso en Washington DC.<\/p>\n<p>\u00c9l enfatiz\u00f3 que este acto fue un resultado de la conducta individual y no indicativo de la comunidad en su conjunto.<\/p>\n<blockquote>\n<p>\u00abLos afganos en Am\u00e9rica son ciudadanos diligentes que contribuyen con impuestos\u00bb, agreg\u00f3. \u00abSeguimos agradecidos a Estados Unidos por ayudar en nuestra evacuaci\u00f3n durante la crisis de Kabul.\u00bb<\/p>\n<\/blockquote>\n<p>\u00abLos afganos en Am\u00e9rica son ciudadanos diligentes que contribuyen con impuestos\u00bb, agreg\u00f3. \u00abSeguimos agradecidos a Estados Unidos por ayudar en nuestra evacuaci\u00f3n durante la crisis de Kabul.\u00bb<\/p>\n<p>En 2021, un gran n\u00famero de afganos busc\u00f3 escapar cuando EE. UU. retir\u00f3 sus tropas y el Talib\u00e1n recuper\u00f3 el poder.<\/p>\n<p>Funcionarios estadounidenses indican que Lakanwal ten\u00eda conexiones con las fuerzas estadounidenses durante su presencia en Afganist\u00e1n, donde ayud\u00f3 a asegurar al personal estadounidense en el aeropuerto de Kabul durante la evacuaci\u00f3n. Ingres\u00f3 a EE. UU. ese mismo a\u00f1o, solicit\u00f3 asilo en 2024 y su solicitud fue aprobada a principios de este a\u00f1o.<\/p>\n<p>Otro afgano, tambi\u00e9n reubicado en EE. UU. tras la retirada del pa\u00eds hace cuatro a\u00f1os, describi\u00f3 el tiroteo del mi\u00e9rcoles como \u00abverdaderamente impactante\u00bb y comparti\u00f3 sus oraciones por las familias de las v\u00edctimas.<\/p>\n<p>Especul\u00f3 que el acto fue un \u00abcrimen individual llevado a cabo independientemente de cualquier c\u00f3mplice\u00bb y a\u00f1adi\u00f3 que no deber\u00eda reflejarse en toda la comunidad.<\/p>\n<p>Un afgano m\u00e1s, residente en EE. UU., coment\u00f3 que el incidente fue un \u00abcontrasentido devastador para todos los inmigrantes\u00bb, se\u00f1alando que la respuesta pol\u00edtica ha dejado a muchos sinti\u00e9ndose inseguros.<\/p>\n<blockquote>\n<p>\u00abLa decisi\u00f3n de la administraci\u00f3n Trump de reevaluar los procesos de inmigraci\u00f3n es perjudicial para todos\u00bb, afirm\u00f3. \u00abEste enfoque consume tiempo, y nadie sabe los resultados.\u00bb<\/p>\n<\/blockquote>\n<p>\u00abLa decisi\u00f3n de la administraci\u00f3n Trump de reevaluar los procesos de inmigraci\u00f3n es perjudicial para todos\u00bb, afirm\u00f3. \u00abEste enfoque consume tiempo, y nadie sabe los resultados.\u00bb<\/p>\n<p>Mencion\u00f3 que la situaci\u00f3n se siente a\u00fan m\u00e1s alarmante debido a las amenazas que enfrentan sus compatriotas en Afganist\u00e1n, comentando, \u00abPara nosotros los afganos, hay desaf\u00edos tanto en Afganist\u00e1n como aqu\u00ed.\u00bb<\/p>\n<\/div>\n<p><\/body><\/p>\n","protected":false},"excerpt":{"rendered":"<p>Los afganos que residen en Estados Unidos expresaron su incredulidad ante el reciente tiroteo \u00abextremadamente tr\u00e1gico\u00bb que ocurri\u00f3 en Washington DC el mi\u00e9rcoles, enfatizando que el sospechoso, quien inmigr\u00f3 a EE. UU. desde Afganist\u00e1n hace cuatro a\u00f1os, no representa a su comunidad. El acusado, Rahmanullah Lakanwal, de 29 a\u00f1os, lleg\u00f3 a Estados Unidos a trav\u00e9s [&hellip;]<\/p>\n","protected":false},"author":23,"featured_media":162332,"comment_status":"open","ping_status":"open","sticky":false,"template":"","format":"standard","meta":{"_acf_changed":false,"inline_featured_image":false,"footnotes":""},"categories":[472],"tags":[],"class_list":["post-162336","post","type-post","status-publish","format-standard","has-post-thumbnail","hentry","category-politics-laws"],"acf":[],"_links":{"self":[{"href":"https:\/\/pointer-news.com\/es\/wp-json\/wp\/v2\/posts\/162336","targetHints":{"allow":["GET"]}}],"collection":[{"href":"https:\/\/pointer-news.com\/es\/wp-json\/wp\/v2\/posts"}],"about":[{"href":"https:\/\/pointer-news.com\/es\/wp-json\/wp\/v2\/types\/post"}],"author":[{"embeddable":true,"href":"https:\/\/pointer-news.com\/es\/wp-json\/wp\/v2\/users\/23"}],"replies":[{"embeddable":true,"href":"https:\/\/pointer-news.com\/es\/wp-json\/wp\/v2\/comments?post=162336"}],"version-history":[{"count":1,"href":"https:\/\/pointer-news.com\/es\/wp-json\/wp\/v2\/posts\/162336\/revisions"}],"predecessor-version":[{"id":162337,"href":"https:\/\/pointer-news.com\/es\/wp-json\/wp\/v2\/posts\/162336\/revisions\/162337"}],"wp:featuredmedia":[{"embeddable":true,"href":"https:\/\/pointer-news.com\/es\/wp-json\/wp\/v2\/media\/162332"}],"wp:attachment":[{"href":"https:\/\/pointer-news.com\/es\/wp-json\/wp\/v2\/media?parent=162336"}],"wp:term":[{"taxonomy":"category","embeddable":true,"href":"https:\/\/pointer-news.com\/es\/wp-json\/wp\/v2\/categories?post=162336"},{"taxonomy":"post_tag","embeddable":true,"href":"https:\/\/pointer-news.com\/es\/wp-json\/wp\/v2\/tags?post=162336"}],"curies":[{"name":"wp","href":"https:\/\/api.w.org\/{rel}","templated":true}]}}