{"id":163452,"date":"2025-12-04T20:41:55","date_gmt":"2025-12-04T18:41:55","guid":{"rendered":"https:\/\/pointer-news.com\/?p=163452"},"modified":"2025-12-04T20:41:58","modified_gmt":"2025-12-04T18:41:58","slug":"actividad-volcanica-vinculada-al-brote-historico-de-la-peste-negra-en-europa","status":"publish","type":"post","link":"https:\/\/pointer-news.com\/es\/actividad-volcanica-vinculada-al-brote-historico-de-la-peste-negra-en-europa\/","title":{"rendered":"Actividad volc\u00e1nica vinculada al brote hist\u00f3rico de la Peste Negra en Europa"},"content":{"rendered":"<p><body><\/p>\n<div class=\"article-content\">\n<p>Un grupo de cient\u00edficos sugiere que una erupci\u00f3n volc\u00e1nica que tuvo lugar alrededor de 1345 pudo haber desencadenado una serie de eventos que llevaron a la devastadora Peste Negra, la pandemia m\u00e1s mort\u00edfera de Europa. Los registros de los anillos de los \u00e1rboles indican que esta erupci\u00f3n provoc\u00f3 cambios clim\u00e1ticos significativos, que a su vez facilitaron la propagaci\u00f3n de la plaga en la Europa medieval.<\/p>\n<p>Seg\u00fan esta teor\u00eda, las cenizas y los gases expulsados por el volc\u00e1n provocaron ca\u00eddas dr\u00e1sticas en las temperaturas, causando fracasos agr\u00edcolas a gran escala. Como consecuencia, las ciudades-estado italianas se vieron obligadas a importar grano de las regiones circundantes al Mar Negro, introduciendo sin querer pulgas infectadas por la plaga en Europa.<\/p>\n<p>Esta combinaci\u00f3n de alteraciones clim\u00e1ticas, hambruna y alteraciones comerciales subraya c\u00f3mo las enfermedades pueden surgir y expandirse en un mundo cada vez m\u00e1s interconectado y en calentamiento. El Dr. Ulf B\u00fcntgen, de la Universidad de Cambridge, destac\u00f3 la rareza de que tales factores coincidentes contribuyan a la Peste Negra, al tiempo que subray\u00f3 que la probabilidad de que enfermedades zoon\u00f3ticas aparezcan debido al cambio clim\u00e1tico est\u00e1 aumentando en nuestra sociedad globalizada.<\/p>\n<p>El Dr. B\u00fcntgen tambi\u00e9n resalt\u00f3 la importancia de estos hallazgos a la luz de la reciente pandemia de Covid-19, enfatizando la necesidad de estar alerta ante la interacci\u00f3n entre el clima y las enfermedades. La Peste Negra asol\u00f3 Europa entre 1348 y 1349, cobrando la vida de hasta la mitad de la poblaci\u00f3n del continente.<\/p>\n<p>La enfermedad, atribuida a la bacteria Yersinia pestis, se transmiti\u00f3 principalmente a trav\u00e9s de roedores salvajes, incluidos los ratas, y sus pulgas. Los acad\u00e9micos creen que el brote se origin\u00f3 en Asia Central y se propag\u00f3 por el mundo a trav\u00e9s de redes comerciales, sin embargo, la secuencia exacta de eventos que facilit\u00f3 su llegada a Europa, resultando en millones de muertes, ha sido objeto de extensa investigaci\u00f3n acad\u00e9mica.<\/p>\n<p>Investigadores de la Universidad de Cambridge y del Instituto Leibniz para la Historia y Cultura de Europa del Este en Leipzig han descubierto ahora una pieza clave de este rompecabezas hist\u00f3rico. Sus investigaciones sobre los anillos de los \u00e1rboles y las muestras de n\u00facleos de hielo revelaron que la actividad volc\u00e1nica alrededor de 1345 provoc\u00f3 una ca\u00edda significativa en las temperaturas durante varios a\u00f1os, ya que las cenizas y los gases volc\u00e1nicos bloquearon la luz solar.<\/p>\n<p>Esta interrupci\u00f3n clim\u00e1tica llev\u00f3 a fracasos en las cosechas a trav\u00e9s del Mediterr\u00e1neo. En un intento desesperado por evitar la hambruna, las ciudades-estado italianas empezaron a comerciar con productores de grano en torno al Mar Negro, permitiendo involuntariamente que la letal bacteria se estableciera en Europa.<\/p>\n<p>El Dr. Martin Bauch, un historiador especializado en clima medieval y epidemiolog\u00eda, describi\u00f3 c\u00f3mo los eventos clim\u00e1ticos coincidieron con la aparici\u00f3n de la plaga.<\/p>\n<\/div>\n<p><\/body><\/p>\n","protected":false},"excerpt":{"rendered":"<p>Un grupo de cient\u00edficos sugiere que una erupci\u00f3n volc\u00e1nica que tuvo lugar alrededor de 1345 pudo haber desencadenado una serie de eventos que llevaron a la devastadora Peste Negra, la pandemia m\u00e1s mort\u00edfera de Europa. Los registros de los anillos de los \u00e1rboles indican que esta erupci\u00f3n provoc\u00f3 cambios clim\u00e1ticos significativos, que a su vez [&hellip;]<\/p>\n","protected":false},"author":23,"featured_media":163448,"comment_status":"open","ping_status":"open","sticky":false,"template":"","format":"standard","meta":{"_acf_changed":false,"inline_featured_image":false,"footnotes":""},"categories":[453],"tags":[],"class_list":["post-163452","post","type-post","status-publish","format-standard","has-post-thumbnail","hentry","category-world-news"],"acf":[],"_links":{"self":[{"href":"https:\/\/pointer-news.com\/es\/wp-json\/wp\/v2\/posts\/163452","targetHints":{"allow":["GET"]}}],"collection":[{"href":"https:\/\/pointer-news.com\/es\/wp-json\/wp\/v2\/posts"}],"about":[{"href":"https:\/\/pointer-news.com\/es\/wp-json\/wp\/v2\/types\/post"}],"author":[{"embeddable":true,"href":"https:\/\/pointer-news.com\/es\/wp-json\/wp\/v2\/users\/23"}],"replies":[{"embeddable":true,"href":"https:\/\/pointer-news.com\/es\/wp-json\/wp\/v2\/comments?post=163452"}],"version-history":[{"count":1,"href":"https:\/\/pointer-news.com\/es\/wp-json\/wp\/v2\/posts\/163452\/revisions"}],"predecessor-version":[{"id":163453,"href":"https:\/\/pointer-news.com\/es\/wp-json\/wp\/v2\/posts\/163452\/revisions\/163453"}],"wp:featuredmedia":[{"embeddable":true,"href":"https:\/\/pointer-news.com\/es\/wp-json\/wp\/v2\/media\/163448"}],"wp:attachment":[{"href":"https:\/\/pointer-news.com\/es\/wp-json\/wp\/v2\/media?parent=163452"}],"wp:term":[{"taxonomy":"category","embeddable":true,"href":"https:\/\/pointer-news.com\/es\/wp-json\/wp\/v2\/categories?post=163452"},{"taxonomy":"post_tag","embeddable":true,"href":"https:\/\/pointer-news.com\/es\/wp-json\/wp\/v2\/tags?post=163452"}],"curies":[{"name":"wp","href":"https:\/\/api.w.org\/{rel}","templated":true}]}}