{"id":163621,"date":"2025-12-05T19:41:29","date_gmt":"2025-12-05T17:41:29","guid":{"rendered":"https:\/\/pointer-news.com\/?p=163621"},"modified":"2025-12-05T19:41:32","modified_gmt":"2025-12-05T17:41:32","slug":"nuevos-derechos-de-despido-injusto-de-seis-meses-se-implementaran-en-2027","status":"publish","type":"post","link":"https:\/\/pointer-news.com\/es\/nuevos-derechos-de-despido-injusto-de-seis-meses-se-implementaran-en-2027\/","title":{"rendered":"Nuevos derechos de despido injusto de seis meses se implementar\u00e1n en 2027"},"content":{"rendered":"<p><body><\/p>\n<div class=\"article-content\">\n<p>En un cambio de pol\u00edtica notable, el gobierno se ha comprometido a fortalecer las protecciones contra despidos injustos al introducir un nuevo per\u00edodo de reclamaci\u00f3n de seis meses que comenzar\u00e1 en 2027. Esta decisi\u00f3n surge tras una fuerte reacci\u00f3n de organizaciones empresariales, lo que llev\u00f3 a los ministros de Trabajo a ajustar su propuesta inicial.<\/p>\n<p>A diferencia de permitir que los empleados presenten reclamaciones por despido injusto desde su primer d\u00eda laboral, el plan revisado establece un per\u00edodo de calificaci\u00f3n de seis meses. Sin embargo, esta duraci\u00f3n sigue siendo m\u00e1s corta que el umbral actual de dos a\u00f1os.<\/p>\n<p>En un principio, el departamento empresarial no revel\u00f3 cu\u00e1ndo entrar\u00eda en vigor esta nueva ventana de seis meses. No obstante, declaraciones recientes de los ministros sugieren que estas protecciones comenzar\u00e1n oficialmente el 1 de enero de 2027, coincidiendo con el regreso del proceso legislativo a la C\u00e1mara de los Comunes el lunes.<\/p>\n<p>Aunque tales compromisos establecidos en la C\u00e1mara no son legalmente vinculantes, poseen un peso pol\u00edtico significativo entre los legisladores. Este ajuste, que fue destacado inicialmente por varios informes, sigui\u00f3 a discusiones en las que participaron ministros, la exviceprimera ministra Angela Rayner y el exministro de Empleo Justin Madders, quienes jugaron un papel clave en el desarrollo de la propuesta original.<\/p>\n<p>Tras estas deliberaciones, Rayner decidi\u00f3 retirar una enmienda que ten\u00eda la intenci\u00f3n de proponer, que buscaba adelantar la fecha de inicio a 2026. A trav\u00e9s de las redes sociales, expres\u00f3 su aprobaci\u00f3n del anuncio del gobierno, subrayando que el cronograma de enero de 2027 proporcionar\u00eda protecciones esenciales para los empleados contratados despu\u00e9s de julio de 2026, lo que resultar\u00eda en mejoras significativas para la fuerza laboral.<\/p>\n<p>En la actualidad, los empleados que permanecen en una empresa durante dos a\u00f1os consecutivos obtienen salvaguardias legales adicionales contra lo que se denomina<\/p>\n<\/div>\n<p><\/body><\/p>\n","protected":false},"excerpt":{"rendered":"<p>En un cambio de pol\u00edtica notable, el gobierno se ha comprometido a fortalecer las protecciones contra despidos injustos al introducir un nuevo per\u00edodo de reclamaci\u00f3n de seis meses que comenzar\u00e1 en 2027. Esta decisi\u00f3n surge tras una fuerte reacci\u00f3n de organizaciones empresariales, lo que llev\u00f3 a los ministros de Trabajo a ajustar su propuesta inicial. [&hellip;]<\/p>\n","protected":false},"author":23,"featured_media":163617,"comment_status":"open","ping_status":"open","sticky":false,"template":"","format":"standard","meta":{"_acf_changed":false,"inline_featured_image":false,"footnotes":""},"categories":[472],"tags":[],"class_list":["post-163621","post","type-post","status-publish","format-standard","has-post-thumbnail","hentry","category-politics-laws"],"acf":[],"_links":{"self":[{"href":"https:\/\/pointer-news.com\/es\/wp-json\/wp\/v2\/posts\/163621","targetHints":{"allow":["GET"]}}],"collection":[{"href":"https:\/\/pointer-news.com\/es\/wp-json\/wp\/v2\/posts"}],"about":[{"href":"https:\/\/pointer-news.com\/es\/wp-json\/wp\/v2\/types\/post"}],"author":[{"embeddable":true,"href":"https:\/\/pointer-news.com\/es\/wp-json\/wp\/v2\/users\/23"}],"replies":[{"embeddable":true,"href":"https:\/\/pointer-news.com\/es\/wp-json\/wp\/v2\/comments?post=163621"}],"version-history":[{"count":1,"href":"https:\/\/pointer-news.com\/es\/wp-json\/wp\/v2\/posts\/163621\/revisions"}],"predecessor-version":[{"id":163622,"href":"https:\/\/pointer-news.com\/es\/wp-json\/wp\/v2\/posts\/163621\/revisions\/163622"}],"wp:featuredmedia":[{"embeddable":true,"href":"https:\/\/pointer-news.com\/es\/wp-json\/wp\/v2\/media\/163617"}],"wp:attachment":[{"href":"https:\/\/pointer-news.com\/es\/wp-json\/wp\/v2\/media?parent=163621"}],"wp:term":[{"taxonomy":"category","embeddable":true,"href":"https:\/\/pointer-news.com\/es\/wp-json\/wp\/v2\/categories?post=163621"},{"taxonomy":"post_tag","embeddable":true,"href":"https:\/\/pointer-news.com\/es\/wp-json\/wp\/v2\/tags?post=163621"}],"curies":[{"name":"wp","href":"https:\/\/api.w.org\/{rel}","templated":true}]}}