{"id":163964,"date":"2025-12-07T16:02:08","date_gmt":"2025-12-07T14:02:08","guid":{"rendered":"https:\/\/pointer-news.com\/?p=163964"},"modified":"2025-12-07T16:02:12","modified_gmt":"2025-12-07T14:02:12","slug":"richard-walker-de-iceland-se-unira-al-partido-laborista-como-par-segun-informes-internos","status":"publish","type":"post","link":"https:\/\/pointer-news.com\/es\/richard-walker-de-iceland-se-unira-al-partido-laborista-como-par-segun-informes-internos\/","title":{"rendered":"Richard Walker de Iceland se unir\u00e1 al Partido Laborista como par, seg\u00fan informes internos"},"content":{"rendered":"<p><body><\/p>\n<div class=\"article-content\">\n<p>Richard Walker, quien lidera la cadena de supermercados Iceland, est\u00e1 a punto de recibir una nominaci\u00f3n para un t\u00edtulo nobiliario en el Partido Laborista, seg\u00fan lo han confirmado fuentes cercanas al partido.<\/p>\n<p>Los informantes indican que Walker es reconocido como \u00abun defensor comprometido de las familias que enfrentan dificultades econ\u00f3micas\u00bb y se espera que se convierta en una voz relevante en la C\u00e1mara de los Lores.<\/p>\n<p>El empresario de 45 a\u00f1os dej\u00f3 el Partido Conservador en 2023 y posteriormente asisti\u00f3 a la presentaci\u00f3n del manifiesto del Partido Laborista para las pr\u00f3ximas elecciones generales de 2024.<\/p>\n<h2>Antecedentes y Cambio Pol\u00edtico<\/h2>\n<p>Walker asumi\u00f3 el control del minorista de alimentos congelados fundado por su padre en 2023, y ha tenido una carrera notable dentro del \u00e1mbito pol\u00edtico.<\/p>\n<p>Anteriormente, fue uno de los muchos candidatos conservadores que compet\u00edan por un esca\u00f1o parlamentario y fue nombrado miembro del consejo empresarial del entonces gobierno conservador en 2022, un papel que describi\u00f3 como un gran honor.<\/p>\n<p>Sin embargo, tras 18 meses, manifest\u00f3 su incapacidad para seguir apoyando al partido, citando preocupaciones sobre su desconexi\u00f3n con el p\u00fablico y criticando su gesti\u00f3n de cuestiones econ\u00f3micas y medioambientales.<\/p>\n<h3>Apoyo al Partido Laborista<\/h3>\n<p>Posteriormente, Walker se aline\u00f3 con el Partido Laborista, elogiando al actual Primer Ministro, Sir Keir Starmer, en un art\u00edculo donde afirm\u00f3 que Starmer posee las cualidades necesarias para un liderazgo efectivo.<\/p>\n<p>En declaraciones realizadas al Financial Times a principios de este a\u00f1o, calific\u00f3 al nuevo gobierno con un \u00abseis de diez\u00bb, criticando su decisi\u00f3n de aumentar las contribuciones a la seguridad social para los empleadores, aunque elogi\u00f3 sus esfuerzos para mejorar las relaciones con la Uni\u00f3n Europea.<\/p>\n<h2>Posici\u00f3n del Partido Laborista en el Parlamento<\/h2>\n<p>A pesar de tener una mayor\u00eda en la C\u00e1mara de los Comunes, el Partido Laborista actualmente enfrenta una desventaja num\u00e9rica en la C\u00e1mara de los Lores, donde cuenta con 210 pares frente a los 282 del Partido Conservador.<\/p>\n<p>En reconocimiento a sus contribuciones en el \u00e1mbito empresarial y medioambiental, Walker fue galardonado con un OBE durante los Honores de Cumplea\u00f1os de 2022.<\/p>\n<\/div>\n<p><\/body><\/p>\n","protected":false},"excerpt":{"rendered":"<p>Richard Walker, quien lidera la cadena de supermercados Iceland, est\u00e1 a punto de recibir una nominaci\u00f3n para un t\u00edtulo nobiliario en el Partido Laborista, seg\u00fan lo han confirmado fuentes cercanas al partido. Los informantes indican que Walker es reconocido como \u00abun defensor comprometido de las familias que enfrentan dificultades econ\u00f3micas\u00bb y se espera que se [&hellip;]<\/p>\n","protected":false},"author":23,"featured_media":163960,"comment_status":"open","ping_status":"open","sticky":false,"template":"","format":"standard","meta":{"_acf_changed":false,"inline_featured_image":false,"footnotes":""},"categories":[472],"tags":[],"class_list":["post-163964","post","type-post","status-publish","format-standard","has-post-thumbnail","hentry","category-politics-laws"],"acf":[],"_links":{"self":[{"href":"https:\/\/pointer-news.com\/es\/wp-json\/wp\/v2\/posts\/163964","targetHints":{"allow":["GET"]}}],"collection":[{"href":"https:\/\/pointer-news.com\/es\/wp-json\/wp\/v2\/posts"}],"about":[{"href":"https:\/\/pointer-news.com\/es\/wp-json\/wp\/v2\/types\/post"}],"author":[{"embeddable":true,"href":"https:\/\/pointer-news.com\/es\/wp-json\/wp\/v2\/users\/23"}],"replies":[{"embeddable":true,"href":"https:\/\/pointer-news.com\/es\/wp-json\/wp\/v2\/comments?post=163964"}],"version-history":[{"count":1,"href":"https:\/\/pointer-news.com\/es\/wp-json\/wp\/v2\/posts\/163964\/revisions"}],"predecessor-version":[{"id":163965,"href":"https:\/\/pointer-news.com\/es\/wp-json\/wp\/v2\/posts\/163964\/revisions\/163965"}],"wp:featuredmedia":[{"embeddable":true,"href":"https:\/\/pointer-news.com\/es\/wp-json\/wp\/v2\/media\/163960"}],"wp:attachment":[{"href":"https:\/\/pointer-news.com\/es\/wp-json\/wp\/v2\/media?parent=163964"}],"wp:term":[{"taxonomy":"category","embeddable":true,"href":"https:\/\/pointer-news.com\/es\/wp-json\/wp\/v2\/categories?post=163964"},{"taxonomy":"post_tag","embeddable":true,"href":"https:\/\/pointer-news.com\/es\/wp-json\/wp\/v2\/tags?post=163964"}],"curies":[{"name":"wp","href":"https:\/\/api.w.org\/{rel}","templated":true}]}}