{"id":163991,"date":"2025-12-07T18:11:05","date_gmt":"2025-12-07T16:11:05","guid":{"rendered":"https:\/\/pointer-news.com\/?p=163991"},"modified":"2025-12-07T18:11:09","modified_gmt":"2025-12-07T16:11:09","slug":"starmer-confirma-el-esperado-regreso-de-rayner-al-gabinete","status":"publish","type":"post","link":"https:\/\/pointer-news.com\/es\/starmer-confirma-el-esperado-regreso-de-rayner-al-gabinete\/","title":{"rendered":"Starmer Confirma el Esperado Regreso de Rayner al Gabinete"},"content":{"rendered":"<p><body><\/p>\n<div class=\"article-content\">\n<p>Sir Keir Starmer ha manifestado su confianza en que Angela Rayner, a quien describe como una persona \u00abinmensamente talentosa\u00bb, regresar\u00e1 al gabinete tras su renuncia relacionada con un esc\u00e1ndalo fiscal.<\/p>\n<p>Rayner, quien ocup\u00f3 anteriormente el cargo de viceprimer ministra, dimiti\u00f3 en septiembre despu\u00e9s de que se revelara que no hab\u00eda pagado el impuesto de timbre correcto sobre su piso de 800,000 libras en Hove.<\/p>\n<p>Despu\u00e9s de una revisi\u00f3n, se determin\u00f3 que, aunque hab\u00eda \u00abactuado con integridad\u00bb, su falta de asesor\u00eda fiscal precisa durante la transacci\u00f3n inmobiliaria no cumpli\u00f3 con los est\u00e1ndares esperados de un ministro.<\/p>\n<h2>Apoyo de Starmer a Rayner<\/h2>\n<p>En una entrevista con The Observer, el primer ministro subray\u00f3 que Rayner sigue siendo una figura importante dentro del movimiento laborista.<\/p>\n<p>Starmer coment\u00f3 que su trayectoria, proveniente de un entorno desfavorecido y dejando la escuela a los 16 a\u00f1os, representa \u00abla narrativa de movilidad social m\u00e1s significativa que este pa\u00eds haya visto jam\u00e1s\u00bb.<\/p>\n<p>Al ser interrogado sobre si extra\u00f1aba su presencia en el gobierno, respondi\u00f3 de manera franca: \u00abS\u00ed, realmente la extra\u00f1o. Me entristeci\u00f3 bastante su partida\u00bb.<\/p>\n<h2>Futuro en el Gabinete<\/h2>\n<p>Cuando se le pregunt\u00f3 acerca de su posible regreso al gabinete, afirm\u00f3: \u00abS\u00ed. Ella es incre\u00edblemente talentosa\u00bb. Estas declaraciones son m\u00e1s definitivas en comparaci\u00f3n con los comentarios que hab\u00eda hecho anteriormente sobre Rayner, quien tambi\u00e9n ocup\u00f3 los cargos de vice-l\u00edder del Partido Laborista y secretaria de vivienda.<\/p>\n<p>Durante una cumbre del G20 el mes pasado, Starmer hab\u00eda declarado que \u00ababsolutamente\u00bb quer\u00eda que ella regresara al gobierno \u00aben alg\u00fan momento\u00bb.<\/p>\n<h2>Transici\u00f3n de Liderazgo<\/h2>\n<p>Tras la renuncia de Rayner, Lucy Powell, otra exmiembro del gabinete, ha asumido el papel de vice-l\u00edder laborista mediante una elecci\u00f3n entre los miembros del partido.<\/p>\n<p>Desde su salida, Rayner ha permanecido en gran medida alejada del foco pol\u00edtico, hablando solo una vez en la C\u00e1mara de los Comunes desde su salida, adem\u00e1s de su declaraci\u00f3n de renuncia.<\/p>\n<h2>Esfuerzos Legislativos<\/h2>\n<p>La diputada por Ashton-under-Lyne, quien desempe\u00f1\u00f3 un papel crucial en la elaboraci\u00f3n de la legislaci\u00f3n sobre derechos laborales del gobierno, se esperaba que propusiera una enmienda al proyecto de ley la pr\u00f3xima semana. Esta enmienda ten\u00eda como objetivo abordar las nuevas medidas contra el despido injusto, que los ministros han diluido desde entonces.<\/p>\n<p>No obstante, tras discusiones con el Secretario de Negocios, Peter Kyle, decidi\u00f3 retirar la enmienda propuesta, que habr\u00eda acelerado la implementaci\u00f3n de nuevos derechos en un a\u00f1o.<\/p>\n<p>Pat McFadden, el Secretario de Estado para el Trabajo y Pensiones, coment\u00f3 en Sky News que Rayner posee un talento excepcional y ser\u00eda bienvenida de nuevo, aunque observ\u00f3 que tal decisi\u00f3n recae en \u00faltima instancia en el primer ministro.<\/p>\n<\/div>\n<p><\/body><\/p>\n","protected":false},"excerpt":{"rendered":"<p>Sir Keir Starmer ha manifestado su confianza en que Angela Rayner, a quien describe como una persona \u00abinmensamente talentosa\u00bb, regresar\u00e1 al gabinete tras su renuncia relacionada con un esc\u00e1ndalo fiscal. Rayner, quien ocup\u00f3 anteriormente el cargo de viceprimer ministra, dimiti\u00f3 en septiembre despu\u00e9s de que se revelara que no hab\u00eda pagado el impuesto de timbre [&hellip;]<\/p>\n","protected":false},"author":23,"featured_media":163987,"comment_status":"open","ping_status":"open","sticky":false,"template":"","format":"standard","meta":{"_acf_changed":false,"inline_featured_image":false,"footnotes":""},"categories":[472],"tags":[],"class_list":["post-163991","post","type-post","status-publish","format-standard","has-post-thumbnail","hentry","category-politics-laws"],"acf":[],"_links":{"self":[{"href":"https:\/\/pointer-news.com\/es\/wp-json\/wp\/v2\/posts\/163991","targetHints":{"allow":["GET"]}}],"collection":[{"href":"https:\/\/pointer-news.com\/es\/wp-json\/wp\/v2\/posts"}],"about":[{"href":"https:\/\/pointer-news.com\/es\/wp-json\/wp\/v2\/types\/post"}],"author":[{"embeddable":true,"href":"https:\/\/pointer-news.com\/es\/wp-json\/wp\/v2\/users\/23"}],"replies":[{"embeddable":true,"href":"https:\/\/pointer-news.com\/es\/wp-json\/wp\/v2\/comments?post=163991"}],"version-history":[{"count":1,"href":"https:\/\/pointer-news.com\/es\/wp-json\/wp\/v2\/posts\/163991\/revisions"}],"predecessor-version":[{"id":163992,"href":"https:\/\/pointer-news.com\/es\/wp-json\/wp\/v2\/posts\/163991\/revisions\/163992"}],"wp:featuredmedia":[{"embeddable":true,"href":"https:\/\/pointer-news.com\/es\/wp-json\/wp\/v2\/media\/163987"}],"wp:attachment":[{"href":"https:\/\/pointer-news.com\/es\/wp-json\/wp\/v2\/media?parent=163991"}],"wp:term":[{"taxonomy":"category","embeddable":true,"href":"https:\/\/pointer-news.com\/es\/wp-json\/wp\/v2\/categories?post=163991"},{"taxonomy":"post_tag","embeddable":true,"href":"https:\/\/pointer-news.com\/es\/wp-json\/wp\/v2\/tags?post=163991"}],"curies":[{"name":"wp","href":"https:\/\/api.w.org\/{rel}","templated":true}]}}