{"id":167378,"date":"2025-12-15T19:03:03","date_gmt":"2025-12-15T17:03:03","guid":{"rendered":"https:\/\/pointer-news.com\/?p=167378"},"modified":"2025-12-15T19:03:26","modified_gmt":"2025-12-15T17:03:26","slug":"el-gobierno-esta-cerca-de-finalizar-la-definicion-de-odio-anti-musulman","status":"publish","type":"post","link":"https:\/\/pointer-news.com\/es\/el-gobierno-esta-cerca-de-finalizar-la-definicion-de-odio-anti-musulman\/","title":{"rendered":"El gobierno est\u00e1 cerca de finalizar la definici\u00f3n de odio anti-musulm\u00e1n"},"content":{"rendered":"<p><body><\/p>\n<div class=\"article-content\">\n<div>\n<p>El gobierno se encuentra en la fase de perfeccionamiento de una definici\u00f3n propuesta de odio anti-musulm\u00e1n, excluyendo notablemente el t\u00e9rmino \u00abIslamofobia\u00bb. Este borrador ha sido elaborado por el grupo de trabajo sobre Islamofobia\/Odio Anti-Musulm\u00e1n, que ha presentado su redacci\u00f3n para consulta con diversas partes interesadas.<\/p>\n<p>Los defensores de la libertad de expresi\u00f3n han expresado su preocupaci\u00f3n de que la incorporaci\u00f3n de protecciones para \u00abIslamofobia\u00bb podr\u00eda obstaculizar la capacidad de criticar la religi\u00f3n misma. Mientras tanto, los miembros del grupo de trabajo sostienen que su definici\u00f3n protege a los individuos mientras evita interferencias excesivas.<\/p>\n<p>Establecido en febrero, este grupo de trabajo fue encargado de elaborar una definici\u00f3n operativa de odio anti-musulm\u00e1n\/Islamofobia. Su propuesta fue entregada al gobierno en octubre y se pretende que no sea vinculante legalmente, lo que significa que no tendr\u00e1 car\u00e1cter obligatorio, pero busca proporcionar un marco que las entidades p\u00fablicas puedan adoptar.<\/p>\n<\/div>\n<div>\n<p>Esta definici\u00f3n act\u00faa como una gu\u00eda para el gobierno y organismos relacionados, ayud\u00e1ndoles a reconocer y cuantificar los prejuicios y delitos de odio dirigidos hacia los musulmanes. El borrador establece: \u00abLa hostilidad anti-musulmana implica participar o promover actos criminales, incluyendo violencia, vandalismo de propiedad y acoso\u2014ya sea f\u00edsico, verbal, escrito o digital\u2014dirigidos a musulmanes o individuos percibidos como musulmanes debido a su religi\u00f3n, etnicidad o apariencia.\u00bb<\/p>\n<p>Adem\u00e1s, aborda los estereotipos perjudiciales y la racializaci\u00f3n de los musulmanes como un colectivo, incitando el odio contra ellos, sin importar sus creencias o acciones individuales. Tambi\u00e9n incluye pr\u00e1cticas discriminatorias que perjudican a los musulmanes en dominios p\u00fablicos y econ\u00f3micos.<\/p>\n<p>Recientemente, el grupo de trabajo se reuni\u00f3 para discutir las revisiones propuestas por el Ministerio de Vivienda, Comunidades y Gobierno Local. Los informes sugieren que un punto controvertido es la inclusi\u00f3n del t\u00e9rmino \u00abracializaci\u00f3n\u00bb dentro de la definici\u00f3n.<\/p>\n<\/div>\n<div>\n<p>La baronesa Gohir, miembro del grupo, afirm\u00f3 que su propuesta mantiene un equilibrio adecuado al proteger a los individuos mientras evita un alcance excesivo. Subray\u00f3 que los musulmanes a menudo son atacados no solo por sus creencias, sino tambi\u00e9n por su apariencia, raza y otras caracter\u00edsticas, y la inclusi\u00f3n de la racializaci\u00f3n afirma estas experiencias vividas.<\/p>\n<p>Sin embargo, la Uni\u00f3n por la Libertad de Expresi\u00f3n expresa su preocupaci\u00f3n de que cualquier definici\u00f3n de odio anti-musulm\u00e1n podr\u00eda invadir los derechos a la libertad de expresi\u00f3n, introduciendo potencialmente una ley de blasfemia de facto. Lord Toby Young, director del grupo de campa\u00f1a, argument\u00f3 que la definici\u00f3n es innecesaria, ya que las leyes existentes ya criminalizan la incitaci\u00f3n al odio religioso y proh\u00edben la discriminaci\u00f3n basada en la religi\u00f3n.<\/p>\n<p>Advirti\u00f3 que otorgar a los musulmanes protecciones adicionales, no disponibles para otras religiones, podr\u00eda escalar inadvertidamente el sentimiento anti-musulm\u00e1n en lugar de disminuirlo. Por otro lado, el ex Fiscal General Dominic Grieve, quien preside el grupo de trabajo, sostiene firmemente que la redacci\u00f3n no infringir\u00e1 los derechos a la libertad de expresi\u00f3n.<\/p>\n<\/div>\n<div>\n<p>Grieve declar\u00f3: \u00abLa revisi\u00f3n realizada por el grupo de trabajo opera dentro de un marco que asegura que ninguna definici\u00f3n de odio anti-musulm\u00e1n afectar\u00e1 negativamente la libertad de expresi\u00f3n, incluyendo el derecho a criticar el islam y sus pr\u00e1cticas. El grupo ha mantenido consistentemente este principio en mente mientras asesora al gobierno.\u00bb<\/p>\n<p>Un representante del Ministerio de Vivienda, Comunidades y Gobierno Local se neg\u00f3 a comentar sobre documentos filtrados, pero destac\u00f3 el aumento de los delitos de odio, especialmente los incidentes anti-musulmanes, que han alcanzado niveles r\u00e9cord.<\/p>\n<p>Seg\u00fan las estad\u00edsticas del Ministerio del Interior, hubo un aumento del<strong>19%<\/strong>en los delitos de odio religioso contra musulmanes el a\u00f1o pasado, con picos notables tras los asesinatos de Southport y los disturbios relacionados durante el verano.<\/p>\n<\/div>\n<div>\n<p>El Partido Laborista se hab\u00eda comprometido previamente a establecer una nueva definici\u00f3n de Islamofobia despu\u00e9s de que la \u00faltima administraci\u00f3n conservadora desechara una iniciativa de partido cruzado en<time>2019<\/time>. El Grupo Parlamentario de Todos los Partidos sobre Musulmanes Brit\u00e1nicos hab\u00eda caracterizado la Islamofobia como \u00abarraigada en el racismo\u00bb y como una forma de racismo que ataca las expresiones de identidad musulmana.<\/p>\n<p>Los cr\u00edticos afirmaron que esta definici\u00f3n anterior era demasiado vaga, lo que podr\u00eda sofocar la libertad de expresi\u00f3n. La nueva definici\u00f3n en consideraci\u00f3n representa un cambio significativo respecto a la propuesta previa adoptada por el Partido Laborista cuando estaba en la oposici\u00f3n en<time>2019<\/time>.<\/p>\n<\/div>\n<\/div>\n<p><\/body><\/p>\n","protected":false},"excerpt":{"rendered":"<p>El gobierno se encuentra en la fase de perfeccionamiento de una definici\u00f3n propuesta de odio anti-musulm\u00e1n, excluyendo notablemente el t\u00e9rmino \u00abIslamofobia\u00bb. Este borrador ha sido elaborado por el grupo de trabajo sobre Islamofobia\/Odio Anti-Musulm\u00e1n, que ha presentado su redacci\u00f3n para consulta con diversas partes interesadas. Los defensores de la libertad de expresi\u00f3n han expresado su [&hellip;]<\/p>\n","protected":false},"author":23,"featured_media":167347,"comment_status":"open","ping_status":"open","sticky":false,"template":"","format":"standard","meta":{"_acf_changed":false,"inline_featured_image":false,"footnotes":""},"categories":[472],"tags":[],"class_list":["post-167378","post","type-post","status-publish","format-standard","has-post-thumbnail","hentry","category-politics-laws"],"acf":[],"_links":{"self":[{"href":"https:\/\/pointer-news.com\/es\/wp-json\/wp\/v2\/posts\/167378","targetHints":{"allow":["GET"]}}],"collection":[{"href":"https:\/\/pointer-news.com\/es\/wp-json\/wp\/v2\/posts"}],"about":[{"href":"https:\/\/pointer-news.com\/es\/wp-json\/wp\/v2\/types\/post"}],"author":[{"embeddable":true,"href":"https:\/\/pointer-news.com\/es\/wp-json\/wp\/v2\/users\/23"}],"replies":[{"embeddable":true,"href":"https:\/\/pointer-news.com\/es\/wp-json\/wp\/v2\/comments?post=167378"}],"version-history":[{"count":1,"href":"https:\/\/pointer-news.com\/es\/wp-json\/wp\/v2\/posts\/167378\/revisions"}],"predecessor-version":[{"id":167388,"href":"https:\/\/pointer-news.com\/es\/wp-json\/wp\/v2\/posts\/167378\/revisions\/167388"}],"wp:featuredmedia":[{"embeddable":true,"href":"https:\/\/pointer-news.com\/es\/wp-json\/wp\/v2\/media\/167347"}],"wp:attachment":[{"href":"https:\/\/pointer-news.com\/es\/wp-json\/wp\/v2\/media?parent=167378"}],"wp:term":[{"taxonomy":"category","embeddable":true,"href":"https:\/\/pointer-news.com\/es\/wp-json\/wp\/v2\/categories?post=167378"},{"taxonomy":"post_tag","embeddable":true,"href":"https:\/\/pointer-news.com\/es\/wp-json\/wp\/v2\/tags?post=167378"}],"curies":[{"name":"wp","href":"https:\/\/api.w.org\/{rel}","templated":true}]}}