{"id":167382,"date":"2025-12-15T19:03:14","date_gmt":"2025-12-15T17:03:14","guid":{"rendered":"https:\/\/pointer-news.com\/?p=167382"},"modified":"2025-12-15T19:03:28","modified_gmt":"2025-12-15T17:03:28","slug":"el-gobierno-esta-cerca-de-completar-la-definicion-de-odio-anti-musulman","status":"publish","type":"post","link":"https:\/\/pointer-news.com\/es\/el-gobierno-esta-cerca-de-completar-la-definicion-de-odio-anti-musulman\/","title":{"rendered":"El gobierno est\u00e1 cerca de completar la definici\u00f3n de odio anti-musulm\u00e1n"},"content":{"rendered":"<p><body><\/p>\n<div class=\"article-content\">\n<div>\n<p>El gobierno se encuentra avanzando hacia la finalizaci\u00f3n de una definici\u00f3n de odio anti-musulm\u00e1n, dejando notablemente de lado el t\u00e9rmino \u00abislamofobia\u00bb. Este borrador, elaborado por el grupo de trabajo sobre islamofobia\/odio anti-musulm\u00e1n, ha sido compartido con diversos interesados para recibir retroalimentaci\u00f3n.<\/p>\n<p>Los defensores de la libertad de expresi\u00f3n han expresado su preocupaci\u00f3n, argumentando que las protecciones para el t\u00e9rmino \u00abislamofobia\u00bb podr\u00edan limitar la capacidad de criticar la religi\u00f3n misma. Los miembros del grupo de trabajo sostienen que su definici\u00f3n protege efectivamente a los individuos mientras evita interpretaciones excesivas.<\/p>\n<p>Establecido en febrero, el grupo de trabajo fue encargado de crear una definici\u00f3n de odio anti-musulm\u00e1n e islamofobia. Presentaron sus recomendaciones al gobierno en octubre, las cuales servir\u00e1n como una gu\u00eda no vinculante, lo que significa que no tendr\u00e1 peso legal, pero estar\u00e1 disponible para que los organismos p\u00fablicos la adopten.<\/p>\n<p>Este objetivo busca ayudar al gobierno y a organizaciones relacionadas a reconocer y abordar comportamientos inapropiados hacia los musulmanes, mejorando en \u00faltima instancia su comprensi\u00f3n sobre prejuicios y cr\u00edmenes de odio dirigidos a este grupo demogr\u00e1fico.<\/p>\n<\/div>\n<div>\n<h2>Comprendiendo la Definici\u00f3n Propuesta<\/h2>\n<p>El lenguaje propuesto define la hostilidad anti-musulmana como acciones que fomentan o incitan comportamientos delictivos, incluyendo violencia, da\u00f1os a la propiedad y acoso\u2014ya sea de manera f\u00edsica, verbal, escrita o electr\u00f3nica\u2014contra musulmanes o individuos percibidos como tales, bas\u00e1ndose en su fe, etnicidad o apariencia.<\/p>\n<p>Adem\u00e1s, abarca estereotipos perjudiciales y la racializaci\u00f3n de los musulmanes como un ente colectivo con rasgos fijos, destinado a alimentar la animosidad, independientemente de las creencias o acciones reales de los individuos. La definici\u00f3n tambi\u00e9n aborda pr\u00e1cticas discriminatorias dirigidas a desventajar a los musulmanes en esferas p\u00fablicas y econ\u00f3micas.<\/p>\n<\/div>\n<h2>Comprendiendo la Definici\u00f3n Propuesta<\/h2>\n<div>\n<h2>Debate y Discusi\u00f3n Dentro del Grupo de Trabajo<\/h2>\n<p>La semana pasada, el grupo de trabajo se reuni\u00f3 para discutir posibles revisiones sugeridas por el Ministerio de Vivienda, Comunidades y Gobierno Local. Un punto controvertido parece ser la inclusi\u00f3n del t\u00e9rmino \u00abracializaci\u00f3n\u00bb en la definici\u00f3n propuesta.<\/p>\n<p>La Baronesa Gohir, miembro del grupo de trabajo, expres\u00f3 que su presentaci\u00f3n encuentra un equilibrio adecuado al proteger a los individuos sin exceder los l\u00edmites. A\u00f1adi\u00f3 que la definici\u00f3n reconoce que los musulmanes a menudo enfrentan discriminaci\u00f3n no solo por sus creencias, sino tambi\u00e9n por su apariencia, etnicidad u otras caracter\u00edsticas.<\/p>\n<blockquote>\n<p>\u201cIncorporar el aspecto de la racializaci\u00f3n afirma estas experiencias vividas\u201d, coment\u00f3.<\/p>\n<\/blockquote>\n<\/div>\n<h2>Debate y Discusi\u00f3n Dentro del Grupo de Trabajo<\/h2>\n<div>\n<h2>Preocupaciones Sobre la Libertad de Expresi\u00f3n<\/h2>\n<p>La Uni\u00f3n de Libertad de Expresi\u00f3n ha manifestado su inquietud de que cualquier definici\u00f3n de odio anti-musulm\u00e1n podr\u00eda restringir la libertad de expresi\u00f3n e introducir inadvertidamente una ley de blasfemia. Lord Toby Young, director del grupo de campa\u00f1a, enfatiz\u00f3 que la definici\u00f3n es redundante ya que incitar al odio religioso ya es un delito, y la discriminaci\u00f3n basada en religi\u00f3n o creencias es ilegal.<\/p>\n<p>Advirti\u00f3 que otorgar protecciones a los musulmanes que no est\u00e1n disponibles para otras religiones podr\u00eda parad\u00f3jicamente aumentar el sentimiento anti-musulm\u00e1n en lugar de disminuirlo.<\/p>\n<p>Dominic Grieve, ex Fiscal General y presidente del grupo de trabajo, afirm\u00f3 con firmeza que el lenguaje propuesto no infringe el derecho a la libertad de expresi\u00f3n. Coment\u00f3:<\/p>\n<blockquote>\n<p>\u201cEl marco establecido por el grupo de trabajo asegura que ninguna definici\u00f3n de odio anti-musulm\u00e1n afectar\u00e1 negativamente la libertad de expresi\u00f3n, incluida la cr\u00edtica al islam y sus pr\u00e1cticas.\u201d<\/p>\n<\/blockquote>\n<\/div>\n<h2>Preocupaciones Sobre la Libertad de Expresi\u00f3n<\/h2>\n<div>\n<h2>Compromiso del Gobierno para Abordar Cr\u00edmenes de Odio<\/h2>\n<p>Un portavoz del Ministerio de Vivienda, Comunidades y Gobierno Local se abstuvo de comentar sobre las filtraciones, pero enfatiz\u00f3 su compromiso para combatir el odio y el extremismo en todas sus formas. Comentaron: \u201cCon el aumento de los cr\u00edmenes de odio, particularmente aquellos dirigidos a los musulmanes, nos estamos enfocando en abordar este problema de manera integral.\u201d<\/p>\n<p>Las estad\u00edsticas indican un aumento del<strong>19%<\/strong>en los cr\u00edmenes de odio religioso contra musulmanes en el \u00faltimo a\u00f1o, con picos notables tras los asesinatos de Southport y los disturbios subsiguientes el verano pasado.<\/p>\n<p>El Partido Laborista se comprometi\u00f3 previamente a establecer una nueva definici\u00f3n de islamofobia despu\u00e9s de que una propuesta de todos los partidos fuera rechazada por el \u00faltimo gobierno conservador en<time datetime=\"2019-01-01\">2019<\/time>. El Grupo Parlamentario de Todos los Partidos sobre Musulmanes Brit\u00e1nicos hab\u00eda descrito la islamofobia como \u00abarraigada en el racismo\u00bb y como una forma de racismo que ataca expresiones de identidad musulmana.<\/p>\n<p>Sin embargo, los cr\u00edticos argumentaron que esta definici\u00f3n era excesivamente vaga y podr\u00eda sofocar la libertad de expresi\u00f3n. El borrador actual que est\u00e1 siendo considerado por el gobierno presenta un cambio con respecto a esta propuesta anterior, que fue oficialmente adoptada por el Partido Laborista durante su tiempo en la oposici\u00f3n.<\/p>\n<\/div>\n<h2>Compromiso del Gobierno para Abordar Cr\u00edmenes de Odio<\/h2>\n<\/div>\n<p><\/body><\/p>\n","protected":false},"excerpt":{"rendered":"<p>El gobierno se encuentra avanzando hacia la finalizaci\u00f3n de una definici\u00f3n de odio anti-musulm\u00e1n, dejando notablemente de lado el t\u00e9rmino \u00abislamofobia\u00bb. Este borrador, elaborado por el grupo de trabajo sobre islamofobia\/odio anti-musulm\u00e1n, ha sido compartido con diversos interesados para recibir retroalimentaci\u00f3n. Los defensores de la libertad de expresi\u00f3n han expresado su preocupaci\u00f3n, argumentando que las [&hellip;]<\/p>\n","protected":false},"author":23,"featured_media":167344,"comment_status":"open","ping_status":"open","sticky":false,"template":"","format":"standard","meta":{"_acf_changed":false,"inline_featured_image":false,"footnotes":""},"categories":[472],"tags":[],"class_list":["post-167382","post","type-post","status-publish","format-standard","has-post-thumbnail","hentry","category-politics-laws"],"acf":[],"_links":{"self":[{"href":"https:\/\/pointer-news.com\/es\/wp-json\/wp\/v2\/posts\/167382","targetHints":{"allow":["GET"]}}],"collection":[{"href":"https:\/\/pointer-news.com\/es\/wp-json\/wp\/v2\/posts"}],"about":[{"href":"https:\/\/pointer-news.com\/es\/wp-json\/wp\/v2\/types\/post"}],"author":[{"embeddable":true,"href":"https:\/\/pointer-news.com\/es\/wp-json\/wp\/v2\/users\/23"}],"replies":[{"embeddable":true,"href":"https:\/\/pointer-news.com\/es\/wp-json\/wp\/v2\/comments?post=167382"}],"version-history":[{"count":1,"href":"https:\/\/pointer-news.com\/es\/wp-json\/wp\/v2\/posts\/167382\/revisions"}],"predecessor-version":[{"id":167394,"href":"https:\/\/pointer-news.com\/es\/wp-json\/wp\/v2\/posts\/167382\/revisions\/167394"}],"wp:featuredmedia":[{"embeddable":true,"href":"https:\/\/pointer-news.com\/es\/wp-json\/wp\/v2\/media\/167344"}],"wp:attachment":[{"href":"https:\/\/pointer-news.com\/es\/wp-json\/wp\/v2\/media?parent=167382"}],"wp:term":[{"taxonomy":"category","embeddable":true,"href":"https:\/\/pointer-news.com\/es\/wp-json\/wp\/v2\/categories?post=167382"},{"taxonomy":"post_tag","embeddable":true,"href":"https:\/\/pointer-news.com\/es\/wp-json\/wp\/v2\/tags?post=167382"}],"curies":[{"name":"wp","href":"https:\/\/api.w.org\/{rel}","templated":true}]}}