{"id":170609,"date":"2026-01-04T22:02:22","date_gmt":"2026-01-04T20:02:22","guid":{"rendered":"https:\/\/pointer-news.com\/?p=170609"},"modified":"2026-01-04T22:02:27","modified_gmt":"2026-01-04T20:02:27","slug":"starmer-afirma-su-compromiso-ante-desafios-politicos","status":"publish","type":"post","link":"https:\/\/pointer-news.com\/es\/starmer-afirma-su-compromiso-ante-desafios-politicos\/","title":{"rendered":"Starmer Afirma Su Compromiso Ante Desaf\u00edos Pol\u00edticos"},"content":{"rendered":"<p><body><\/p>\n<div class=\"article-content\">\n<p>En nuestra conversaci\u00f3n, Sir Keir Starmer declar\u00f3 con confianza: \u00abOcupar\u00e9 este puesto para 2027,\u00bb a\u00f1adiendo un comentario en tono humor\u00edstico que suger\u00eda que si el di\u00e1logo resultaba bien, nos invitar\u00eda de nuevo a Downing Street el pr\u00f3ximo a\u00f1o.<\/p>\n<p>Es raro que los primeros ministros disfruten de un verdadero descanso de sus responsabilidades. Justo una hora antes de nuestra reuni\u00f3n, Sir Keir hab\u00eda estado dialogando con el presidente de Ucrania, Volodymyr Zelensky, al tiempo que lidiaba con la complicada situaci\u00f3n en Venezuela, donde su aliado pol\u00edtico, el presidente de EE.UU., Donald Trump, hab\u00eda lanzado una ofensiva contra su l\u00edder, Nicol\u00e1s Maduro.<\/p>\n<p>Al finalizar nuestra extensa entrevista, Maduro enfrentaba cargos en Nueva York, lo que subraya la acelerada din\u00e1mica pol\u00edtica. A medida que se acerca 2027, Sir Keir parece renovado, quiz\u00e1s incluso revitalizado tras disfrutar de tiempo en familia en Chequers, la residencia campestre del primer ministro.<\/p>\n<p>Esta energ\u00eda renovada parece haber mejorado su \u00e1nimo en comparaci\u00f3n con el sombr\u00edo final de 2025, un a\u00f1o dif\u00edcil para \u00e9l en lo pol\u00edtico. Sin embargo, cabe preguntarse si \u00e9l y sus seguidores est\u00e1n siendo demasiado optimistas sobre un posible cambio en su suerte.<\/p>\n<p>La dura realidad para Sir Keir es que muchos dentro de su partido cuestionan su eficacia como l\u00edder. Varios colegas podr\u00edan preferir arriesgarse y reemplazarlo m\u00e1s pronto que tarde.<\/p>\n<p>Durante nuestra discusi\u00f3n del s\u00e1bado por la ma\u00f1ana, insisti\u00f3 firmemente en que ser\u00eda \u00abevaluado en las elecciones generales,\u00bb subrayando que nadie podr\u00eda despojarlo de su mandato de cinco a\u00f1os, incluso si la opci\u00f3n m\u00e1s viable para evitar que Nigel Farage y Reform UK llegaran a No. 10 podr\u00eda implicar un cambio de liderazgo dentro del Partido Laborista.<\/p>\n<blockquote><p>\u00abEsta es la lucha de nuestros tiempos y tengo la intenci\u00f3n de liderar,\u00bb afirm\u00f3.<\/p><\/blockquote>\n<p>No obstante, Sir Keir se enfrenta a un examen antes de esa elecci\u00f3n general, con importantes elecciones locales programadas para mayo en todo el Reino Unido. Aunque intent\u00f3 restarles importancia, argumentando que se refieren a consejos y gobiernos locales en Holyrood o Cardiff, es innegable que No. 10 tambi\u00e9n ser\u00e1 evaluado en funci\u00f3n de estos comicios.<\/p>\n<p>A pesar de ello, Sir Keir mantuvo que no contemplar\u00eda la idea de renunciar, incluso si su partido se enfrentara a un resultado complicado en esas elecciones. Atribuy\u00f3 su falta de popularidad a la comprensible impaciencia del p\u00fablico por el progreso, esforz\u00e1ndose por convencer tanto a m\u00ed como a la audiencia en general de que este a\u00f1o dar\u00eda resultados diferentes.<\/p>\n<p>Expres\u00f3 optimismo sobre las mejoras econ\u00f3micas, a pesar del aumento en los niveles de desempleo, a medida que las iniciativas del tumultuoso primer a\u00f1o del gobierno comienzan a dar frutos. Adem\u00e1s, se comprometi\u00f3 a eliminar los hoteles de asilo antes de la fecha l\u00edmite de 2029, aunque se abstuvo de especificar una fecha concreta.<\/p>\n<p>Asimismo, insinu\u00f3, aunque con cautela, que un acuerdo de paz en Ucrania parece m\u00e1s plausible que en cualquier momento desde la invasi\u00f3n a gran escala de Rusia. Por primera vez, revel\u00f3 que los aliados occidentales estaban involucrados en discusiones sobre la integraci\u00f3n de fuerzas estadounidenses y europeas para garantizar la seguridad de Ucrania mientras se desarrolla un posible acuerdo de paz.<\/p>\n<blockquote><p>\u00abEste a\u00f1o, daremos la vuelta a la situaci\u00f3n,\u00bb declar\u00f3 enf\u00e1ticamente.<\/p><\/blockquote>\n<p>Si bien el primer ministro mostr\u00f3 m\u00e1s entusiasmo durante nuestro intercambio que lo que hab\u00eda observado en mucho tiempo, quiz\u00e1s sinti\u00e9ndose m\u00e1s relajado, sus argumentos familiares a favor de un enfoque m\u00e1s en\u00e9rgico en la gobernanza persisten. En tiempos de agitaci\u00f3n pol\u00edtica, \u00bfes hora de que adopte una nueva narrativa?<\/p>\n<p>Ninguna administraci\u00f3n, especialmente una que lidia con una prolongada falta de popularidad, puede esperar dictar t\u00e9rminos sin oposici\u00f3n. Las dificultades de Sir Keir no solo provienen de los desaf\u00edos inherentes a la gobernanza, sino tambi\u00e9n de errores cometidos por \u00e9l y su equipo en las semanas recientes.<\/p>\n<p>Se mostr\u00f3 arrepentido por su declaraci\u00f3n anterior sobre su \u00abdeleite\u00bb al recibir de vuelta al activista egipcio-brit\u00e1nico Alaa Abd El Fattah en el Reino Unido, tras las cr\u00edticas por comentarios resurgidos que inclu\u00edan llamados a la violencia contra la polic\u00eda y los sionistas. Sir Keir atribuy\u00f3 la falta a \u00abel sistema,\u00bb un eufemismo para desviar la culpa de s\u00ed mismo.<\/p>\n<p>A medida que el a\u00f1o comienza, se est\u00e1 exponiendo a riesgos pol\u00edticos significativos. Su asociaci\u00f3n con el presidente de EE.UU. se ha vuelto tensa tras las acciones de Trump en Venezuela. Habiendo entrevistado a Sir Keir Starmer a lo largo de los a\u00f1os, parece poco probable que \u00e9l apoye tales acciones militares, dado su pasado como abogado de derechos humanos que se opuso a la guerra en Irak.<\/p>\n<p>Se describi\u00f3 a s\u00ed mismo como un \u00abdefensor de toda la vida del derecho internacional,\u00bb aunque reconoci\u00f3 que el contexto completo de la situaci\u00f3n sigue siendo poco claro. Algunos han solicitado que condene las acciones antes de nuestra discusi\u00f3n del s\u00e1bado por la ma\u00f1ana, y el gobierno probablemente enfrentar\u00e1 una creciente presi\u00f3n para articular una posici\u00f3n clara en el Parlamento pronto.<\/p>\n<p>Adem\u00e1s, dentro del Partido Laborista, persiste la demanda de revisar o reformular aspectos del Brexit. Aunque Sir Keir niega cualquier intenci\u00f3n de revertir decisiones tomadas durante ese per\u00edodo, su reciente compromiso de alinearse m\u00e1s estrechamente con el mercado \u00fanico\u2014la extensa zona de comercio europeo\u2014puede provocar acusaciones de que est\u00e1 retrocediendo en su promesa de mantener los resultados del Brexit.<\/p>\n<p>Su intenci\u00f3n de fomentar v\u00ednculos m\u00e1s estrechos con el mercado \u00fanico puede resonar con algunos miembros de su partido, pero tambi\u00e9n proporciona munici\u00f3n suficiente para que Reform y los Conservadores afirmen que est\u00e1 incumpliendo sus promesas. El a\u00f1o pasado, Sir Keir fue objeto de cr\u00edticas por su perspectiva excesivamente pesimista.<\/p>\n<p>Este fin de semana, parece decidido a alejarse de esa narrativa. Sin embargo, dada la gravedad de sus desaf\u00edos pol\u00edticos, me pregunto si sus intentos de optimismo podr\u00edan parecer desconectados de la realidad, tanto p\u00fablicamente como entre algunos aliados.<\/p>\n<p>Sir Keir es conocido por su enfoque pol\u00edtico cauteloso. Durante nuestro di\u00e1logo, coment\u00f3: \u00abSiempre hay una salvedad conmigo.\u00bb Sus partidarios ven esto como una admirable estabilidad, mientras que sus detractores argumentan que refleja una falta de los instintos afilados que exhiben los pol\u00edticos m\u00e1s h\u00e1biles.<\/p>\n<p>Este fin de semana, el primer ministro afirma que soportar\u00e1 el a\u00f1o que viene y que d\u00edas m\u00e1s brillantes est\u00e1n por venir. \u00bfLa salvedad significativa? No puede garantizar que tanto su partido como, lo que es m\u00e1s importante, el p\u00fablico, compartir\u00e1n su visi\u00f3n.<\/p>\n<\/div>\n<p><\/body><\/p>\n","protected":false},"excerpt":{"rendered":"<p>En nuestra conversaci\u00f3n, Sir Keir Starmer declar\u00f3 con confianza: \u00abOcupar\u00e9 este puesto para 2027,\u00bb a\u00f1adiendo un comentario en tono humor\u00edstico que suger\u00eda que si el di\u00e1logo resultaba bien, nos invitar\u00eda de nuevo a Downing Street el pr\u00f3ximo a\u00f1o. Es raro que los primeros ministros disfruten de un verdadero descanso de sus responsabilidades. Justo una hora [&hellip;]<\/p>\n","protected":false},"author":23,"featured_media":170605,"comment_status":"open","ping_status":"open","sticky":false,"template":"","format":"standard","meta":{"_acf_changed":false,"inline_featured_image":false,"footnotes":""},"categories":[472],"tags":[],"class_list":["post-170609","post","type-post","status-publish","format-standard","has-post-thumbnail","hentry","category-politics-laws"],"acf":[],"_links":{"self":[{"href":"https:\/\/pointer-news.com\/es\/wp-json\/wp\/v2\/posts\/170609","targetHints":{"allow":["GET"]}}],"collection":[{"href":"https:\/\/pointer-news.com\/es\/wp-json\/wp\/v2\/posts"}],"about":[{"href":"https:\/\/pointer-news.com\/es\/wp-json\/wp\/v2\/types\/post"}],"author":[{"embeddable":true,"href":"https:\/\/pointer-news.com\/es\/wp-json\/wp\/v2\/users\/23"}],"replies":[{"embeddable":true,"href":"https:\/\/pointer-news.com\/es\/wp-json\/wp\/v2\/comments?post=170609"}],"version-history":[{"count":1,"href":"https:\/\/pointer-news.com\/es\/wp-json\/wp\/v2\/posts\/170609\/revisions"}],"predecessor-version":[{"id":170611,"href":"https:\/\/pointer-news.com\/es\/wp-json\/wp\/v2\/posts\/170609\/revisions\/170611"}],"wp:featuredmedia":[{"embeddable":true,"href":"https:\/\/pointer-news.com\/es\/wp-json\/wp\/v2\/media\/170605"}],"wp:attachment":[{"href":"https:\/\/pointer-news.com\/es\/wp-json\/wp\/v2\/media?parent=170609"}],"wp:term":[{"taxonomy":"category","embeddable":true,"href":"https:\/\/pointer-news.com\/es\/wp-json\/wp\/v2\/categories?post=170609"},{"taxonomy":"post_tag","embeddable":true,"href":"https:\/\/pointer-news.com\/es\/wp-json\/wp\/v2\/tags?post=170609"}],"curies":[{"name":"wp","href":"https:\/\/api.w.org\/{rel}","templated":true}]}}