{"id":170729,"date":"2026-01-05T14:02:34","date_gmt":"2026-01-05T12:02:34","guid":{"rendered":"https:\/\/pointer-news.com\/?p=170729"},"modified":"2026-01-05T14:02:40","modified_gmt":"2026-01-05T12:02:40","slug":"que-motiva-el-cambio-del-primer-ministro-hacia-relaciones-europeas-mas-fuertes","status":"publish","type":"post","link":"https:\/\/pointer-news.com\/es\/que-motiva-el-cambio-del-primer-ministro-hacia-relaciones-europeas-mas-fuertes\/","title":{"rendered":"\u00bfQu\u00e9 Motiva el Cambio del Primer Ministro Hacia Relaciones Europeas M\u00e1s Fuertes?"},"content":{"rendered":"<p><body><\/p>\n<div class=\"article-content\">\n<p>El s\u00e1bado, el primer ministro realiz\u00f3 un giro significativo en la relaci\u00f3n del Reino Unido con la Uni\u00f3n Europea tras el Brexit. Este movimiento busca enviar se\u00f1ales importantes al sector empresarial, a Bruselas, a diversas capitales europeas y a los miembros de su propio partido.<\/p>\n<p>Se prev\u00e9 que las futuras relaciones econ\u00f3micas entre el Reino Unido y la UE se aborden a trav\u00e9s de una serie anual de di\u00e1logos bilaterales, en lugar de limitarse a la revisi\u00f3n formal del acuerdo existente Reino Unido-UE de este a\u00f1o. Este enfoque es la respuesta de Downing Street a las crecientes preguntas pol\u00edticas sobre una reconfiguraci\u00f3n m\u00e1s ambiciosa del Brexit que podr\u00eda incluir la reincorporaci\u00f3n a la uni\u00f3n aduanera.<\/p>\n<p>Los llamados a este cambio han cobrado fuerza entre algunos diputados laboristas, l\u00edderes sindicales y funcionarios del gabinete, especialmente influenciados por las iniciativas de los Liberales Dem\u00f3cratas en el Parlamento el a\u00f1o pasado, que culminaron en una votaci\u00f3n no vinculante.<\/p>\n<p>En una conversaci\u00f3n con un periodista, Sir Keir Starmer aclar\u00f3 que seguir esta direcci\u00f3n no es actualmente una prioridad, ya que contradice lo que \u00e9l considera un gran logro del a\u00f1o pasado: el establecimiento de acuerdos comerciales de alta calidad con Estados Unidos e India, con m\u00e1s acuerdos esperados en el Medio Oriente.<\/p>\n<p>En lugar de reincorporarse a la uni\u00f3n aduanera, Sir Keir enfatiz\u00f3 la importancia de fomentar una \u00abrelaci\u00f3n m\u00e1s estrecha\u00bb con el mercado \u00fanico, lo cual no requerir\u00eda desmantelar los acuerdos comerciales recientes establecidos en otros lugares. Afirm\u00f3: \u00abEs mejor mirar hacia el mercado \u00fanico en lugar de la uni\u00f3n aduanera para nuestra alineaci\u00f3n futura\u00bb.<\/p>\n<p>Cuando el Reino Unido sali\u00f3 oficialmente del mercado \u00fanico y de la uni\u00f3n aduanera de la UE el<time>31:12:2020<\/time>, el acuerdo de Boris Johnson prioriz\u00f3 la independencia de las regulaciones de la UE sobre el comercio fluido para los exportadores brit\u00e1nicos en el continente. Ahora, la propuesta de \u00abreinicio del Brexit\u00bb de Sir Keir prev\u00e9 alinearse con las regulaciones de la UE en tres sectores espec\u00edficos para facilitar un comercio m\u00e1s fluido: exportaciones de alimentos y productos agr\u00edcolas, electricidad y comercio de emisiones.<\/p>\n<p>El mes pasado, las C\u00e1maras de Comercio Brit\u00e1nicas publicaron un informe detallando solicitudes adicionales de varios sectores destinadas a ayudar a los exportadores a navegar por los desaf\u00edos burocr\u00e1ticos posteriores al Brexit que han afectado el comercio de bienes. Su encuesta revel\u00f3 que una abrumadora mayor\u00eda de 989 miembros empresariales consideraban que el actual acuerdo comercial Reino Unido-UE no era propicio para el crecimiento de las ventas.<\/p>\n<p>Adem\u00e1s, varios otros sectores podr\u00edan adoptar una alineaci\u00f3n similar con las regulaciones del mercado \u00fanico para mitigar los obst\u00e1culos posteriores al Brexit en la manufactura, incluyendo la industria automotriz y los productos qu\u00edmicos, as\u00ed como los arreglos del IVA.<\/p>\n<p>Las capitales europeas expresaron decepci\u00f3n por la aparente falta de ambici\u00f3n en el reinicio del a\u00f1o pasado, especialmente respecto al rechazo del Reino Unido a las propuestas para una reentrada virtual de los productos brit\u00e1nicos al mercado \u00fanico. Los detalles sobre los arreglos el\u00e9ctricos y los est\u00e1ndares de alimentos y agricultura a\u00fan deben ser finalizados.<\/p>\n<p>Una propuesta para que los fabricantes del Reino Unido participen en el fondo de pr\u00e9stamo para defensa Security Action For Europe de<strong style=\"margin-left: 0.3em; margin-right: 0.3em;\">\u20ac150 mil millones<\/strong>(<strong style=\"margin-left: 0.3em; margin-right: 0.3em;\">\u00a3131 mil millones<\/strong>) se ha estancado debido a desacuerdos sobre las cuotas de membres\u00eda, con objeciones especialmente de Francia, mientras que Canad\u00e1 ya se ha unido a la iniciativa.<\/p>\n<p>El Reino Unido ha llegado a un acuerdo para reincorporarse al programa de intercambio universitario Erasmus y est\u00e1 trabajando para negociar un esquema de empleo juvenil. Estos desarrollos han allanado el camino para m\u00e1s discusiones entre el Reino Unido y la UE.<\/p>\n<p>Fuentes dentro del gobierno del Reino Unido sugieren que la publicaci\u00f3n de la Estrategia de Seguridad Nacional (NSS) de Estados Unidos el mes pasado ha cambiado el panorama de las relaciones entre el Reino Unido y Europa. La NSS enfatiz\u00f3 la intenci\u00f3n de EE. UU. de \u00abcultivar resistencia a la trayectoria actual de Europa dentro de las naciones europeas\u00bb mientras elogiaba el ascenso de partidos patri\u00f3ticos en todo el continente.<\/p>\n<p>En Downing Street, se reconoce que el contexto global en r\u00e1pida evoluci\u00f3n contin\u00faa cambiando. En el \u00e1mbito interno, el Laborismo anticipa ser superado en el tema del Brexit no solo por los Liberales Dem\u00f3cratas, sino tambi\u00e9n por el Partido Verde, que se centra en los bastiones del Laborismo en Londres de cara a las elecciones municipales de mayo.<\/p>\n<p>Los recientes comentarios del primer ministro surgen de una compleja interacci\u00f3n de factores econ\u00f3micos, pol\u00edticos y geopol\u00edticos mientras el Reino Unido se acerca al d\u00e9cimo aniversario del refer\u00e9ndum sobre el Brexit.<\/p>\n<\/div>\n<p><\/body><\/p>\n","protected":false},"excerpt":{"rendered":"<p>El s\u00e1bado, el primer ministro realiz\u00f3 un giro significativo en la relaci\u00f3n del Reino Unido con la Uni\u00f3n Europea tras el Brexit. Este movimiento busca enviar se\u00f1ales importantes al sector empresarial, a Bruselas, a diversas capitales europeas y a los miembros de su propio partido. Se prev\u00e9 que las futuras relaciones econ\u00f3micas entre el Reino [&hellip;]<\/p>\n","protected":false},"author":23,"featured_media":170725,"comment_status":"open","ping_status":"open","sticky":false,"template":"","format":"standard","meta":{"_acf_changed":false,"inline_featured_image":false,"footnotes":""},"categories":[465],"tags":[],"class_list":["post-170729","post","type-post","status-publish","format-standard","has-post-thumbnail","hentry","category-business-finance"],"acf":[],"_links":{"self":[{"href":"https:\/\/pointer-news.com\/es\/wp-json\/wp\/v2\/posts\/170729","targetHints":{"allow":["GET"]}}],"collection":[{"href":"https:\/\/pointer-news.com\/es\/wp-json\/wp\/v2\/posts"}],"about":[{"href":"https:\/\/pointer-news.com\/es\/wp-json\/wp\/v2\/types\/post"}],"author":[{"embeddable":true,"href":"https:\/\/pointer-news.com\/es\/wp-json\/wp\/v2\/users\/23"}],"replies":[{"embeddable":true,"href":"https:\/\/pointer-news.com\/es\/wp-json\/wp\/v2\/comments?post=170729"}],"version-history":[{"count":1,"href":"https:\/\/pointer-news.com\/es\/wp-json\/wp\/v2\/posts\/170729\/revisions"}],"predecessor-version":[{"id":170731,"href":"https:\/\/pointer-news.com\/es\/wp-json\/wp\/v2\/posts\/170729\/revisions\/170731"}],"wp:featuredmedia":[{"embeddable":true,"href":"https:\/\/pointer-news.com\/es\/wp-json\/wp\/v2\/media\/170725"}],"wp:attachment":[{"href":"https:\/\/pointer-news.com\/es\/wp-json\/wp\/v2\/media?parent=170729"}],"wp:term":[{"taxonomy":"category","embeddable":true,"href":"https:\/\/pointer-news.com\/es\/wp-json\/wp\/v2\/categories?post=170729"},{"taxonomy":"post_tag","embeddable":true,"href":"https:\/\/pointer-news.com\/es\/wp-json\/wp\/v2\/tags?post=170729"}],"curies":[{"name":"wp","href":"https:\/\/api.w.org\/{rel}","templated":true}]}}