{"id":171026,"date":"2026-01-06T22:01:23","date_gmt":"2026-01-06T20:01:23","guid":{"rendered":"https:\/\/pointer-news.com\/?p=171026"},"modified":"2026-01-06T22:01:28","modified_gmt":"2026-01-06T20:01:28","slug":"badenoch-apoya-la-accion-de-eeuu-en-venezuela-como-moralmente-justificada","status":"publish","type":"post","link":"https:\/\/pointer-news.com\/es\/badenoch-apoya-la-accion-de-eeuu-en-venezuela-como-moralmente-justificada\/","title":{"rendered":"Badenoch Apoya la Acci\u00f3n de EE.UU. en Venezuela como Moralmente Justificada"},"content":{"rendered":"<p><body><\/p>\n<div class=\"article-content\">\n<p>Kemi Badenoch ha manifestado su convicci\u00f3n de que la intervenci\u00f3n militar de los Estados Unidos en Venezuela fue una acci\u00f3n moralmente justificada. En una conversaci\u00f3n con un medio de comunicaci\u00f3n, la l\u00edder del Partido Conservador admiti\u00f3 su falta de comprensi\u00f3n respecto al marco legal que respald\u00f3 la iniciativa de Donald Trump para destituir al presidente Nicol\u00e1s Maduro, pero critic\u00f3 el r\u00e9gimen opresivo de Maduro y expres\u00f3 su alivio por su destituci\u00f3n.<\/p>\n<p>A pesar de su apoyo, Badenoch expres\u00f3 inquietudes sobre las repercusiones que esta acci\u00f3n podr\u00eda tener para el derecho internacional y las normas establecidas que regulan la conducta estatal. El gobierno del Reino Unido ha evitado condenar las acciones de Estados Unidos o afirmar que hubo violaciones del derecho internacional, limit\u00e1ndose a calificar a Maduro como un l\u00edder ileg\u00edtimo.<\/p>\n<p>Las fuerzas de oposici\u00f3n, incluyendo al Partido Laborista, los Liberal Dem\u00f3cratas, el Partido Verde y el SNP, han instado al gobierno a denunciar las acciones de Trump como ilegales. Durante su intervenci\u00f3n en el programa Today de BBC Radio 4, Badenoch describi\u00f3 las acciones de EE.UU. como<\/p>\n<\/div>\n<p><\/body><\/p>\n","protected":false},"excerpt":{"rendered":"<p>Kemi Badenoch ha manifestado su convicci\u00f3n de que la intervenci\u00f3n militar de los Estados Unidos en Venezuela fue una acci\u00f3n moralmente justificada. En una conversaci\u00f3n con un medio de comunicaci\u00f3n, la l\u00edder del Partido Conservador admiti\u00f3 su falta de comprensi\u00f3n respecto al marco legal que respald\u00f3 la iniciativa de Donald Trump para destituir al presidente [&hellip;]<\/p>\n","protected":false},"author":23,"featured_media":171022,"comment_status":"open","ping_status":"open","sticky":false,"template":"","format":"standard","meta":{"_acf_changed":false,"inline_featured_image":false,"footnotes":""},"categories":[472],"tags":[],"class_list":["post-171026","post","type-post","status-publish","format-standard","has-post-thumbnail","hentry","category-politics-laws"],"acf":[],"_links":{"self":[{"href":"https:\/\/pointer-news.com\/es\/wp-json\/wp\/v2\/posts\/171026","targetHints":{"allow":["GET"]}}],"collection":[{"href":"https:\/\/pointer-news.com\/es\/wp-json\/wp\/v2\/posts"}],"about":[{"href":"https:\/\/pointer-news.com\/es\/wp-json\/wp\/v2\/types\/post"}],"author":[{"embeddable":true,"href":"https:\/\/pointer-news.com\/es\/wp-json\/wp\/v2\/users\/23"}],"replies":[{"embeddable":true,"href":"https:\/\/pointer-news.com\/es\/wp-json\/wp\/v2\/comments?post=171026"}],"version-history":[{"count":1,"href":"https:\/\/pointer-news.com\/es\/wp-json\/wp\/v2\/posts\/171026\/revisions"}],"predecessor-version":[{"id":171028,"href":"https:\/\/pointer-news.com\/es\/wp-json\/wp\/v2\/posts\/171026\/revisions\/171028"}],"wp:featuredmedia":[{"embeddable":true,"href":"https:\/\/pointer-news.com\/es\/wp-json\/wp\/v2\/media\/171022"}],"wp:attachment":[{"href":"https:\/\/pointer-news.com\/es\/wp-json\/wp\/v2\/media?parent=171026"}],"wp:term":[{"taxonomy":"category","embeddable":true,"href":"https:\/\/pointer-news.com\/es\/wp-json\/wp\/v2\/categories?post=171026"},{"taxonomy":"post_tag","embeddable":true,"href":"https:\/\/pointer-news.com\/es\/wp-json\/wp\/v2\/tags?post=171026"}],"curies":[{"name":"wp","href":"https:\/\/api.w.org\/{rel}","templated":true}]}}