{"id":171576,"date":"2026-01-10T14:02:05","date_gmt":"2026-01-10T12:02:05","guid":{"rendered":"https:\/\/pointer-news.com\/?p=171576"},"modified":"2026-01-10T14:02:10","modified_gmt":"2026-01-10T12:02:10","slug":"la-union-europea-finaliza-un-acuerdo-comercial-con-america-del-sur-tras-25-anos-de-negociaciones","status":"publish","type":"post","link":"https:\/\/pointer-news.com\/es\/la-union-europea-finaliza-un-acuerdo-comercial-con-america-del-sur-tras-25-anos-de-negociaciones\/","title":{"rendered":"La Uni\u00f3n Europea finaliza un acuerdo comercial con Am\u00e9rica del Sur tras 25 a\u00f1os de negociaciones"},"content":{"rendered":"<p><body><\/p>\n<div class=\"article-content\">\n<p>Despu\u00e9s de un cuarto de siglo de negociaciones, la Uni\u00f3n Europea ha logrado establecer un acuerdo de libre comercio con naciones sudamericanas, superando la considerable resistencia de los sectores agr\u00edcolas en varios pa\u00edses de la UE.<\/p>\n<p>Este pacto con el bloque Mercosur, que incluye a Brasil, Argentina, Paraguay y Uruguay, ahora est\u00e1 a la espera de la ratificaci\u00f3n del Parlamento Europeo en los pr\u00f3ximos meses.<\/p>\n<h2>Brasil celebra un hito<\/h2>\n<p>El presidente brasile\u00f1o Luiz Inacio Lula da Silva calific\u00f3 la ocasi\u00f3n como un \u00abmomento hist\u00f3rico para el multilateralismo\u00bb tras la finalizaci\u00f3n del acuerdo en Bruselas por parte de las cuatro naciones sudamericanas participantes.<\/p>\n<p>Este anuncio se produce en un contexto global marcado por los aranceles del presidente de EE. UU., Donald Trump, que afectan a varios pa\u00edses y sus recientes acciones militares en Venezuela.<\/p>\n<h2>El mayor acuerdo comercial de la UE hasta la fecha<\/h2>\n<p>La UE ha declarado que el acuerdo representa su trato comercial m\u00e1s significativo hasta ahora, describi\u00e9ndolo como un escenario de \u00abganar-ganar\u00bb. Sin embargo, los cr\u00edticos expresan su preocupaci\u00f3n de que una afluencia de importaciones baratas podr\u00eda perjudicar a los agricultores europeos, especialmente en sectores como la carne de res, las aves de corral y el az\u00facar.<\/p>\n<blockquote><p>\u00abEn un mundo que se inclina cada vez m\u00e1s hacia el proteccionismo, este acuerdo act\u00faa como un fuerte respaldo al comercio internacional como catalizador del progreso econ\u00f3mico, beneficiando a ambas regiones\u00bb, afirm\u00f3 el presidente Lula en X.<\/p><\/blockquote>\n<p>Ursula von der Leyen, presidenta de la Comisi\u00f3n Europea, subray\u00f3 que se espera que el acuerdo proporcione ventajas sustanciales tanto a los consumidores como a las empresas en ambos lados del Atl\u00e1ntico.<\/p>\n<h2>Protestas en toda Europa<\/h2>\n<p>Como respuesta al acuerdo, agricultores de varias naciones europeas llevaron a cabo protestas urgentes, con manifestaciones que incluyeron tractores tanto en Francia como en B\u00e9lgica.<\/p>\n<p>\u00abHay mucho dolor\u00bb, coment\u00f3 Judy Peeters, portavoz de una organizaci\u00f3n de j\u00f3venes agricultores belgas, durante una protesta en una carretera al sur de Bruselas. \u00abHay mucha ira en nuestra comunidad\u00bb.<\/p>\n<h2>Abordando las preocupaciones de los agricultores<\/h2>\n<p>Von der Leyen asegur\u00f3 que la Comisi\u00f3n ha tomado en cuenta las preocupaciones de los agricultores, implementando \u00absalvaguardias robustas\u00bb dise\u00f1adas para proteger sus medios de vida dentro del acuerdo.<\/p>\n<p>Adem\u00e1s de mejorar las relaciones comerciales y las asociaciones pol\u00edticas, la Comisi\u00f3n Europea destac\u00f3 que el acuerdo busca combatir el cambio clim\u00e1tico mediante compromisos para prevenir la deforestaci\u00f3n y garantizar un suministro confiable de materias primas esenciales para la transici\u00f3n ecol\u00f3gica global.<\/p>\n<h2>Implicaciones econ\u00f3micas<\/h2>\n<p>Seg\u00fan la Comisi\u00f3n, se proyecta que el acuerdo ahorrar\u00e1 a las empresas locales aproximadamente<strong style=\"margin-left: 0.3em; margin-right: 0.3em;\">4 mil millones de euros<\/strong>(4.7 mil millones de d\u00f3lares, 3.5 mil millones de libras) anualmente en derechos de exportaci\u00f3n.<\/p>\n<p>Las naciones sudamericanas poseen reservas significativas de oro, cobre y otros minerales cr\u00edticos vitales para las tecnolog\u00edas de energ\u00eda renovable y bater\u00edas.<\/p>\n<h2>Significado geopol\u00edtico<\/h2>\n<p>Cecilia Malmstr\u00f6m, excomisionada europea de Comercio que supervis\u00f3 las negociaciones comerciales de la UE durante cinco a\u00f1os, afirm\u00f3 que ciertos componentes del acuerdo comercial podr\u00edan ser suspendidos si los pa\u00edses de Mercosur no cumplen con sus compromisos ambientales.<\/p>\n<blockquote><p>\u00abEste acuerdo tambi\u00e9n env\u00eda un poderoso mensaje geopol\u00edtico a otras naciones que no comparten nuestro compromiso con el comercio basado en reglas\u00bb, observ\u00f3.<\/p><\/blockquote>\n<p>El viernes por la tarde, una amplia mayor\u00eda de los estados miembros de la UE expres\u00f3 su apoyo al acuerdo de libre comercio; sin embargo, a\u00fan requiere la aprobaci\u00f3n del Parlamento Europeo para entrar en vigor.<\/p>\n<p>Jack Allen-Reynolds, economista jefe adjunto de la Eurozona en Capital Economics, indic\u00f3 que aunque se anticipa que la votaci\u00f3n en el Parlamento ser\u00e1 muy re\u00f1ida, la preocupaci\u00f3n m\u00e1s amplia radica en el impacto real del acuerdo.<\/p>\n<p>Se\u00f1al\u00f3 que las propias estimaciones de la Comisi\u00f3n sugieren que el acuerdo podr\u00eda incrementar la producci\u00f3n econ\u00f3mica de la UE en apenas<strong style=\"margin-left: 0.3em; margin-right: 0.3em;\">0.05%<\/strong>.<\/p>\n<p>\u00abEn \u00faltima instancia, incluso si se implementa el acuerdo, es posible que no tenga un peso macroecon\u00f3mico significativo\u00bb, concluy\u00f3. \u00abY dado que se implementar\u00e1 a lo largo de un per\u00edodo de 15 a\u00f1os, es poco probable que los beneficios se materialicen antes de 2040\u00bb.<\/p>\n<\/div>\n<p><\/body><\/p>\n","protected":false},"excerpt":{"rendered":"<p>Despu\u00e9s de un cuarto de siglo de negociaciones, la Uni\u00f3n Europea ha logrado establecer un acuerdo de libre comercio con naciones sudamericanas, superando la considerable resistencia de los sectores agr\u00edcolas en varios pa\u00edses de la UE. Este pacto con el bloque Mercosur, que incluye a Brasil, Argentina, Paraguay y Uruguay, ahora est\u00e1 a la espera [&hellip;]<\/p>\n","protected":false},"author":23,"featured_media":171572,"comment_status":"open","ping_status":"open","sticky":false,"template":"","format":"standard","meta":{"_acf_changed":false,"inline_featured_image":false,"footnotes":""},"categories":[465],"tags":[],"class_list":["post-171576","post","type-post","status-publish","format-standard","has-post-thumbnail","hentry","category-business-finance"],"acf":[],"_links":{"self":[{"href":"https:\/\/pointer-news.com\/es\/wp-json\/wp\/v2\/posts\/171576","targetHints":{"allow":["GET"]}}],"collection":[{"href":"https:\/\/pointer-news.com\/es\/wp-json\/wp\/v2\/posts"}],"about":[{"href":"https:\/\/pointer-news.com\/es\/wp-json\/wp\/v2\/types\/post"}],"author":[{"embeddable":true,"href":"https:\/\/pointer-news.com\/es\/wp-json\/wp\/v2\/users\/23"}],"replies":[{"embeddable":true,"href":"https:\/\/pointer-news.com\/es\/wp-json\/wp\/v2\/comments?post=171576"}],"version-history":[{"count":1,"href":"https:\/\/pointer-news.com\/es\/wp-json\/wp\/v2\/posts\/171576\/revisions"}],"predecessor-version":[{"id":171578,"href":"https:\/\/pointer-news.com\/es\/wp-json\/wp\/v2\/posts\/171576\/revisions\/171578"}],"wp:featuredmedia":[{"embeddable":true,"href":"https:\/\/pointer-news.com\/es\/wp-json\/wp\/v2\/media\/171572"}],"wp:attachment":[{"href":"https:\/\/pointer-news.com\/es\/wp-json\/wp\/v2\/media?parent=171576"}],"wp:term":[{"taxonomy":"category","embeddable":true,"href":"https:\/\/pointer-news.com\/es\/wp-json\/wp\/v2\/categories?post=171576"},{"taxonomy":"post_tag","embeddable":true,"href":"https:\/\/pointer-news.com\/es\/wp-json\/wp\/v2\/tags?post=171576"}],"curies":[{"name":"wp","href":"https:\/\/api.w.org\/{rel}","templated":true}]}}