{"id":172177,"date":"2026-01-16T18:01:57","date_gmt":"2026-01-16T16:01:57","guid":{"rendered":"https:\/\/pointer-news.com\/?p=172177"},"modified":"2026-01-16T18:02:02","modified_gmt":"2026-01-16T16:02:02","slug":"jenrick-asegura-que-su-movimiento-hacia-reform-uk-es-acerca-de-unir-a-la-derecha","status":"publish","type":"post","link":"https:\/\/pointer-news.com\/es\/jenrick-asegura-que-su-movimiento-hacia-reform-uk-es-acerca-de-unir-a-la-derecha\/","title":{"rendered":"Jenrick Asegura que su Movimiento hacia Reform UK es Acerca de Unir a la Derecha"},"content":{"rendered":"<p><body><\/p>\n<div class=\"article-content\">\n<p>Robert Jenrick ha desestimado las sugerencias de que su cambio a Reform UK fue impulsado por aspiraciones personales, afirmando que su objetivo es<strong style=\"margin-left: 0.3em; margin-right: 0.3em;\">\u00abunir a la derecha\u00bb<\/strong>dentro de la pol\u00edtica brit\u00e1nica.<\/p>\n<p>El exministro del gabinete hizo la transici\u00f3n al partido de Nigel Farage el jueves, poco despu\u00e9s de ser destituido del gabinete en la sombra conservador debido a sus planes de defectar.<\/p>\n<p>En sus primeras declaraciones tras este cambio, Jenrick caracteriz\u00f3 a Reform como la<strong style=\"margin-left: 0.3em; margin-right: 0.3em;\">\u00ab\u00faltima oportunidad\u00bb<\/strong>de la naci\u00f3n para abordar los problemas prevalentes en un pa\u00eds<strong style=\"margin-left: 0.3em; margin-right: 0.3em;\">\u00abroto\u00bb<\/strong>, mientras lanzaba una dura cr\u00edtica a sus antiguos colegas en el gabinete en la sombra, a quienes etiquet\u00f3 como<strong style=\"margin-left: 0.3em; margin-right: 0.3em;\">\u00abpir\u00f3manos\u00bb<\/strong>.<\/p>\n<h2>Reacciones del Liderazgo Conservador<\/h2>\n<p>Kemi Badenoch, la l\u00edder del Partido Conservador, afirm\u00f3 que desde la partida de Jenrick, su partido se ha vuelto m\u00e1s cohesivo y robusto, asegurando que \u00e9l no era<strong style=\"margin-left: 0.3em; margin-right: 0.3em;\">\u00abun jugador de equipo\u00bb<\/strong>.<\/p>\n<p>Algunas figuras prominentes dentro de las filas conservadoras han sugerido que una asociaci\u00f3n con Reform podr\u00eda ser beneficiosa para evitar dividir el voto de la derecha. Sin embargo, tanto Farage como Badenoch han desestimado esta posibilidad tras la salida de Jenrick.<\/p>\n<p>Cuando Laura Kuenssberg le pregunt\u00f3 sobre la posibilidad de que su apoyo a Reform pudiera, inadvertidamente, ayudar al regreso del Partido Laborista al poder al dividir a la derecha, Jenrick mantuvo:<strong style=\"margin-left: 0.3em; margin-right: 0.3em;\">\u00abEsto es unir a la derecha\u00bb<\/strong>.<\/p>\n<h3>La Visi\u00f3n de Jenrick para el Cambio<\/h3>\n<p>Subray\u00f3 que para eliminar al actual gobierno laborista y establecer una administraci\u00f3n reformista fuerte, la \u00fanica opci\u00f3n viable es unirse a Farage y Reform.<\/p>\n<p>Jenrick expres\u00f3 la necesidad de un l\u00edder<strong style=\"margin-left: 0.3em; margin-right: 0.3em;\">\u00abnuevo y emocionante\u00bb<\/strong>que no haya participado en los fracasos pasados de consenso. Afirm\u00f3 que hab\u00eda dejado de lado<strong style=\"margin-left: 0.3em; margin-right: 0.3em;\">\u00abla ambici\u00f3n personal\u00bb<\/strong>a favor de unirse a un equipo capaz bajo el liderazgo de Farage.<\/p>\n<p>A pesar de haber sido visto anteriormente como un candidato principal para el liderazgo conservador, Jenrick mencion\u00f3:<strong style=\"margin-left: 0.3em; margin-right: 0.3em;\">\u00abEleg\u00ed declinar todo eso para ser parte de un equipo fuerte con Nigel Farage\u00bb<\/strong>.<\/p>\n<h2>Cr\u00edticas y Defecciones<\/h2>\n<p>Los cr\u00edticos argumentan que las perspectivas de Jenrick para liderar a los conservadores hab\u00edan disminuido significativamente tras la mejora en las encuestas para Badenoch, sugiriendo que este fue un factor clave en su decisi\u00f3n de cambiar de lealtad.<\/p>\n<p>Jenrick refut\u00f3 las afirmaciones de que hab\u00eda recibido una oferta de trabajo de Farage, declarando:<strong style=\"margin-left: 0.3em; margin-right: 0.3em;\">\u00abEstoy aqu\u00ed \u00fanicamente para ayudarlo a tener \u00e9xito\u00bb<\/strong>. Mientras tanto, conservadores de alto rango creen que otros diputados tambi\u00e9n podr\u00edan contemplar la defecci\u00f3n, aunque no anticipan un \u00e9xodo masivo en el futuro inmediato.<\/p>\n<p>Al preguntarle si otros miembros conservadores podr\u00edan seguir sus pasos, Jenrick coment\u00f3:<strong style=\"margin-left: 0.3em; margin-right: 0.3em;\">\u00abNo tengo idea y no lo he discutido con mis colegas ni los he alentado a hacerlo\u00bb<\/strong>.<\/p>\n<h3>Acusaciones de Traici\u00f3n<\/h3>\n<p>En respuesta a rumores de que una filtraci\u00f3n de su propio equipo hab\u00eda revelado su discurso de defecci\u00f3n a Badenoch, Jenrick mencion\u00f3 que le informaron que<strong style=\"margin-left: 0.3em; margin-right: 0.3em;\">\u00abuna persona junior\u00bb<\/strong>fue responsable, pero aclar\u00f3 que ya hab\u00eda decidido unirse a Reform antes de ese incidente.<\/p>\n<p>Indic\u00f3 que su decisi\u00f3n de defectar se solidific\u00f3 durante el per\u00edodo navide\u00f1o, aunque reconoci\u00f3 que hab\u00eda mantenido conversaciones con Farage antes de ser destituido por Badenoch.<\/p>\n<p>Jenrick cit\u00f3 una reciente reuni\u00f3n del gabinete en la sombra como la<strong style=\"margin-left: 0.3em; margin-right: 0.3em;\">\u00abgota que colm\u00f3 el vaso\u00bb<\/strong>, durante la cual los miembros debatieron si Gran Breta\u00f1a estaba realmente rota, con algunos afirmando que no.<\/p>\n<h2>Reflexiones sobre su Mandato<\/h2>\n<p>Record\u00f3 c\u00f3mo ciertos individuos en la reuni\u00f3n sosten\u00edan:<strong style=\"margin-left: 0.3em; margin-right: 0.3em;\">\u00abGran Breta\u00f1a est\u00e1 rota, pero no podemos admitirlo porque fue un gobierno conservador el que caus\u00f3 los problemas\u00bb<\/strong>, mientras que otros insist\u00edan en lo contrario.<\/p>\n<p><strong style=\"margin-left: 0.3em; margin-right: 0.3em;\">\u00abLos pir\u00f3manos todav\u00eda estaban al control del partido\u00bb<\/strong>, coment\u00f3 Jenrick, criticando a aquellos que hab\u00edan cometido errores durante su tiempo en el gobierno mientras permanec\u00edan en el gabinete en la sombra.<\/p>\n<p>Concluy\u00f3 que el partido era incapaz de reconocer sus errores pasados, y mucho menos de rectificarlos.<\/p>\n<h3>Defendiendo su Registro<\/h3>\n<p>Mientras defend\u00eda su mandato como ministro de vivienda e inmigraci\u00f3n, Jenrick asever\u00f3 que constantemente busc\u00f3 desafiar el statu quo.<\/p>\n<p>Reflexionando sobre su tiempo en el Ministerio del Interior, describi\u00f3 la situaci\u00f3n como<strong style=\"margin-left: 0.3em; margin-right: 0.3em;\">\u00abun completo desastre\u00bb<\/strong>pero se\u00f1al\u00f3 que<strong style=\"margin-left: 0.3em; margin-right: 0.3em;\">\u00abtrabaj\u00e9 incansablemente para remediarlo\u00bb<\/strong>.<\/p>\n<p><strong style=\"margin-left: 0.3em; margin-right: 0.3em;\">\u00abCuando no pude persuadir al gobierno para que tomara medidas m\u00e1s decisivas, renunci\u00e9\u00bb<\/strong>, agreg\u00f3, refiri\u00e9ndose a su salida del gobierno de Rishi Sunak por su insatisfacci\u00f3n con su enfoque hacia la inmigraci\u00f3n ilegal.<\/p>\n<h2>Reacciones de la Oposici\u00f3n<\/h2>\n<p>En respuesta, la presidenta del Partido Laborista, Anna Turley, etiquet\u00f3 a Jenrick como<strong style=\"margin-left: 0.3em; margin-right: 0.3em;\">\u00abuno de los pir\u00f3manos que contribuyeron al caos y la decadencia en Gran Breta\u00f1a durante el gobierno conservador\u00bb<\/strong>.<\/p>\n<p>El l\u00edder de los Liberal Dem\u00f3cratas, Sir Ed Davey, critic\u00f3 a Jenrick y Farage, afirmando:<strong style=\"margin-left: 0.3em; margin-right: 0.3em;\">\u00abLa gente est\u00e1 harta de escuchar que Gran Breta\u00f1a est\u00e1 rota de los mismos individuos que contribuyeron a su ca\u00edda en primer lugar\u00bb<\/strong>.<\/p>\n<p>Adem\u00e1s, se\u00f1al\u00f3:<strong style=\"margin-left: 0.3em; margin-right: 0.3em;\">\u00abRobert Jenrick fue un ministro de salud conservador que desempe\u00f1\u00f3 un papel en socavar el NHS, mientras que Nigel Farage promovi\u00f3 el acuerdo de Brexit de Boris Johnson, que da\u00f1\u00f3 la econom\u00eda y aument\u00f3 los costos de vida\u00bb<\/strong>.<\/p>\n<h2>Mirando hacia Adelante<\/h2>\n<p>Badenoch afirm\u00f3 que los conservadores siguen siendo el \u00fanico partido dedicado a abordar las preocupaciones p\u00fablicas, enfatizando:<strong style=\"margin-left: 0.3em; margin-right: 0.3em;\">\u00abLa gente est\u00e1 fatigada por el drama continuo\u00bb<\/strong>.<\/p>\n<p><strong style=\"margin-left: 0.3em; margin-right: 0.3em;\">\u00abLas personas que causaban problemas dentro del Partido Conservador est\u00e1n saliendo. Ellos est\u00e1n haciendo mi limpieza de primavera por m\u00ed\u00bb<\/strong>, a\u00f1adi\u00f3.<\/p>\n<p>Jenrick se convierte en el segundo diputado conservador en transici\u00f3n a Reform, siguiendo al ex canciller Nadhim Zahawi en este cambio de esta semana.<\/p>\n<p>Aunque los ministros del gabinete en la sombra han minimizado la importancia del movimiento de Jenrick, afirmando que posee un reconocimiento p\u00fablico limitado, s\u00ed tiene un seguimiento entre los miembros conservadores.<\/p>\n<p>Su partida tambi\u00e9n podr\u00eda contrarrestar la narrativa de que Reform es meramente una operaci\u00f3n de un solo hombre sin diputados experimentados.<\/p>\n<p>Mientras Reform da la bienvenida a la contribuci\u00f3n de Jenrick, enfrenta un escrutinio por acusaciones de que no solo est\u00e1 suplantando a los conservadores, sino que est\u00e1 a punto de convertirse en ellos.<\/p>\n<p>Para mantenerse informado sobre los \u00faltimos desarrollos en Westminster y m\u00e1s all\u00e1, considere suscribirse a nuestro bolet\u00edn de Pol\u00edtica Esencial.<\/p>\n<\/div>\n<p><\/body><\/p>\n","protected":false},"excerpt":{"rendered":"<p>Robert Jenrick ha desestimado las sugerencias de que su cambio a Reform UK fue impulsado por aspiraciones personales, afirmando que su objetivo es\u00abunir a la derecha\u00bbdentro de la pol\u00edtica brit\u00e1nica. El exministro del gabinete hizo la transici\u00f3n al partido de Nigel Farage el jueves, poco despu\u00e9s de ser destituido del gabinete en la sombra conservador [&hellip;]<\/p>\n","protected":false},"author":23,"featured_media":172174,"comment_status":"open","ping_status":"open","sticky":false,"template":"","format":"standard","meta":{"_acf_changed":false,"inline_featured_image":false,"footnotes":""},"categories":[472],"tags":[],"class_list":["post-172177","post","type-post","status-publish","format-standard","has-post-thumbnail","hentry","category-politics-laws"],"acf":[],"_links":{"self":[{"href":"https:\/\/pointer-news.com\/es\/wp-json\/wp\/v2\/posts\/172177","targetHints":{"allow":["GET"]}}],"collection":[{"href":"https:\/\/pointer-news.com\/es\/wp-json\/wp\/v2\/posts"}],"about":[{"href":"https:\/\/pointer-news.com\/es\/wp-json\/wp\/v2\/types\/post"}],"author":[{"embeddable":true,"href":"https:\/\/pointer-news.com\/es\/wp-json\/wp\/v2\/users\/23"}],"replies":[{"embeddable":true,"href":"https:\/\/pointer-news.com\/es\/wp-json\/wp\/v2\/comments?post=172177"}],"version-history":[{"count":1,"href":"https:\/\/pointer-news.com\/es\/wp-json\/wp\/v2\/posts\/172177\/revisions"}],"predecessor-version":[{"id":172179,"href":"https:\/\/pointer-news.com\/es\/wp-json\/wp\/v2\/posts\/172177\/revisions\/172179"}],"wp:featuredmedia":[{"embeddable":true,"href":"https:\/\/pointer-news.com\/es\/wp-json\/wp\/v2\/media\/172174"}],"wp:attachment":[{"href":"https:\/\/pointer-news.com\/es\/wp-json\/wp\/v2\/media?parent=172177"}],"wp:term":[{"taxonomy":"category","embeddable":true,"href":"https:\/\/pointer-news.com\/es\/wp-json\/wp\/v2\/categories?post=172177"},{"taxonomy":"post_tag","embeddable":true,"href":"https:\/\/pointer-news.com\/es\/wp-json\/wp\/v2\/tags?post=172177"}],"curies":[{"name":"wp","href":"https:\/\/api.w.org\/{rel}","templated":true}]}}