{"id":172275,"date":"2026-01-18T09:04:10","date_gmt":"2026-01-18T07:04:10","guid":{"rendered":"https:\/\/pointer-news.com\/?p=172275"},"modified":"2026-01-18T09:04:16","modified_gmt":"2026-01-18T07:04:16","slug":"lideres-europeos-condenan-la-amenaza-tarifaria-de-trump-sobre-la-adquisicion-de-groenlandia","status":"publish","type":"post","link":"https:\/\/pointer-news.com\/es\/lideres-europeos-condenan-la-amenaza-tarifaria-de-trump-sobre-la-adquisicion-de-groenlandia\/","title":{"rendered":"L\u00edderes europeos condenan la amenaza tarifaria de Trump sobre la adquisici\u00f3n de Groenlandia"},"content":{"rendered":"<p><body><\/p>\n<div class=\"article-content\">\n<p>Una reciente advertencia del presidente de EE.UU., Donald Trump, sobre la imposici\u00f3n de nuevas tarifas a ocho naciones que se oponen a su plan de adquisici\u00f3n de Groenlandia ha desatado la indignaci\u00f3n entre los l\u00edderes europeos.<\/p>\n<p>El primer ministro del Reino Unido, Keir Starmer, calific\u00f3 la acci\u00f3n de \u00abinaceptable\u00bb, mientras que el presidente franc\u00e9s, Emmanuel Macron, la describi\u00f3 como \u00abintolerable\u00bb. Estos comentarios siguieron a la declaraci\u00f3n de Trump sobre un arancel del<strong style=\"margin-left: 0.3em; margin-right: 0.3em;\">10%<\/strong>en bienes importados de Dinamarca, Noruega, Suecia, Francia, Alemania, el Reino Unido, los Pa\u00edses Bajos y Finlandia, que entrar\u00e1 en vigor el<time>01 de febrero<\/time>. Indic\u00f3 que estos aranceles podr\u00edan aumentar hasta un<strong style=\"margin-left: 0.3em; margin-right: 0.3em;\">25%<\/strong>y mantenerse hasta que se alcance una resoluci\u00f3n.<\/p>\n<p>Trump argumenta que la regi\u00f3n aut\u00f3noma de Groenlandia es crucial para la seguridad nacional de EE.UU., insinuando que podr\u00eda considerar acciones militares para asegurarla.<\/p>\n<p>En respuesta a las amenazas de Trump, la Uni\u00f3n Europea convoc\u00f3 una reuni\u00f3n urgente a las<time>17:00 UTC<\/time>en Bruselas, reuniendo a embajadores de los 27 pa\u00edses miembros del bloque.<\/p>\n<p>Adem\u00e1s, miles de personas se manifestaron tanto en Groenlandia como en Dinamarca el s\u00e1bado, expresando su oposici\u00f3n a la posible adquisici\u00f3n estadounidense.<\/p>\n<p>A pesar de su escasa poblaci\u00f3n, Groenlandia es rica en recursos y se encuentra estrat\u00e9gicamente situada entre Am\u00e9rica del Norte y el \u00c1rtico, lo que la hace valiosa para sistemas de defensa de misiles y monitoreo mar\u00edtimo.<\/p>\n<p>Trump ha sugerido anteriormente que EE.UU. podr\u00eda adquirir el territorio \u00abde manera f\u00e1cil\u00bb o \u00abde manera dif\u00edcil\u00bb. Las naciones europeas se han unido en apoyo a Dinamarca, afirmando que la seguridad en el \u00c1rtico es una responsabilidad colectiva de la OTAN.<\/p>\n<p>Pa\u00edses como Francia, Alemania, Suecia, Noruega, Finlandia, los Pa\u00edses Bajos y el Reino Unido han enviado un n\u00famero limitado de tropas a Groenlandia como parte de una misi\u00f3n de reconocimiento.<\/p>\n<p>Trump anunci\u00f3 los planes tarifarios a trav\u00e9s de su plataforma Truth Social, acusando a las naciones de participar en \u00abun juego muy arriesgado\u00bb. Subray\u00f3 que los aranceles se relacionan con la \u00abSeguridad, Protecci\u00f3n y Supervivencia de nuestro Planeta\u00bb. El arancel propuesto del<strong style=\"margin-left: 0.3em; margin-right: 0.3em;\">10%<\/strong>sobre las exportaciones a EE.UU. aumentar\u00eda al<strong style=\"margin-left: 0.3em; margin-right: 0.3em;\">25%<\/strong>en junio y se mantendr\u00eda hasta que se finalice un acuerdo para la \u00abCompra Completa y Total de Groenlandia\u00bb.<\/p>\n<p>Starmer respondi\u00f3, afirmando: \u00abImponer tarifas a aliados que est\u00e1n mejorando la seguridad colectiva de la OTAN es completamente inapropiado. Sin duda abordaremos esto directamente con la administraci\u00f3n de EE.UU.\u00bb<\/p>\n<p>Los l\u00edderes de la oposici\u00f3n en el Reino Unido tambi\u00e9n criticaron el anuncio tarifario de Trump. La l\u00edder conservadora Kemi Badenoch lo calific\u00f3 de \u00abdecisi\u00f3n desafortunada\u00bb, mientras que Nigel Farage, l\u00edder de Reform UK y partidario de Trump, coment\u00f3 que los aranceles ser\u00edan perjudiciales para el Reino Unido.<\/p>\n<p>El l\u00edder de los Liberal Dem\u00f3cratas, Ed Davey, describi\u00f3 las acciones de Trump como \u00abirracionales\u00bb, pero enfatiz\u00f3 la importancia de la respuesta del Reino Unido. La miembro del Partido Verde, Ellie Chowns, acus\u00f3 al presidente estadounidense de tratar las relaciones internacionales como un patio de escuela, intentando intimidar a otras naciones para que se alineen con sus objetivos imperialistas.<\/p>\n<p>Macron insisti\u00f3: \u00abLas amenazas tarifarias son inaceptables&#8230; No cederemos a la intimidaci\u00f3n\u00bb. El primer ministro sueco, Ulf Kristersson, agreg\u00f3: \u00abNos negamos a ser coaccionados\u00bb.<\/p>\n<p>\u00abSuecia est\u00e1 actualmente comprometida en extensas discusiones con otras naciones de la UE, Noruega y el Reino Unido para formular una respuesta unificada\u00bb, continu\u00f3.<\/p>\n<p>La presidenta de la Comisi\u00f3n Europea, Ursula von der Leyen, coment\u00f3 en X que \u00abLa integridad territorial y la soberan\u00eda son piedras angulares del derecho internacional\u00bb. Adverti\u00f3 que los aranceles pondr\u00edan en peligro las relaciones transatl\u00e1nticas y podr\u00edan llevar a una peligrosa espiral descendente.<\/p>\n<p>Se espera que Trump se re\u00fana con von der Leyen y otros l\u00edderes europeos, incluidos Macron, en el pr\u00f3ximo Foro Econ\u00f3mico Mundial en Davos, Suiza.<\/p>\n<p>Kaja Kallas, la jefa de pol\u00edtica exterior de la UE, se\u00f1al\u00f3 que \u00abChina y Rusia deben estar disfrutando de esta situaci\u00f3n\u00bb, sugiriendo que se benefician del desacuerdo entre aliados. Expres\u00f3 sus sentimientos en X.<\/p>\n<p>Antonio Costa, presidente del Consejo Europeo, afirm\u00f3 que la UE mantendr\u00e1 firmemente el derecho internacional, que comienza con la integridad territorial de sus estados miembros.<\/p>\n<p>El ministro de Asuntos Exteriores de Dinamarca, Lars Lokke Rasmussen, coment\u00f3 que las amenazas fueron inesperadas.<\/p>\n<p>El eurodiputado alem\u00e1n Manfred Weber, l\u00edder del grupo conservador EPP en el Parlamento Europeo, declar\u00f3 que las acciones de Trump han suscitado dudas sobre el acuerdo comercial pendiente entre la UE y EE.UU. establecido el a\u00f1o pasado.<\/p>\n<p>El acuerdo inclu\u00eda un arancel estadounidense del<strong style=\"margin-left: 0.3em; margin-right: 0.3em;\">15%<\/strong>sobre todos los productos de la UE y un compromiso por parte de la UE de abrir mercados a productos estadounidenses con tarifas del<strong style=\"margin-left: 0.3em; margin-right: 0.3em;\">0%<\/strong>en art\u00edculos seleccionados.<\/p>\n<p>Weber expres\u00f3: \u00abEl EPP apoya el acuerdo comercial UE-EE.UU., pero debido a las amenazas de Trump respecto a Groenlandia, no podemos aprobarlo en este momento. Las tarifas del<strong style=\"margin-left: 0.3em; margin-right: 0.3em;\">0%<\/strong>sobre los productos estadounidenses deber\u00edan ser suspendidas.\u00bb<\/p>\n<p>El embajador de EE.UU. ante la ONU, Mike Waltz, contraatac\u00f3 al afirmar que Dinamarca \u00abcarece de los recursos o la capacidad para gestionar efectivamente la regi\u00f3n norte\u00bb. Afirm\u00f3 en Fox News que la vida para los groenlandeses ser\u00eda \u00abm\u00e1s segura, m\u00e1s fuerte y m\u00e1s pr\u00f3spera bajo la supervisi\u00f3n estadounidense\u00bb.<\/p>\n<p>Trump ha expresado a menudo su afinidad por el t\u00e9rmino \u00abtarifa\u00bb, vi\u00e9ndolo como una herramienta contundente para persuadir o forzar a los pa\u00edses a alinearse con los intereses de EE.UU.<\/p>\n<p>Este \u00faltimo anuncio marca una notable escalada en los esfuerzos renovados de Trump para adquirir Groenlandia, a pesar de la amplia oposici\u00f3n.<\/p>\n<p>Las razones detr\u00e1s de la declaraci\u00f3n tarifaria siguen siendo poco claras, ya que fueron sugeridas por Trump durante una conferencia de prensa en la Casa Blanca el viernes.<\/p>\n<p>Si bien Trump ha mencionado anteriormente diversas opciones, incluida la posible intervenci\u00f3n militar, este anuncio sigui\u00f3 a un reciente acuerdo entre funcionarios estadounidenses y daneses para establecer un grupo de trabajo de alto nivel encargado de discutir el futuro de la isla.<\/p>\n<p>Este desarrollo diplom\u00e1tico hab\u00eda sido percibido por muchos como el mejor escenario para Dinamarca y sus aliados europeos, posponiendo probablemente cualquier escalada adicional de la administraci\u00f3n estadounidense.<\/p>\n<p>En contraste, las nuevas tarifas impuestas han intensificado la urgencia del asunto y han tensado las relaciones con aliados y socios comerciales cruciales de la OTAN.<\/p>\n<p>Gregory Meeks, el dem\u00f3crata l\u00edder del Comit\u00e9 de Relaciones Exteriores de la C\u00e1mara de Representantes de EE.UU., declar\u00f3 que planea presentar una resoluci\u00f3n destinada a terminar inmediatamente con estas \u00abtarifas ilegales y escandalosas\u00bb.<\/p>\n<p>Coment\u00f3: \u00abTrump est\u00e1 creando una crisis exterior y socavando nuestra alianza m\u00e1s cercana, todo mientras ignora los problemas reales que importan al p\u00fablico estadounidense, como la asequibilidad.\u00bb<\/p>\n<p>Las encuestas indican que el<strong style=\"margin-left: 0.3em; margin-right: 0.3em;\">85%<\/strong>de los groenlandeses se oponen a la anexi\u00f3n del territorio por parte de EE.UU.<\/p>\n<p>Las protestas contra las intenciones de adquisici\u00f3n de Trump se llevaron a cabo en centros urbanos daneses, as\u00ed como en Nuuk, la capital de Groenlandia, antes del anuncio tarifario.<\/p>\n<p>En Copenhague, los manifestantes mostraron carteles que declaraban: \u00abManos Fuera de Groenlandia\u00bb y \u00abGroenlandia para los groenlandeses\u00bb.<\/p>\n<p>Camilla Siezing, l\u00edder de Inuit, una coalici\u00f3n de organizaciones groenlandesas, afirm\u00f3: \u00abExigimos respeto por el Reino Dan\u00e9s y por el derecho de Groenlandia a la autodeterminaci\u00f3n\u00bb.<\/p>\n<p>En Nuuk, el primer ministro de Groenlandia, Jens-Frederik Nielsen, particip\u00f3 en protestas junto a manifestantes que sosten\u00edan carteles que dec\u00edan \u00abGroenlandia no est\u00e1 en venta\u00bb y \u00abnosotros damos forma a nuestro futuro\u00bb, mientras marchaban hacia el consulado de EE.UU.<\/p>\n<p>Las protestas coincidieron con una visita a Copenhague de una delegaci\u00f3n del Congreso estadounidense, cuyo l\u00edder, el senador dem\u00f3crata Chris Coons, caracteriz\u00f3 la ret\u00f3rica de Trump como \u00abpoco productiva\u00bb.<\/p>\n<\/div>\n<p><\/body><\/p>\n","protected":false},"excerpt":{"rendered":"<p>Una reciente advertencia del presidente de EE.UU., Donald Trump, sobre la imposici\u00f3n de nuevas tarifas a ocho naciones que se oponen a su plan de adquisici\u00f3n de Groenlandia ha desatado la indignaci\u00f3n entre los l\u00edderes europeos. El primer ministro del Reino Unido, Keir Starmer, calific\u00f3 la acci\u00f3n de \u00abinaceptable\u00bb, mientras que el presidente franc\u00e9s, Emmanuel [&hellip;]<\/p>\n","protected":false},"author":23,"featured_media":172272,"comment_status":"open","ping_status":"open","sticky":false,"template":"","format":"standard","meta":{"_acf_changed":false,"inline_featured_image":false,"footnotes":""},"categories":[453],"tags":[],"class_list":["post-172275","post","type-post","status-publish","format-standard","has-post-thumbnail","hentry","category-world-news"],"acf":[],"_links":{"self":[{"href":"https:\/\/pointer-news.com\/es\/wp-json\/wp\/v2\/posts\/172275","targetHints":{"allow":["GET"]}}],"collection":[{"href":"https:\/\/pointer-news.com\/es\/wp-json\/wp\/v2\/posts"}],"about":[{"href":"https:\/\/pointer-news.com\/es\/wp-json\/wp\/v2\/types\/post"}],"author":[{"embeddable":true,"href":"https:\/\/pointer-news.com\/es\/wp-json\/wp\/v2\/users\/23"}],"replies":[{"embeddable":true,"href":"https:\/\/pointer-news.com\/es\/wp-json\/wp\/v2\/comments?post=172275"}],"version-history":[{"count":1,"href":"https:\/\/pointer-news.com\/es\/wp-json\/wp\/v2\/posts\/172275\/revisions"}],"predecessor-version":[{"id":172277,"href":"https:\/\/pointer-news.com\/es\/wp-json\/wp\/v2\/posts\/172275\/revisions\/172277"}],"wp:featuredmedia":[{"embeddable":true,"href":"https:\/\/pointer-news.com\/es\/wp-json\/wp\/v2\/media\/172272"}],"wp:attachment":[{"href":"https:\/\/pointer-news.com\/es\/wp-json\/wp\/v2\/media?parent=172275"}],"wp:term":[{"taxonomy":"category","embeddable":true,"href":"https:\/\/pointer-news.com\/es\/wp-json\/wp\/v2\/categories?post=172275"},{"taxonomy":"post_tag","embeddable":true,"href":"https:\/\/pointer-news.com\/es\/wp-json\/wp\/v2\/tags?post=172275"}],"curies":[{"name":"wp","href":"https:\/\/api.w.org\/{rel}","templated":true}]}}