{"id":172333,"date":"2026-01-19T09:01:46","date_gmt":"2026-01-19T07:01:46","guid":{"rendered":"https:\/\/pointer-news.com\/?p=172333"},"modified":"2026-01-19T09:01:52","modified_gmt":"2026-01-19T07:01:52","slug":"tragico-accidente-de-tren-en-espana-causa-al-menos-21-muertos","status":"publish","type":"post","link":"https:\/\/pointer-news.com\/es\/tragico-accidente-de-tren-en-espana-causa-al-menos-21-muertos\/","title":{"rendered":"Tr\u00e1gico Accidente de Tren en Espa\u00f1a Causa al Menos 21 Muertos"},"content":{"rendered":"<p><body><\/p>\n<div class=\"article-content\">\n<p>Un devastador choque ferroviario en el sur de Espa\u00f1a ha provocado la muerte de al menos 21 personas, mientras que muchas m\u00e1s han resultado heridas. Las autoridades han advertido que la cifra de fallecidos podr\u00eda aumentar, convirtiendo este evento en el desastre ferroviario m\u00e1s grave en el pa\u00eds en m\u00e1s de una d\u00e9cada.<\/p>\n<p>El incidente ocurri\u00f3 cuando los vagones de un tren que se dirig\u00eda a Madrid descarrilaron y cruzaron la v\u00eda de un tren que ven\u00eda en sentido contrario cerca de Adamuz, en las proximidades de C\u00f3rdoba. Las redes ferroviarias informaron que hab\u00eda aproximadamente 400 pasajeros y miembros de la tripulaci\u00f3n a bordo de ambos trenes.<\/p>\n<p>Los servicios de emergencia de Andaluc\u00eda informaron que al menos 24 personas sufrieron lesiones graves en el accidente, entre ellas cuatro ni\u00f1os. El Ministro de Transporte espa\u00f1ol, \u00d3scar Puente, calific\u00f3 lo sucedido como \u00abextremadamente extra\u00f1o\u00bb, lo que llev\u00f3 a los funcionarios a iniciar una investigaci\u00f3n sobre la tragedia.<\/p>\n<p>Seg\u00fan el operador de la red ferroviaria Adif, la colisi\u00f3n tuvo lugar aproximadamente diez minutos despu\u00e9s de que el tren partiera de M\u00e1laga a las 18:40 hora local (17:40 UTC), tras un descarrilamiento en un tramo recto de la v\u00eda. Puente destac\u00f3 que el impacto propuls\u00f3 los vagones del segundo tren hacia un terrapl\u00e9n, siendo la mayor\u00eda de las v\u00edctimas en los vagones frontales de ese tren, que se dirig\u00eda de Madrid a Huelva.<\/p>\n<p>El tren involucrado, identificado como Freccia 1000, tiene capacidad para alcanzar velocidades de hasta 400 km\/h (250 mph), seg\u00fan un representante de la compa\u00f1\u00eda ferroviaria italiana Ferrovie dello Stato. Los equipos de rescate enfrentaron dificultades debido a los destrozos del accidente, complicando los esfuerzos para liberar a los atrapados en su interior.<\/p>\n<p>El jefe de bomberos de C\u00f3rdoba, Francisco Carmona, coment\u00f3 a RTVE: \u00abIncluso tuvimos que retirar a una persona fallecida para alcanzar a alguien que a\u00fan estaba vivo. Es una tarea dif\u00edcil y compleja.\u00bb Salvador Jim\u00e9nez, un periodista de RTVE que se encontraba a bordo de uno de los trenes afectados, compar\u00f3 el impacto de la colisi\u00f3n con la experiencia de un \u00abterremoto.\u00bb<\/p>\n<p>Jim\u00e9nez relat\u00f3: \u00abEstaba sentado en el primer vag\u00f3n. En un momento, realmente se sinti\u00f3 como un terremoto, y el tren efectivamente hab\u00eda descarrilado.\u00bb Im\u00e1genes del lugar del accidente muestran algunos vagones de tren volcados. Se observ\u00f3 a los trabajadores de rescate subiendo al tren para ayudar a extraer a los pasajeros a trav\u00e9s de puertas y ventanas inclinadas.<\/p>\n<p>Un pasajero llamado Jos\u00e9, que viajaba a Madrid, describi\u00f3 la escena ca\u00f3tica a Canal Sur, afirmando: \u00abHab\u00eda personas gritando pidiendo asistencia m\u00e9dica.\u00bb Tras el accidente, todos los servicios ferroviarios entre Madrid y Andaluc\u00eda fueron suspendidos, y se espera que las operaciones permanezcan paralizadas durante todo el lunes.<\/p>\n<p>Iryo, un operador ferroviario privado que gestiona la ruta desde M\u00e1laga, indic\u00f3 que alrededor de 300 pasajeros estaban en el tren que descarril\u00f3, mientras que el tren operado por el estado Renfe ten\u00eda aproximadamente 100 pasajeros a bordo. La causa exacta del incidente sigue sin conocerse, y el ministro de transporte indic\u00f3 que una investigaci\u00f3n exhaustiva podr\u00eda no arrojar resultados durante al menos un mes.<\/p>\n<p>El Primer Ministro espa\u00f1ol, Pedro S\u00e1nchez, expres\u00f3 que el pa\u00eds atravesar\u00eda una \u00abnoche de profundo dolor.\u00bb El alcalde de Adamuz, Rafael Moreno, quien lleg\u00f3 al lugar temprano, caracteriz\u00f3 el evento como una \u00abpesadilla.\u00bb<\/p>\n<p>El Rey Felipe VI y la Reina Letizia manifestaron su profunda preocupaci\u00f3n por la tragedia, afirmando a trav\u00e9s del palacio real en las redes sociales: \u00abOfrecemos nuestras m\u00e1s sinceras condolencias a la familia y amigos de los fallecidos, junto con nuestro amor y esperanzas de una pronta recuperaci\u00f3n para los heridos.\u00bb La agencia de emergencias en Andaluc\u00eda ha instado a los sobrevivientes del accidente a ponerse en contacto con sus familias o publicar en redes sociales para confirmar su seguridad.<\/p>\n<p>Se establecieron instalaciones m\u00e9dicas avanzadas para tratar a los pasajeros afectados y facilitar su traslado a hospitales. Adif tambi\u00e9n ha proporcionado espacios para las familias de las v\u00edctimas en varias estaciones de tren, incluidas Atocha, Sevilla, C\u00f3rdoba, M\u00e1laga y Huelva.<\/p>\n<p>La Cruz Roja espa\u00f1ola moviliz\u00f3 servicios de emergencia al lugar del accidente y est\u00e1 ofreciendo asesoramiento a las familias afectadas en las cercan\u00edas. Miguel \u00c1ngel Rodr\u00edguez de la Cruz Roja coment\u00f3 en la radio RNE: \u00abLas familias est\u00e1n experimentando una ansiedad significativa debido a la falta de informaci\u00f3n. Estos son momentos verdaderamente angustiosos.\u00bb<\/p>\n<p>Las condolencias han llegado de l\u00edderes internacionales, incluyendo al Presidente franc\u00e9s Emmanuel Macron, la Primera Ministra italiana Giorgia Meloni, y la presidenta de la Comisi\u00f3n Europea Ursula von der Leyen. Macron expres\u00f3 en redes sociales: \u00abMis pensamientos est\u00e1n con las v\u00edctimas, sus familias y toda Espa\u00f1a. Francia est\u00e1 en solidaridad con ustedes.\u00bb<\/p>\n<p>En 2013, Espa\u00f1a sufri\u00f3 su descarrilamiento de tren de alta velocidad m\u00e1s severo en Galicia, que result\u00f3 en 80 muertes y 140 heridos. Espa\u00f1a cuenta con la segunda red ferroviaria de alta velocidad m\u00e1s extensa del mundo, solo superada por China, conectando m\u00e1s de 50 ciudades en todo el pa\u00eds. Datos de Adif indican que el sistema ferroviario espa\u00f1ol supera los 4,000 kil\u00f3metros (2,485 millas) de longitud.<\/p>\n<\/div>\n<p><\/body><\/p>\n","protected":false},"excerpt":{"rendered":"<p>Un devastador choque ferroviario en el sur de Espa\u00f1a ha provocado la muerte de al menos 21 personas, mientras que muchas m\u00e1s han resultado heridas. Las autoridades han advertido que la cifra de fallecidos podr\u00eda aumentar, convirtiendo este evento en el desastre ferroviario m\u00e1s grave en el pa\u00eds en m\u00e1s de una d\u00e9cada. El incidente [&hellip;]<\/p>\n","protected":false},"author":23,"featured_media":172330,"comment_status":"open","ping_status":"open","sticky":false,"template":"","format":"standard","meta":{"_acf_changed":false,"inline_featured_image":false,"footnotes":""},"categories":[453],"tags":[],"class_list":["post-172333","post","type-post","status-publish","format-standard","has-post-thumbnail","hentry","category-world-news"],"acf":[],"_links":{"self":[{"href":"https:\/\/pointer-news.com\/es\/wp-json\/wp\/v2\/posts\/172333","targetHints":{"allow":["GET"]}}],"collection":[{"href":"https:\/\/pointer-news.com\/es\/wp-json\/wp\/v2\/posts"}],"about":[{"href":"https:\/\/pointer-news.com\/es\/wp-json\/wp\/v2\/types\/post"}],"author":[{"embeddable":true,"href":"https:\/\/pointer-news.com\/es\/wp-json\/wp\/v2\/users\/23"}],"replies":[{"embeddable":true,"href":"https:\/\/pointer-news.com\/es\/wp-json\/wp\/v2\/comments?post=172333"}],"version-history":[{"count":1,"href":"https:\/\/pointer-news.com\/es\/wp-json\/wp\/v2\/posts\/172333\/revisions"}],"predecessor-version":[{"id":172335,"href":"https:\/\/pointer-news.com\/es\/wp-json\/wp\/v2\/posts\/172333\/revisions\/172335"}],"wp:featuredmedia":[{"embeddable":true,"href":"https:\/\/pointer-news.com\/es\/wp-json\/wp\/v2\/media\/172330"}],"wp:attachment":[{"href":"https:\/\/pointer-news.com\/es\/wp-json\/wp\/v2\/media?parent=172333"}],"wp:term":[{"taxonomy":"category","embeddable":true,"href":"https:\/\/pointer-news.com\/es\/wp-json\/wp\/v2\/categories?post=172333"},{"taxonomy":"post_tag","embeddable":true,"href":"https:\/\/pointer-news.com\/es\/wp-json\/wp\/v2\/tags?post=172333"}],"curies":[{"name":"wp","href":"https:\/\/api.w.org\/{rel}","templated":true}]}}