{"id":162335,"date":"2025-11-28T21:20:53","date_gmt":"2025-11-28T19:20:53","guid":{"rendered":"https:\/\/pointer-news.com\/?p=162335"},"modified":"2025-11-28T21:20:57","modified_gmt":"2025-11-28T19:20:57","slug":"les-afghans-bases-aux-etats-unis-appellent-trump-apres-lincident-de-tir-a-washington-dc","status":"publish","type":"post","link":"https:\/\/pointer-news.com\/fr\/les-afghans-bases-aux-etats-unis-appellent-trump-apres-lincident-de-tir-a-washington-dc\/","title":{"rendered":"Les Afghans bas\u00e9s aux \u00c9tats-Unis appellent Trump apr\u00e8s l&rsquo;incident de tir \u00e0 Washington DC"},"content":{"rendered":"<p><body><\/p>\n<div class=\"article-content\">\n<p>Les Africains r\u00e9sidant aux \u00c9tats-Unis ont exprim\u00e9 leur consternation face \u00e0 la r\u00e9cente fusillade \u00ab\u00a0extr\u00eamement tragique\u00a0\u00bb qui a eu lieu \u00e0 Washington DC mercredi, en soulignant que le suspect, qui a immigr\u00e9 aux \u00c9tats-Unis d&rsquo;Afghanistan quatre ans auparavant, ne repr\u00e9sente pas leur communaut\u00e9.<\/p>\n<p>Le tireur pr\u00e9sum\u00e9, Rahmanullah Lakanwal, 29 ans, est arriv\u00e9 aux \u00c9tats-Unis par le biais d&rsquo;un programme con\u00e7u pour offrir des privil\u00e8ges d&rsquo;immigration sp\u00e9ciaux aux Afghans qui se sont alli\u00e9s aux \u00c9tats-Unis apr\u00e8s le retrait des troupes en 2021.<\/p>\n<p>Dans cet \u00e9v\u00e9nement tragique, Sarah Beckstrom, membre de la Garde nationale \u00e2g\u00e9e de 20 ans, a perdu la vie, tandis que son coll\u00e8gue, Andrew Wolfe, 24 ans, se trouve dans un \u00e9tat critique.<\/p>\n<p>\u00c0 la lumi\u00e8re de l&rsquo;incident, le pr\u00e9sident Donald Trump a suspendu le traitement de toutes les demandes d&rsquo;immigration afghanes, a lanc\u00e9 une r\u00e9\u00e9valuation des cartes vertes d\u00e9livr\u00e9es aux individus de 19 pays diff\u00e9rents et a averti de mesures plus strictes \u00e0 l&rsquo;encontre des migrants qu&rsquo;il cat\u00e9gorise comme provenant de \u00ab\u00a0pays du tiers monde\u00a0\u00bb.<\/p>\n<p>La Coalition de la communaut\u00e9 afghane aux \u00c9tats-Unis a exprim\u00e9 ses condol\u00e9ances aux familles des victimes, appelant \u00e0 une enqu\u00eate approfondie tout en demandant au gouvernement de ne pas retarder ou interrompre les demandes d&rsquo;immigration afghanes.<\/p>\n<blockquote>\n<p>\u00ab\u00a0Les deux d\u00e9cennies de partenariat entre les Afghans et les \u00c9tats-Unis ne devraient pas \u00eatre n\u00e9glig\u00e9es,\u00a0\u00bb a d\u00e9clar\u00e9 la coalition, en se r\u00e9f\u00e9rant \u00e0 l&rsquo;op\u00e9ration dirig\u00e9e par les \u00c9tats-Unis qui a commenc\u00e9 en 2001 pour renverser les Talibans et \u00e9tablir l&rsquo;ordre en Afghanistan.<\/p>\n<\/blockquote>\n<p>\u00ab\u00a0Les deux d\u00e9cennies de partenariat entre les Afghans et les \u00c9tats-Unis ne devraient pas \u00eatre n\u00e9glig\u00e9es,\u00a0\u00bb a d\u00e9clar\u00e9 la coalition, en se r\u00e9f\u00e9rant \u00e0 l&rsquo;op\u00e9ration dirig\u00e9e par les \u00c9tats-Unis qui a commenc\u00e9 en 2001 pour renverser les Talibans et \u00e9tablir l&rsquo;ordre en Afghanistan.<\/p>\n<p>Les Africains vivant aux \u00c9tats-Unis ont partag\u00e9 leur horreur concernant l&rsquo;\u00e9v\u00e9nement de tir \u00e0 Washington DC, soulignant qu&rsquo;il ne s&rsquo;agissait que de l&rsquo;action d&rsquo;un individu.<\/p>\n<p>Craignant des repr\u00e9sailles potentielles de la part des Talibans, les Afghans ont choisi de rester anonymes lors de leurs remarques. Un Afghan r\u00e9install\u00e9 aux \u00c9tats-Unis apr\u00e8s le retrait a qualifi\u00e9 la fusillade d'\u00a0\u00bbextr\u00eamement tragique\u00a0\u00bb, tout en notant qu&rsquo;elle s&rsquo;est produite juste avant Thanksgiving dans un climat politique tumultueux \u00e0 Washington DC.<\/p>\n<p>Il a soulign\u00e9 que cet acte \u00e9tait le r\u00e9sultat d&rsquo;une faute individuelle et ne refl\u00e9tait pas la communaut\u00e9 dans son ensemble.<\/p>\n<blockquote>\n<p>\u00ab\u00a0Les Afghans en Am\u00e9rique sont des citoyens diligents qui paient des imp\u00f4ts,\u00a0\u00bb a-t-il ajout\u00e9. \u00ab\u00a0Nous restons reconnaissants envers les \u00c9tats-Unis pour leur aide lors de notre \u00e9vacuation durant la crise de Kaboul.\u00a0\u00bb<\/p>\n<\/blockquote>\n<p>\u00ab\u00a0Les Afghans en Am\u00e9rique sont des citoyens diligents qui paient des imp\u00f4ts,\u00a0\u00bb a-t-il ajout\u00e9. \u00ab\u00a0Nous restons reconnaissants envers les \u00c9tats-Unis pour leur aide lors de notre \u00e9vacuation durant la crise de Kaboul.\u00a0\u00bb<\/p>\n<p>En 2021, un grand nombre d&rsquo;Afghans ont cherch\u00e9 \u00e0 fuir lorsque les \u00c9tats-Unis ont retir\u00e9 leurs troupes et que les Talibans ont repris le pouvoir.<\/p>\n<p>Des responsables am\u00e9ricains indiquent que Lakanwal avait des liens avec les forces am\u00e9ricaines pendant leur pr\u00e9sence en Afghanistan, o\u00f9 il a aid\u00e9 \u00e0 s\u00e9curiser le personnel am\u00e9ricain \u00e0 l&rsquo;a\u00e9roport de Kaboul lors de l&rsquo;\u00e9vacuation. Il a immigr\u00e9 aux \u00c9tats-Unis cette m\u00eame ann\u00e9e, a demand\u00e9 l&rsquo;asile en 2024, et sa demande a \u00e9t\u00e9 approuv\u00e9e plus t\u00f4t cette ann\u00e9e.<\/p>\n<p>Un autre Afghan, \u00e9galement relocalis\u00e9 aux \u00c9tats-Unis apr\u00e8s le retrait du pays il y a quatre ans, a d\u00e9crit la fusillade de mercredi comme \u00ab\u00a0vraiment choquante\u00a0\u00bb et a partag\u00e9 ses pri\u00e8res pour les familles des victimes.<\/p>\n<p>Il a sp\u00e9cul\u00e9 que l&rsquo;acte \u00e9tait un \u00ab\u00a0crime individuel r\u00e9alis\u00e9 ind\u00e9pendamment de tout complice\u00a0\u00bb et a ajout\u00e9 qu&rsquo;il ne devrait pas se refl\u00e9ter sur l&rsquo;ensemble de la communaut\u00e9.<\/p>\n<p>Un autre r\u00e9sident afghan aux \u00c9tats-Unis a comment\u00e9 que l&rsquo;incident avait \u00e9t\u00e9 un \u00ab\u00a0revers d\u00e9vastateur pour tous les immigrants\u00a0\u00bb, notant que la r\u00e9ponse politique a laiss\u00e9 beaucoup de gens incertains.<\/p>\n<blockquote>\n<p>\u00ab\u00a0La d\u00e9cision de l&rsquo;administration Trump de r\u00e9\u00e9valuer les processus d&rsquo;immigration est pr\u00e9judiciable pour tout le monde,\u00a0\u00bb a-t-il d\u00e9clar\u00e9. \u00ab\u00a0Cette approche prend du temps, et personne ne sait quels seront les r\u00e9sultats.\u00a0\u00bb<\/p>\n<\/blockquote>\n<p>\u00ab\u00a0La d\u00e9cision de l&rsquo;administration Trump de r\u00e9\u00e9valuer les processus d&rsquo;immigration est pr\u00e9judiciable pour tout le monde,\u00a0\u00bb a-t-il d\u00e9clar\u00e9. \u00ab\u00a0Cette approche prend du temps, et personne ne sait quels seront les r\u00e9sultats.\u00a0\u00bb<\/p>\n<p>Il a mentionn\u00e9 que la situation semble encore plus alarmante en raison des menaces pesant sur ses compatriotes en Afghanistan, remarquant: \u00ab\u00a0Pour nous, les Afghans, il y a des d\u00e9fis tant en Afghanistan qu&rsquo;ici.\u00a0\u00bb<\/p>\n<\/div>\n<p><\/body><\/p>\n","protected":false},"excerpt":{"rendered":"<p>Les Africains r\u00e9sidant aux \u00c9tats-Unis ont exprim\u00e9 leur consternation face \u00e0 la r\u00e9cente fusillade \u00ab\u00a0extr\u00eamement tragique\u00a0\u00bb qui a eu lieu \u00e0 Washington DC mercredi, en soulignant que le suspect, qui a immigr\u00e9 aux \u00c9tats-Unis d&rsquo;Afghanistan quatre ans auparavant, ne repr\u00e9sente pas leur communaut\u00e9. Le tireur pr\u00e9sum\u00e9, Rahmanullah Lakanwal, 29 ans, est arriv\u00e9 aux \u00c9tats-Unis par [&hellip;]<\/p>\n","protected":false},"author":23,"featured_media":162332,"comment_status":"open","ping_status":"open","sticky":false,"template":"","format":"standard","meta":{"_acf_changed":false,"inline_featured_image":false,"footnotes":""},"categories":[474],"tags":[],"class_list":["post-162335","post","type-post","status-publish","format-standard","has-post-thumbnail","hentry","category-politics-laws"],"acf":[],"_links":{"self":[{"href":"https:\/\/pointer-news.com\/fr\/wp-json\/wp\/v2\/posts\/162335","targetHints":{"allow":["GET"]}}],"collection":[{"href":"https:\/\/pointer-news.com\/fr\/wp-json\/wp\/v2\/posts"}],"about":[{"href":"https:\/\/pointer-news.com\/fr\/wp-json\/wp\/v2\/types\/post"}],"author":[{"embeddable":true,"href":"https:\/\/pointer-news.com\/fr\/wp-json\/wp\/v2\/users\/23"}],"replies":[{"embeddable":true,"href":"https:\/\/pointer-news.com\/fr\/wp-json\/wp\/v2\/comments?post=162335"}],"version-history":[{"count":1,"href":"https:\/\/pointer-news.com\/fr\/wp-json\/wp\/v2\/posts\/162335\/revisions"}],"predecessor-version":[{"id":162338,"href":"https:\/\/pointer-news.com\/fr\/wp-json\/wp\/v2\/posts\/162335\/revisions\/162338"}],"wp:featuredmedia":[{"embeddable":true,"href":"https:\/\/pointer-news.com\/fr\/wp-json\/wp\/v2\/media\/162332"}],"wp:attachment":[{"href":"https:\/\/pointer-news.com\/fr\/wp-json\/wp\/v2\/media?parent=162335"}],"wp:term":[{"taxonomy":"category","embeddable":true,"href":"https:\/\/pointer-news.com\/fr\/wp-json\/wp\/v2\/categories?post=162335"},{"taxonomy":"post_tag","embeddable":true,"href":"https:\/\/pointer-news.com\/fr\/wp-json\/wp\/v2\/tags?post=162335"}],"curies":[{"name":"wp","href":"https:\/\/api.w.org\/{rel}","templated":true}]}}