{"id":162353,"date":"2025-11-28T21:24:55","date_gmt":"2025-11-28T19:24:55","guid":{"rendered":"https:\/\/pointer-news.com\/?p=162353"},"modified":"2025-11-28T21:24:59","modified_gmt":"2025-11-28T19:24:59","slug":"treize-morts-signales-lors-de-la-plus-mortelle-operation-israelienne-en-mois-dans-le-sud-de-la-syrie","status":"publish","type":"post","link":"https:\/\/pointer-news.com\/fr\/treize-morts-signales-lors-de-la-plus-mortelle-operation-israelienne-en-mois-dans-le-sud-de-la-syrie\/","title":{"rendered":"Treize morts signal\u00e9s lors de la plus mortelle op\u00e9ration isra\u00e9lienne en mois dans le sud de la Syrie"},"content":{"rendered":"<p><body><\/p>\n<div class=\"article-content\">\n<p>Au moins 13 personnes ont perdu la vie \u00e0 la suite d&rsquo;un raid isra\u00e9lien sur un village dans le sud de la Syrie durant la nuit, selon des m\u00e9dias d&rsquo;\u00c9tat. Cet incident marque l&rsquo;une des op\u00e9rations les plus l\u00e9tales de ce type ces derniers mois, avec des rapports indiquant que certains des d\u00e9c\u00e9d\u00e9s \u00e9taient des enfants.<\/p>\n<p>L&rsquo;agence de presse Sana a d\u00e9clar\u00e9 que des habitants de Beit Jinn ont tent\u00e9 de \u00ab\u00a0confronter\u00a0\u00bb les forces isra\u00e9liennes, ce qui a entra\u00een\u00e9 un \u00e9change de coups de feu. De plus, des frappes a\u00e9riennes auraient \u00e9t\u00e9 ex\u00e9cut\u00e9es durant le raid. Le minist\u00e8re syrien des Affaires \u00e9trang\u00e8res a d\u00e9nonc\u00e9 l&rsquo;op\u00e9ration, la qualifiant de \u00ab\u00a0crime de guerre\u00a0\u00bb perp\u00e9tr\u00e9 par Isra\u00ebl.<\/p>\n<p>Les Forces de d\u00e9fense isra\u00e9liennes (FDI) ont expliqu\u00e9 que leurs troupes \u00e9taient entr\u00e9es dans le village, situ\u00e9 pr\u00e8s des hauteurs du Golan occup\u00e9es, pour arr\u00eater des militants accus\u00e9s de planifier des \u00ab\u00a0attaques terroristes avanc\u00e9es contre des civils isra\u00e9liens.\u00a0\u00bb Six soldats isra\u00e9liens ont \u00e9t\u00e9 bless\u00e9s pendant le conflit, dont trois gri\u00e8vement.<\/p>\n<p>Les FDI ont affirm\u00e9 que l&rsquo;organisation militante Jamaa Islamiya \u00e9tait la cible de l&rsquo;op\u00e9ration de vendredi. Selon leur d\u00e9claration, le raid a rencontr\u00e9 une r\u00e9sistance lorsque \u00ab\u00a0plusieurs terroristes arm\u00e9s ont ouvert le feu\u00a0\u00bb sur leurs soldats, qui ont ensuite ripost\u00e9.<\/p>\n<p>Sana a rapport\u00e9 que le village avait \u00e9galement subi des bombardements, et des images diffus\u00e9es par les FDI montraient deux frappes a\u00e9riennes\u2014l&rsquo;une ciblant apparemment un groupe d&rsquo;individus, tandis que l&rsquo;autre touchait un b\u00e2timent. Une vid\u00e9o fournie par les FDI montrait des soldats tirant dans une rue peu \u00e9clair\u00e9e, accompagn\u00e9e du son de tirs d&rsquo;armes automatiques au loin.<\/p>\n<p>L&rsquo;Observatoire syrien des droits de l&rsquo;homme (OSDH), une organisation de surveillance bas\u00e9e au Royaume-Uni, a not\u00e9 qu&rsquo;une structure s&rsquo;\u00e9tait effondr\u00e9e pendant l&rsquo;op\u00e9ration. Apr\u00e8s le raid, les FDI ont indiqu\u00e9 qu&rsquo;elles avaient appr\u00e9hend\u00e9 tous les suspects et \u00e9limin\u00e9 plusieurs terroristes.<\/p>\n<p>Sana a d\u00e9voil\u00e9 que trois individus avaient \u00e9t\u00e9 arr\u00eat\u00e9s par les troupes avant leur retrait. Le directeur d&rsquo;un h\u00f4pital local a d\u00e9clar\u00e9 avoir re\u00e7u plusieurs corps, dont cinq d&rsquo;une m\u00eame famille, tandis que des dizaines d&rsquo;autres avaient \u00e9t\u00e9 bless\u00e9s lors de cet incident.<\/p>\n<p>Le minist\u00e8re syrien des Affaires \u00e9trang\u00e8res a condamn\u00e9 l&rsquo;assaut, d\u00e9clarant que plus de dix civils avaient p\u00e9ri, parmi eux des femmes et des enfants. Ils ont accus\u00e9 Isra\u00ebl de commettre un \u00ab\u00a0crime de guerre global\u00a0\u00bb et ont exhort\u00e9 le Conseil de s\u00e9curit\u00e9 de l&rsquo;ONU \u00e0 intervenir afin de mettre fin aux \u00ab\u00a0actions agressives\u00a0\u00bb d&rsquo;Isra\u00ebl.<\/p>\n<p>Isra\u00ebl effectue fr\u00e9quemment des incursions dans des villages syriens, affirmant que ses actions visent \u00e0 pr\u00e9venir la pr\u00e9sence de groupes militants. \u00c0 la suite de la chute du pr\u00e9sident syrien Bachar el-Assad il y a pr\u00e8s d&rsquo;un an, Isra\u00ebl a repositionn\u00e9 ses forces \u00e0 travers une zone tampon sur les hauteurs du Golan vers le sud de la Syrie, o\u00f9 op\u00e8rent diverses factions anti-isra\u00e9liennes.<\/p>\n<p>Isra\u00ebl maintient qu&rsquo;il ne permettra pas \u00e0 l&rsquo;arm\u00e9e syrienne, qu&rsquo;il consid\u00e8re comme une menace, d&rsquo;\u00e9tablir une pr\u00e9sence l\u00e0-bas. La zone tampon, une zone d\u00e9militaris\u00e9e, \u00e9tait \u00e0 l&rsquo;origine d\u00e9sign\u00e9e pour maintenir la paix suite \u00e0 un cessez-le-feu qui a mis fin \u00e0 la guerre de 1973 entre Isra\u00ebl et la Syrie. L&rsquo;ONU a exprim\u00e9 que la pr\u00e9sence des FDI dans cette zone constitue une \u00ab\u00a0violation\u00a0\u00bb des termes convenus auxquels les deux parties doivent se conformer.<\/p>\n<p>Les \u00c9tats-Unis ont facilit\u00e9 des discussions entre Isra\u00ebl et la Syrie depuis plusieurs mois concernant un accord de s\u00e9curit\u00e9 dans le territoire s\u00e9parant les deux nations, bien que ces pourparlers n&rsquo;aient pas donn\u00e9 de succ\u00e8s.<\/p>\n<\/div>\n<p><\/body><\/p>\n","protected":false},"excerpt":{"rendered":"<p>Au moins 13 personnes ont perdu la vie \u00e0 la suite d&rsquo;un raid isra\u00e9lien sur un village dans le sud de la Syrie durant la nuit, selon des m\u00e9dias d&rsquo;\u00c9tat. Cet incident marque l&rsquo;une des op\u00e9rations les plus l\u00e9tales de ce type ces derniers mois, avec des rapports indiquant que certains des d\u00e9c\u00e9d\u00e9s \u00e9taient des [&hellip;]<\/p>\n","protected":false},"author":23,"featured_media":162350,"comment_status":"open","ping_status":"open","sticky":false,"template":"","format":"standard","meta":{"_acf_changed":false,"inline_featured_image":false,"footnotes":""},"categories":[474],"tags":[],"class_list":["post-162353","post","type-post","status-publish","format-standard","has-post-thumbnail","hentry","category-politics-laws"],"acf":[],"_links":{"self":[{"href":"https:\/\/pointer-news.com\/fr\/wp-json\/wp\/v2\/posts\/162353","targetHints":{"allow":["GET"]}}],"collection":[{"href":"https:\/\/pointer-news.com\/fr\/wp-json\/wp\/v2\/posts"}],"about":[{"href":"https:\/\/pointer-news.com\/fr\/wp-json\/wp\/v2\/types\/post"}],"author":[{"embeddable":true,"href":"https:\/\/pointer-news.com\/fr\/wp-json\/wp\/v2\/users\/23"}],"replies":[{"embeddable":true,"href":"https:\/\/pointer-news.com\/fr\/wp-json\/wp\/v2\/comments?post=162353"}],"version-history":[{"count":1,"href":"https:\/\/pointer-news.com\/fr\/wp-json\/wp\/v2\/posts\/162353\/revisions"}],"predecessor-version":[{"id":162356,"href":"https:\/\/pointer-news.com\/fr\/wp-json\/wp\/v2\/posts\/162353\/revisions\/162356"}],"wp:featuredmedia":[{"embeddable":true,"href":"https:\/\/pointer-news.com\/fr\/wp-json\/wp\/v2\/media\/162350"}],"wp:attachment":[{"href":"https:\/\/pointer-news.com\/fr\/wp-json\/wp\/v2\/media?parent=162353"}],"wp:term":[{"taxonomy":"category","embeddable":true,"href":"https:\/\/pointer-news.com\/fr\/wp-json\/wp\/v2\/categories?post=162353"},{"taxonomy":"post_tag","embeddable":true,"href":"https:\/\/pointer-news.com\/fr\/wp-json\/wp\/v2\/tags?post=162353"}],"curies":[{"name":"wp","href":"https:\/\/api.w.org\/{rel}","templated":true}]}}