{"id":162371,"date":"2025-11-28T21:29:50","date_gmt":"2025-11-28T19:29:50","guid":{"rendered":"https:\/\/pointer-news.com\/?p=162371"},"modified":"2025-11-28T21:29:54","modified_gmt":"2025-11-28T19:29:54","slug":"soeurs-fuyant-autorisees-a-rester-dans-le-couvent-alpin-si-elles-sabstiennent-des-reseaux-sociaux","status":"publish","type":"post","link":"https:\/\/pointer-news.com\/fr\/soeurs-fuyant-autorisees-a-rester-dans-le-couvent-alpin-si-elles-sabstiennent-des-reseaux-sociaux\/","title":{"rendered":"S\u0153urs fuyant autoris\u00e9es \u00e0 rester dans le couvent alpin si elles s&rsquo;abstiennent des r\u00e9seaux sociaux"},"content":{"rendered":"<p><body><\/p>\n<div class=\"article-content\">\n<p>Trois s\u0153urs d&rsquo;Autriche, dans la quatre-vingtaine, qui ont \u00e9chapp\u00e9 \u00e0 l&rsquo;\u00e9tablissement de vie assist\u00e9e o\u00f9 elles avaient \u00e9t\u00e9 plac\u00e9es, ont obtenu la permission de r\u00e9sider dans leur ancien couvent \u00ab\u00a0jusqu&rsquo;\u00e0 nouvel ordre\u00a0\u00bb.<\/p>\n<p>Cependant, les responsables de l&rsquo;\u00c9glise ont stipul\u00e9 que leur s\u00e9jour prolong\u00e9 d\u00e9pendait de l&rsquo;arr\u00eat de leur utilisation des r\u00e9seaux sociaux.<\/p>\n<p>La s\u0153ur Bernadette, 88 ans, la s\u0153ur Regina, 86 ans, et la s\u0153ur Rita, 82 ans, sont les seules s\u0153urs restantes au couvent Kloster Goldenstein situ\u00e9 \u00e0 Elsbethen, pr\u00e8s de Salzbourg.<\/p>\n<p>Dans une d\u00e9claration publique, les s\u0153urs ont exprim\u00e9 leur volont\u00e9 de consid\u00e9rer un accord de principe, mais ont soulign\u00e9 que leurs pr\u00e9occupations et demandes l\u00e9gitimes doivent \u00eatre prises en compte.<\/p>\n<p>Elles ont exprim\u00e9 leur m\u00e9contentement face \u00e0 la proposition de l&rsquo;\u00c9glise, la d\u00e9crivant comme ayant \u00ab\u00a0l&rsquo;aspect d&rsquo;un accord de non-divulgation\u00a0\u00bb.<\/p>\n<p>D&rsquo;apr\u00e8s les s\u0153urs, elles ont \u00e9t\u00e9 extraites de leur couvent contre leur gr\u00e9 en d\u00e9cembre 2023.<\/p>\n<p>En septembre, elles ont r\u00e9ussi \u00e0 revenir avec l&rsquo;aide d&rsquo;anciens \u00e9l\u00e8ves et d&rsquo;un serrurier, provoquant la frustration parmi les autorit\u00e9s eccl\u00e9siastiques.<\/p>\n<p>Le pr\u00e9v\u00f4t Markus Grasl de l&rsquo;abbaye de Reichersberg les a exhort\u00e9es \u00e0 retourner \u00e0 l&rsquo;\u00e9tablissement de soin, qualifiant leur retour au couvent de \u00ab\u00a0totalement d\u00e9routant\u00a0\u00bb.<\/p>\n<p>L&rsquo;histoire des s\u0153urs a suscit\u00e9 une attention mondiale, les soutiens leur fournissant nourriture, \u00e9lectricit\u00e9, et g\u00e9rant leurs r\u00e9seaux sociaux, o\u00f9 elles partageaient des extraits de leur vie quotidienne.<\/p>\n<p>Ces publications incluent des moments de pri\u00e8re, des repas et des routines d&rsquo;exercice de la s\u0153ur Rita, qui a r\u00e9cemment re\u00e7u une paire de gants de boxe.<\/p>\n<p>Le trio de s\u0153urs a rassembl\u00e9 pr\u00e8s de 100 000 abonn\u00e9s sur Instagram et plusieurs milliers sur Facebook.<\/p>\n<p>Apr\u00e8s pr\u00e8s de trois mois de cette situation, un repr\u00e9sentant du pr\u00e9v\u00f4t, Harald Schiffl, a annonc\u00e9 que les s\u0153urs peuvent rester pour le moment.<\/p>\n<p>Cette annonce est intervenue apr\u00e8s une r\u00e9union plus t\u00f4t cette semaine, o\u00f9 des r\u00e9solutions potentielles pour la situation actuelle ont \u00e9t\u00e9 discut\u00e9es.<\/p>\n<p>Harald Schiffl a pr\u00e9cis\u00e9 que les s\u0153urs pouvaient continuer leur s\u00e9jour au Kloster Goldenstein mais avec des stipulations sp\u00e9cifiques, comme l&rsquo;arr\u00eat de leurs activit\u00e9s sur les r\u00e9seaux sociaux.<\/p>\n<p>Les responsables de l&rsquo;\u00c9glise ont \u00e9galement demand\u00e9 que la section priv\u00e9e du couvent ne soit pas accessible aux personnes ext\u00e9rieures \u00e0 l&rsquo;ordre.<\/p>\n<p>En contrepartie, les s\u0153urs auront la possibilit\u00e9 de rester dans le couvent et recevront des soins m\u00e9dicaux ainsi qu&rsquo;un soutien spirituel d&rsquo;un pr\u00eatre.<\/p>\n<blockquote><p>Les prochaines \u00e9tapes sont entre les mains des s\u0153urs, a d\u00e9clar\u00e9 Harald Schiffl.<\/p><\/blockquote>\n<p>Selon la d\u00e9claration faite vendredi, les trois s\u0153urs n&rsquo;auront pas la possibilit\u00e9 de demander des conseils juridiques \u00e0 l&rsquo;avenir.<\/p>\n<p>De plus, l&rsquo;exigence pour elles et leurs soutiens d&rsquo;arr\u00eater leur engagement sur les r\u00e9seaux sociaux a \u00e9t\u00e9 affirm\u00e9e comme n&rsquo;ayant \u00ab\u00a0aucun soutien l\u00e9gal et&#8230; enl\u00e8verait \u00e0 ces s\u0153urs leur derni\u00e8re forme de protection contre l&rsquo;int\u00e9r\u00eat public\u00a0\u00bb.<\/p>\n<p>Ces trois s\u0153urs ont consacr\u00e9 une part importante de leur vie au Schloss Goldenstein, un site qui fonctionne comme un couvent et une \u00e9cole pour filles depuis 1877.<\/p>\n<p>Bien que l&rsquo;\u00e9cole ait commenc\u00e9 \u00e0 admettre des gar\u00e7ons en 2017, elle continue de fonctionner.<\/p>\n<p>La s\u0153ur Bernadette elle-m\u00eame \u00e9tait \u00e9l\u00e8ve dans cet \u00e9tablissement, y arrivant adolescente en 1948, aux c\u00f4t\u00e9s d&rsquo;\u00e9l\u00e8ves comme la c\u00e9l\u00e8bre actrice autrichienne Romy Schneider, une grande star du cin\u00e9ma des ann\u00e9es 60 et 70.<\/p>\n<p>La s\u0153ur Regina a rejoint le couvent en 1958 et la s\u0153ur Rita en 1962, avec toutes les trois assumant par la suite des r\u00f4les d&rsquo;\u00e9ducatrices \u00e0 l&rsquo;\u00e9cole, o\u00f9 la s\u0153ur Regina a \u00e9t\u00e9 directrice.<\/p>\n<p>Le nombre de s\u0153urs a commenc\u00e9 \u00e0 diminuer au fil des ans, conduisant l&rsquo;archidioc\u00e8se de Salzbourg et l&rsquo;abbaye de Reicherberg \u00e0 prendre le contr\u00f4le de la propri\u00e9t\u00e9 en 2022.<\/p>\n<p>Le pr\u00e9v\u00f4t Markus Grasl de l&rsquo;abbaye de Reichersberg est alors devenu le sup\u00e9rieur des s\u0153urs, et la communaut\u00e9 a \u00e9t\u00e9 officiellement dissoute au d\u00e9but de 2024.<\/p>\n<p>Les s\u0153urs restantes ont obtenu le droit de r\u00e9sidence \u00e0 vie, sous r\u00e9serve de leur sant\u00e9 et de leurs capacit\u00e9s mentales.<\/p>\n<p>En d\u00e9cembre 2023, il a \u00e9t\u00e9 d\u00e9cid\u00e9 de les relocaliser dans un \u00e9tablissement de soin catholique, o\u00f9 elles se sont dites insatisfaites.<\/p>\n<p>Au d\u00e9but de septembre, la s\u0153ur Bernadette, la s\u0153ur Rita et la s\u0153ur Regina ont r\u00e9ussi \u00e0 revenir, aid\u00e9es par un r\u00e9seau d&rsquo;anciens \u00e9l\u00e8ves.<\/p>\n<p>\u00c0 ce moment-l\u00e0, les s\u0153urs ont insist\u00e9 sur leur engagement \u00e0 rester au couvent.<\/p>\n<blockquote><p>La s\u0153ur Bernadette a d\u00e9clar\u00e9 : \u00ab\u00a0Avant de mourir dans cet \u00e9tablissement, je pr\u00e9f\u00e8re trouver la paix dans un pr\u00e9 et quitter cette vie de cette fa\u00e7on.\u00a0\u00bb<\/p><\/blockquote>\n<\/div>\n<p><\/body><\/p>\n","protected":false},"excerpt":{"rendered":"<p>Trois s\u0153urs d&rsquo;Autriche, dans la quatre-vingtaine, qui ont \u00e9chapp\u00e9 \u00e0 l&rsquo;\u00e9tablissement de vie assist\u00e9e o\u00f9 elles avaient \u00e9t\u00e9 plac\u00e9es, ont obtenu la permission de r\u00e9sider dans leur ancien couvent \u00ab\u00a0jusqu&rsquo;\u00e0 nouvel ordre\u00a0\u00bb. Cependant, les responsables de l&rsquo;\u00c9glise ont stipul\u00e9 que leur s\u00e9jour prolong\u00e9 d\u00e9pendait de l&rsquo;arr\u00eat de leur utilisation des r\u00e9seaux sociaux. La s\u0153ur Bernadette, [&hellip;]<\/p>\n","protected":false},"author":23,"featured_media":162368,"comment_status":"open","ping_status":"open","sticky":false,"template":"","format":"standard","meta":{"_acf_changed":false,"inline_featured_image":false,"footnotes":""},"categories":[451],"tags":[],"class_list":["post-162371","post","type-post","status-publish","format-standard","has-post-thumbnail","hentry","category-world-news"],"acf":[],"_links":{"self":[{"href":"https:\/\/pointer-news.com\/fr\/wp-json\/wp\/v2\/posts\/162371","targetHints":{"allow":["GET"]}}],"collection":[{"href":"https:\/\/pointer-news.com\/fr\/wp-json\/wp\/v2\/posts"}],"about":[{"href":"https:\/\/pointer-news.com\/fr\/wp-json\/wp\/v2\/types\/post"}],"author":[{"embeddable":true,"href":"https:\/\/pointer-news.com\/fr\/wp-json\/wp\/v2\/users\/23"}],"replies":[{"embeddable":true,"href":"https:\/\/pointer-news.com\/fr\/wp-json\/wp\/v2\/comments?post=162371"}],"version-history":[{"count":1,"href":"https:\/\/pointer-news.com\/fr\/wp-json\/wp\/v2\/posts\/162371\/revisions"}],"predecessor-version":[{"id":162374,"href":"https:\/\/pointer-news.com\/fr\/wp-json\/wp\/v2\/posts\/162371\/revisions\/162374"}],"wp:featuredmedia":[{"embeddable":true,"href":"https:\/\/pointer-news.com\/fr\/wp-json\/wp\/v2\/media\/162368"}],"wp:attachment":[{"href":"https:\/\/pointer-news.com\/fr\/wp-json\/wp\/v2\/media?parent=162371"}],"wp:term":[{"taxonomy":"category","embeddable":true,"href":"https:\/\/pointer-news.com\/fr\/wp-json\/wp\/v2\/categories?post=162371"},{"taxonomy":"post_tag","embeddable":true,"href":"https:\/\/pointer-news.com\/fr\/wp-json\/wp\/v2\/tags?post=162371"}],"curies":[{"name":"wp","href":"https:\/\/api.w.org\/{rel}","templated":true}]}}