{"id":162416,"date":"2025-11-28T21:37:20","date_gmt":"2025-11-28T19:37:20","guid":{"rendered":"https:\/\/pointer-news.com\/?p=162416"},"modified":"2025-11-28T21:37:24","modified_gmt":"2025-11-28T19:37:24","slug":"la-fille-du-defunt-president-de-la-zambie-perd-son-poste-parlementaire","status":"publish","type":"post","link":"https:\/\/pointer-news.com\/fr\/la-fille-du-defunt-president-de-la-zambie-perd-son-poste-parlementaire\/","title":{"rendered":"La fille du d\u00e9funt pr\u00e9sident de la Zambie perd son poste parlementaire"},"content":{"rendered":"<p><body><\/p>\n<div class=\"article-content\">\n<p>Le parlement de la Zambie a annonc\u00e9 la vacance du si\u00e8ge pr\u00e9c\u00e9demment occup\u00e9 par la fille du d\u00e9funt pr\u00e9sident Edgar Lungu, en raison de son absence prolong\u00e9e suite \u00e0 son d\u00e9c\u00e8s.<\/p>\n<p>Tasila Lungu si\u00e9geait en tant que d\u00e9put\u00e9e pour la circonscription de Chawama \u00e0 Lusaka, repr\u00e9sentant le parti d&rsquo;opposition, le Front patriotique, avant son destitution.<\/p>\n<p>Dans une communication \u00e0 ses \u00e9lecteurs, elle a sugg\u00e9r\u00e9 qu&rsquo;elle pourrait contester cette d\u00e9cision, d\u00e9clarant : \u00ab\u00a0L\u00e0 o\u00f9 il y a une volont\u00e9, il y a un chemin.\u00a0\u00bb<\/p>\n<p>Son p\u00e8re est d\u00e9c\u00e9d\u00e9 en juin \u00e0 l&rsquo;\u00e2ge de 68 ans en Afrique du Sud pendant qu&rsquo;il recevait des soins m\u00e9dicaux. Cet \u00e9v\u00e9nement a d\u00e9clench\u00e9 un litige l\u00e9gal contentieux avec son successeur, le pr\u00e9sident Hakainde Hichilema, qui souhaitait rapatrier les restes pour des fun\u00e9railles nationales contre la volont\u00e9 de la famille.<\/p>\n<p>Ms. Lungu a particip\u00e9 \u00e0 des proc\u00e9dures judiciaires en Afrique du Sud pour contester un verdict pr\u00e9c\u00e9dent d&rsquo;ao\u00fbt qui favorisait l&rsquo;administration de Hichilema.<\/p>\n<p>Le gouvernement a r\u00e9ussi \u00e0 convaincre un tribunal de Pretoria que Hichilema devait \u00eatre pr\u00e9sent aux fun\u00e9railles en tant que chef d&rsquo;\u00c9tat ; cependant, la famille Lungu soutient que le d\u00e9funt avait demand\u00e9 que le pr\u00e9sident \u00ab\u00a0ne soit pas du tout pr\u00e9sent\u00a0\u00bb pr\u00e8s de ses restes.<\/p>\n<p>Tandis que la situation de blocage persiste, le corps de l&rsquo;ancien pr\u00e9sident reste en Afrique du Sud.<\/p>\n<p>Les appels \u00e0 lib\u00e9rer son si\u00e8ge parlementaire ont d&rsquo;abord \u00e9t\u00e9 \u00e9mis par le parti au pouvoir, le Parti unifi\u00e9 pour le d\u00e9veloppement national, l&rsquo; d\u00e9put\u00e9 Brian Kambita soulevant en juillet des pr\u00e9occupations concernant la qualification de Ms. Lungu \u00e0 maintenir son poste en raison de son absence prolong\u00e9e.<\/p>\n<p>Au d\u00e9part, la pr\u00e9sidente Nelly Mutti lui a accord\u00e9 14 jours de cong\u00e9 de compassion pour le deuil, s&rsquo;attendant \u00e0 son retour au parlement en septembre.<\/p>\n<p>Cependant, elle n&rsquo;a pas respect\u00e9 le calendrier stipul\u00e9.<\/p>\n<p>Lorsque le parlement a recontact\u00e9 Ms. Lungu, au lieu de reprendre ses responsabilit\u00e9s, elle a demand\u00e9 un temps suppl\u00e9mentaire jusqu&rsquo;\u00e0 ce que le probl\u00e8me l\u00e9gal concernant l&rsquo;enterrement de son p\u00e8re soit r\u00e9gl\u00e9.<\/p>\n<p>Elle a \u00e9galement sollicit\u00e9 la permission d&rsquo;assister aux s\u00e9ances parlementaires de mani\u00e8re num\u00e9rique.<\/p>\n<p>La question a \u00e9t\u00e9 renvoy\u00e9e au comit\u00e9 des privil\u00e8ges et des absences parlementaires, ce qui l&rsquo;a amen\u00e9e \u00e0 \u00eatre invit\u00e9e \u00e0 se pr\u00e9senter le 18 novembre, mais elle ne s&rsquo;est pas pr\u00e9sent\u00e9e.<\/p>\n<p>Plus tard, le comit\u00e9 a propos\u00e9 de lui permettre de repr\u00e9senter la circonscription de Chawama en ligne jusqu&rsquo;\u00e0 ce que les arrangements pour l&rsquo;enterrement de son p\u00e8re soient finalis\u00e9s.<\/p>\n<p>Cependant, Ms. Mutti a rejet\u00e9 cette suggestion, en soulignant que la pr\u00e9sence virtuelle ne peut pas remplacer la repr\u00e9sentation physique.<\/p>\n<p>Dans une d\u00e9claration sur Facebook \u00e0 ses \u00e9lecteurs vendredi, Ms. Lungu a exprim\u00e9 sa gratitude envers son \u00ab\u00a0\u00e9quipe magnifique de conseillers, de membres de la communaut\u00e9 et de personnel de circonscription qui continuent de coordonner et de travailler sans rel\u00e2che pour vous servir\u00a0\u00bb.<\/p>\n<p>Les \u00e9lections pour pourvoir ce si\u00e8ge d\u00e9sormais vacant devraient avoir lieu dans les 90 jours, malgr\u00e9 le fait que la Zambie s&rsquo;appr\u00eate \u00e0 tenir des \u00e9lections g\u00e9n\u00e9rales en ao\u00fbt prochain.<\/p>\n<p>L&rsquo;annonce concernant la vacance du si\u00e8ge de Ms. Lungu a suscit\u00e9 des r\u00e9actions mitig\u00e9es : certains estiment qu&rsquo;elle devrait avoir le temps de faire son deuil, tandis que d&rsquo;autres soutiennent que ses \u00e9lecteurs m\u00e9ritent une repr\u00e9sentation.<\/p>\n<p>L&rsquo;ind\u00e9pendant d\u00e9put\u00e9 Binwell Mpundu a critiqu\u00e9 le gouvernement pour son incoh\u00e9rence, affirmant qu&rsquo;il est malvenu pour eux de se pr\u00e9tendre solidaires de la famille Lungu.<\/p>\n<blockquote><p>\u00ab\u00a0Vous les avez tra\u00een\u00e9s devant les tribunaux et aujourd&rsquo;hui, vous annulez le si\u00e8ge parlementaire pour la fille qui pleure son p\u00e8re d\u00e9funt. Hypocrites.\u00a0\u00bb<\/p><\/blockquote>\n<\/div>\n<p><\/body><\/p>\n","protected":false},"excerpt":{"rendered":"<p>Le parlement de la Zambie a annonc\u00e9 la vacance du si\u00e8ge pr\u00e9c\u00e9demment occup\u00e9 par la fille du d\u00e9funt pr\u00e9sident Edgar Lungu, en raison de son absence prolong\u00e9e suite \u00e0 son d\u00e9c\u00e8s. Tasila Lungu si\u00e9geait en tant que d\u00e9put\u00e9e pour la circonscription de Chawama \u00e0 Lusaka, repr\u00e9sentant le parti d&rsquo;opposition, le Front patriotique, avant son destitution. [&hellip;]<\/p>\n","protected":false},"author":23,"featured_media":162413,"comment_status":"open","ping_status":"open","sticky":false,"template":"","format":"standard","meta":{"_acf_changed":false,"inline_featured_image":false,"footnotes":""},"categories":[474],"tags":[],"class_list":["post-162416","post","type-post","status-publish","format-standard","has-post-thumbnail","hentry","category-politics-laws"],"acf":[],"_links":{"self":[{"href":"https:\/\/pointer-news.com\/fr\/wp-json\/wp\/v2\/posts\/162416","targetHints":{"allow":["GET"]}}],"collection":[{"href":"https:\/\/pointer-news.com\/fr\/wp-json\/wp\/v2\/posts"}],"about":[{"href":"https:\/\/pointer-news.com\/fr\/wp-json\/wp\/v2\/types\/post"}],"author":[{"embeddable":true,"href":"https:\/\/pointer-news.com\/fr\/wp-json\/wp\/v2\/users\/23"}],"replies":[{"embeddable":true,"href":"https:\/\/pointer-news.com\/fr\/wp-json\/wp\/v2\/comments?post=162416"}],"version-history":[{"count":1,"href":"https:\/\/pointer-news.com\/fr\/wp-json\/wp\/v2\/posts\/162416\/revisions"}],"predecessor-version":[{"id":162419,"href":"https:\/\/pointer-news.com\/fr\/wp-json\/wp\/v2\/posts\/162416\/revisions\/162419"}],"wp:featuredmedia":[{"embeddable":true,"href":"https:\/\/pointer-news.com\/fr\/wp-json\/wp\/v2\/media\/162413"}],"wp:attachment":[{"href":"https:\/\/pointer-news.com\/fr\/wp-json\/wp\/v2\/media?parent=162416"}],"wp:term":[{"taxonomy":"category","embeddable":true,"href":"https:\/\/pointer-news.com\/fr\/wp-json\/wp\/v2\/categories?post=162416"},{"taxonomy":"post_tag","embeddable":true,"href":"https:\/\/pointer-news.com\/fr\/wp-json\/wp\/v2\/tags?post=162416"}],"curies":[{"name":"wp","href":"https:\/\/api.w.org\/{rel}","templated":true}]}}