{"id":162487,"date":"2025-11-28T22:01:30","date_gmt":"2025-11-28T20:01:30","guid":{"rendered":"https:\/\/pointer-news.com\/?p=162487"},"modified":"2025-11-28T22:01:35","modified_gmt":"2025-11-28T20:01:35","slug":"downing-street-rejette-les-allegations-selon-lesquelles-reeves-a-induit-les-citoyens-en-erreur-avant","status":"publish","type":"post","link":"https:\/\/pointer-news.com\/fr\/downing-street-rejette-les-allegations-selon-lesquelles-reeves-a-induit-les-citoyens-en-erreur-avant\/","title":{"rendered":"Downing Street rejette les all\u00e9gations selon lesquelles Reeves a induit les citoyens en erreur avant l&rsquo;annonce du budget"},"content":{"rendered":"<p><body><\/p>\n<div class=\"article-content\">\n<p>Downing Street a rejet\u00e9 les all\u00e9gations selon lesquelles Rachel Reeves aurait induit le public en erreur concernant la situation financi\u00e8re avant l&rsquo;annonce du budget de cette semaine.<\/p>\n<p>\u00c0 l&rsquo;approche de la d\u00e9claration de mercredi, le chancelier a souvent mentionn\u00e9 une d\u00e9gradation de la productivit\u00e9 \u00e9conomique attendue du Royaume-Uni, affirmant que cela compromettrait sa capacit\u00e9 \u00e0 respecter ses engagements de d\u00e9penses.<\/p>\n<p>Cependant, dans une lettre envoy\u00e9e aux membres du Parlement vendredi, le pr\u00e9sident du Bureau des responsabilit\u00e9s budg\u00e9taires a r\u00e9v\u00e9l\u00e9 qu&rsquo;une pr\u00e9vision d&rsquo;augmentation des salaires\u2014quelque chose que Reeves n&rsquo;avait pas mentionn\u00e9\u2014l&rsquo;aiderait en fait \u00e0 respecter les directives \u00e9tablies.<\/p>\n<p>Le Parti conservateur a accus\u00e9 Reeves de pr\u00e9senter une vue excessivement n\u00e9gative des finances publiques, la qualifiant de ruse pour justifier une augmentation des imp\u00f4ts.<\/p>\n<p>La chef des Tories, Kemi Badenoch, a soutenu que la lettre d\u00e9montrait que Reeves avait agi de mani\u00e8re irresponsable.<\/p>\n<\/div>\n<p><\/body><\/p>\n","protected":false},"excerpt":{"rendered":"<p>Downing Street a rejet\u00e9 les all\u00e9gations selon lesquelles Rachel Reeves aurait induit le public en erreur concernant la situation financi\u00e8re avant l&rsquo;annonce du budget de cette semaine. \u00c0 l&rsquo;approche de la d\u00e9claration de mercredi, le chancelier a souvent mentionn\u00e9 une d\u00e9gradation de la productivit\u00e9 \u00e9conomique attendue du Royaume-Uni, affirmant que cela compromettrait sa capacit\u00e9 \u00e0 [&hellip;]<\/p>\n","protected":false},"author":23,"featured_media":162484,"comment_status":"open","ping_status":"open","sticky":false,"template":"","format":"standard","meta":{"_acf_changed":false,"inline_featured_image":false,"footnotes":""},"categories":[474],"tags":[],"class_list":["post-162487","post","type-post","status-publish","format-standard","has-post-thumbnail","hentry","category-politics-laws"],"acf":[],"_links":{"self":[{"href":"https:\/\/pointer-news.com\/fr\/wp-json\/wp\/v2\/posts\/162487","targetHints":{"allow":["GET"]}}],"collection":[{"href":"https:\/\/pointer-news.com\/fr\/wp-json\/wp\/v2\/posts"}],"about":[{"href":"https:\/\/pointer-news.com\/fr\/wp-json\/wp\/v2\/types\/post"}],"author":[{"embeddable":true,"href":"https:\/\/pointer-news.com\/fr\/wp-json\/wp\/v2\/users\/23"}],"replies":[{"embeddable":true,"href":"https:\/\/pointer-news.com\/fr\/wp-json\/wp\/v2\/comments?post=162487"}],"version-history":[{"count":1,"href":"https:\/\/pointer-news.com\/fr\/wp-json\/wp\/v2\/posts\/162487\/revisions"}],"predecessor-version":[{"id":162490,"href":"https:\/\/pointer-news.com\/fr\/wp-json\/wp\/v2\/posts\/162487\/revisions\/162490"}],"wp:featuredmedia":[{"embeddable":true,"href":"https:\/\/pointer-news.com\/fr\/wp-json\/wp\/v2\/media\/162484"}],"wp:attachment":[{"href":"https:\/\/pointer-news.com\/fr\/wp-json\/wp\/v2\/media?parent=162487"}],"wp:term":[{"taxonomy":"category","embeddable":true,"href":"https:\/\/pointer-news.com\/fr\/wp-json\/wp\/v2\/categories?post=162487"},{"taxonomy":"post_tag","embeddable":true,"href":"https:\/\/pointer-news.com\/fr\/wp-json\/wp\/v2\/tags?post=162487"}],"curies":[{"name":"wp","href":"https:\/\/api.w.org\/{rel}","templated":true}]}}