{"id":162680,"date":"2025-11-30T23:12:58","date_gmt":"2025-11-30T21:12:58","guid":{"rendered":"https:\/\/pointer-news.com\/?p=162680"},"modified":"2025-11-30T23:13:06","modified_gmt":"2025-11-30T21:13:06","slug":"reeves-rejette-les-allegations-dinduire-en-erreur-le-public-sur-les-questions-financieres-du-royaume","status":"publish","type":"post","link":"https:\/\/pointer-news.com\/fr\/reeves-rejette-les-allegations-dinduire-en-erreur-le-public-sur-les-questions-financieres-du-royaume\/","title":{"rendered":"Reeves rejette les all\u00e9gations d&rsquo;induire en erreur le public sur les questions financi\u00e8res du Royaume-Uni avant le budget"},"content":{"rendered":"<p><body><\/p>\n<div class=\"article-content\">\n<p>La chanceli\u00e8re Rachel Reeves a rejet\u00e9 les accusations selon lesquelles elle aurait fourni des informations trompeuses au public concernant les finances du pays avant son annonce budg\u00e9taire.<\/p>\n<p>Lors d&rsquo;une interview, Reeves a \u00e9t\u00e9 interrog\u00e9e sur ses pr\u00e9c\u00e9dentes alertes concernant une \u00e9ventuelle d\u00e9gradation des pr\u00e9visions de productivit\u00e9 \u00e9conomique du Royaume-Uni, qu&rsquo;elle avait soulev\u00e9es lors de son discours du 4 novembre.<\/p>\n<p>Il est apparu que le Bureau des responsabilit\u00e9s budg\u00e9taires (OBR) l&rsquo;avait inform\u00e9e \u00e0 la mi-septembre que les finances publiques \u00e9taient dans un \u00e9tat plus favorable que celui g\u00e9n\u00e9ralement suppos\u00e9. Cependant, Reeves n&rsquo;avait pas fait r\u00e9f\u00e9rence \u00e0 une pr\u00e9vision d&rsquo;augmentation des salaires.<\/p>\n<p>Pour sa d\u00e9fense, Reeves a d\u00e9clar\u00e9 que les donn\u00e9es de l&rsquo;OBR indiquaient clairement qu&rsquo;il y avait<\/p>\n<\/div>\n<p><\/body><\/p>\n","protected":false},"excerpt":{"rendered":"<p>La chanceli\u00e8re Rachel Reeves a rejet\u00e9 les accusations selon lesquelles elle aurait fourni des informations trompeuses au public concernant les finances du pays avant son annonce budg\u00e9taire. Lors d&rsquo;une interview, Reeves a \u00e9t\u00e9 interrog\u00e9e sur ses pr\u00e9c\u00e9dentes alertes concernant une \u00e9ventuelle d\u00e9gradation des pr\u00e9visions de productivit\u00e9 \u00e9conomique du Royaume-Uni, qu&rsquo;elle avait soulev\u00e9es lors de son [&hellip;]<\/p>\n","protected":false},"author":23,"featured_media":162677,"comment_status":"open","ping_status":"open","sticky":false,"template":"","format":"standard","meta":{"_acf_changed":false,"inline_featured_image":false,"footnotes":""},"categories":[462],"tags":[],"class_list":["post-162680","post","type-post","status-publish","format-standard","has-post-thumbnail","hentry","category-economy"],"acf":[],"_links":{"self":[{"href":"https:\/\/pointer-news.com\/fr\/wp-json\/wp\/v2\/posts\/162680","targetHints":{"allow":["GET"]}}],"collection":[{"href":"https:\/\/pointer-news.com\/fr\/wp-json\/wp\/v2\/posts"}],"about":[{"href":"https:\/\/pointer-news.com\/fr\/wp-json\/wp\/v2\/types\/post"}],"author":[{"embeddable":true,"href":"https:\/\/pointer-news.com\/fr\/wp-json\/wp\/v2\/users\/23"}],"replies":[{"embeddable":true,"href":"https:\/\/pointer-news.com\/fr\/wp-json\/wp\/v2\/comments?post=162680"}],"version-history":[{"count":1,"href":"https:\/\/pointer-news.com\/fr\/wp-json\/wp\/v2\/posts\/162680\/revisions"}],"predecessor-version":[{"id":162683,"href":"https:\/\/pointer-news.com\/fr\/wp-json\/wp\/v2\/posts\/162680\/revisions\/162683"}],"wp:featuredmedia":[{"embeddable":true,"href":"https:\/\/pointer-news.com\/fr\/wp-json\/wp\/v2\/media\/162677"}],"wp:attachment":[{"href":"https:\/\/pointer-news.com\/fr\/wp-json\/wp\/v2\/media?parent=162680"}],"wp:term":[{"taxonomy":"category","embeddable":true,"href":"https:\/\/pointer-news.com\/fr\/wp-json\/wp\/v2\/categories?post=162680"},{"taxonomy":"post_tag","embeddable":true,"href":"https:\/\/pointer-news.com\/fr\/wp-json\/wp\/v2\/tags?post=162680"}],"curies":[{"name":"wp","href":"https:\/\/api.w.org\/{rel}","templated":true}]}}