{"id":162885,"date":"2025-12-02T11:15:34","date_gmt":"2025-12-02T09:15:34","guid":{"rendered":"https:\/\/pointer-news.com\/?p=162885"},"modified":"2025-12-02T11:15:40","modified_gmt":"2025-12-02T09:15:40","slug":"celebrer-une-decennie-de-connexion-des-jeunes-diversifies-a-la-nature","status":"publish","type":"post","link":"https:\/\/pointer-news.com\/fr\/celebrer-une-decennie-de-connexion-des-jeunes-diversifies-a-la-nature\/","title":{"rendered":"C\u00e9l\u00e9brer une d\u00e9cennie de connexion des jeunes diversifi\u00e9s \u00e0 la nature"},"content":{"rendered":"<p><body><\/p>\n<div class=\"article-content\">\n<p>Une militante environnementale, ayant fond\u00e9 une organisation caritative pour aider les enfants issus de minorit\u00e9s ethniques \u00e0 se rapprocher de la nature, se rem\u00e9more une d\u00e9cennie de transformations significatives dans le paysage culturel.<\/p>\n<p>Dr. Mya-Rose Craig, surnomm\u00e9e &lsquo;Birdgirl&rsquo;, a lanc\u00e9 Black2Nature \u00e0 l&rsquo;\u00e2ge de 13 ans, avec l&rsquo;ambition de r\u00e9duire l&rsquo;\u00e9cart entre les enfants des communaut\u00e9s de minorit\u00e9s visibles (VME) et le monde ext\u00e9rieur.<\/p>\n<p>En c\u00e9l\u00e9brant le 10\u00e8me anniversaire de son initiative, elle constate que l&rsquo;atmosph\u00e8re actuelle est remarquablement diff\u00e9rente, bien qu&rsquo;elle reconnaisse qu&rsquo;il reste encore beaucoup \u00e0 accomplir.<\/p>\n<blockquote><p>\u00ab Il est remarquable de r\u00e9fl\u00e9chir aux dix derni\u00e8res ann\u00e9es et aux centaines d&rsquo;enfants que nous avons touch\u00e9s \u00bb, a-t-elle d\u00e9clar\u00e9. \u00ab La diversit\u00e9 des activit\u00e9s et les transformations dans les vies ont \u00e9t\u00e9 incroyables. \u00bb<\/p><\/blockquote>\n<p>Dr. Craig a soulign\u00e9 qu&rsquo;au d\u00e9but de ses discussions sur la diversit\u00e9 dans les espaces ext\u00e9rieurs, elle avait souvent rencontr\u00e9 des r\u00e9sistances.<\/p>\n<blockquote><p>\u00ab Je me souviens que lors de mes premi\u00e8res conversations, beaucoup \u00e9taient r\u00e9ticents \u00e0 s&rsquo;engager avec moi sur ces sujets \u00bb, a-t-elle partag\u00e9. \u00ab Cela semblait les perturber, car ils n&rsquo;\u00e9taient pas pr\u00eats \u00e0 affronter les r\u00e9alit\u00e9s de l&rsquo;exclusion et du racisme. Cependant, tant de choses ont chang\u00e9 au cours de la derni\u00e8re d\u00e9cennie. \u00bb<\/p><\/blockquote>\n<p>Elle a ajout\u00e9 : \u00ab Ce changement est enthousiasmant pour moi, car cr\u00e9er un environnement plus durable n\u00e9cessite la participation inclusive de tous. \u00bb<\/p>\n<p>Black2Nature organise des camps, des sorties d&rsquo;une journ\u00e9e et des exp\u00e9riences en plein air visant \u00e0 am\u00e9liorer l&rsquo;accessibilit\u00e9 pour les enfants, les jeunes et les familles VME.<\/p>\n<p>L&rsquo;organisation plaide \u00e9galement pour une plus grande diversit\u00e9 raciale dans le secteur environnemental et garantit un acc\u00e8s \u00e9quitable aux espaces verts.<\/p>\n<p>Originaire de Chew Valley dans le Somerset, l&rsquo;inspiration de Dr. Craig pour lancer cette association d\u00e9coule de sa passion profonde pour la nature et l&rsquo;environnement.<\/p>\n<blockquote><p>\u00ab Je crois fermement que la nature est un atout essentiel auquel d&rsquo;autres enfants devraient avoir acc\u00e8s pour leur bien-\u00eatre mental et physique \u00bb, a-t-elle affirm\u00e9. \u00ab Beaucoup de ces enfants n&rsquo;ont jamais mis les pieds \u00e0 la campagne, donc nous cherchons \u00e0 d\u00e9fier ces id\u00e9es pr\u00e9con\u00e7ues. \u00bb<\/p><\/blockquote>\n<p>Dr. Craig a expliqu\u00e9 que pour un nombre significatif d&rsquo;enfants qu&rsquo;ils aident, la campagne semble \u00eatre un royaume inaccessible.<\/p>\n<p>Une \u00e9tude men\u00e9e par la Commission pour l&rsquo;Architecture et l&rsquo;Environnement B\u00e2ti (CABE) r\u00e9v\u00e8le que les individus issus de minorit\u00e9s ethniques ont g\u00e9n\u00e9ralement 11 fois moins d&rsquo;acc\u00e8s aux espaces verts par rapport \u00e0 leurs pairs.<\/p>\n<p>Pour des parents comme Kumar Sultana, 42 ans, de Bristol, Black2Nature a ouvert des portes \u00e0 des exp\u00e9riences que sa famille aurait autrement manqu\u00e9es.<\/p>\n<blockquote><p>\u00ab En tant que parent \u00e0 faible revenu, je n&rsquo;ai pas les moyens de participer \u00e0 des activit\u00e9s comme le camping \u00bb, a-t-elle d\u00e9clar\u00e9.<\/p><\/blockquote>\n<p>Elle a soulign\u00e9 que ces initiatives ont permis \u00e0 ses enfants de se connecter \u00e0 la nature tout en apprenant sur la durabilit\u00e9.<\/p>\n<p>Madame Sultana, issue d&rsquo;un h\u00e9ritage pakistanais, a \u00e9voqu\u00e9 l&rsquo;absence de telles exp\u00e9riences durant sa propre jeunesse.<\/p>\n<blockquote><p>\u00ab Le camping ne faisait pas partie de nos pratiques culturelles, et les contraintes financi\u00e8res ont encore limit\u00e9 l&rsquo;acc\u00e8s \u00bb, a-t-elle mentionn\u00e9. \u00ab Il y a des endroits que nous avons visit\u00e9s que je n&rsquo;aurais pas pu me permettre seule. \u00bb<\/p><\/blockquote>\n<p>Pour c\u00e9l\u00e9brer son dixi\u00e8me anniversaire, l&rsquo;organisation pr\u00e9voit d&rsquo;organiser une conf\u00e9rence \u00e0 l&rsquo;Universit\u00e9 de l&rsquo;Ouest de l&rsquo;Angleterre (UWE) mercredi, ax\u00e9e sur des questions li\u00e9es \u00e0 l&rsquo;\u00e9quit\u00e9 raciale, aux opportunit\u00e9s \u00e9ducatives et aux parcours professionnels dans le domaine environnemental.<\/p>\n<p>En regardant vers l&rsquo;avenir, Dr. Craig a exprim\u00e9 son souhait de voir les organisations environnementales s&rsquo;engager de mani\u00e8re plus authentique aupr\u00e8s des communaut\u00e9s diversifi\u00e9es, tout en veillant \u00e0 ce que les jeunes soient inform\u00e9s des opportunit\u00e9s de carri\u00e8re dans ce secteur.<\/p>\n<p>Elle milite \u00e9galement pour un acc\u00e8s plus large \u00e0 la nature \u00e0 travers le Royaume-Uni.<\/p>\n<blockquote><p>\u00ab J&rsquo;aimerais voir des am\u00e9liorations dans la qualit\u00e9 des espaces verts dans les zones urbaines. Il existe souvent une division de classe concernant l&rsquo;acc\u00e8s aux espaces verts, les quartiers plus ais\u00e9s b\u00e9n\u00e9ficiant de parcs de meilleure qualit\u00e9 \u00bb, a-t-elle conclu.<\/p><\/blockquote>\n<\/div>\n<p><\/body><\/p>\n","protected":false},"excerpt":{"rendered":"<p>Une militante environnementale, ayant fond\u00e9 une organisation caritative pour aider les enfants issus de minorit\u00e9s ethniques \u00e0 se rapprocher de la nature, se rem\u00e9more une d\u00e9cennie de transformations significatives dans le paysage culturel. Dr. Mya-Rose Craig, surnomm\u00e9e &lsquo;Birdgirl&rsquo;, a lanc\u00e9 Black2Nature \u00e0 l&rsquo;\u00e2ge de 13 ans, avec l&rsquo;ambition de r\u00e9duire l&rsquo;\u00e9cart entre les enfants des [&hellip;]<\/p>\n","protected":false},"author":23,"featured_media":162882,"comment_status":"open","ping_status":"open","sticky":false,"template":"","format":"standard","meta":{"_acf_changed":false,"inline_featured_image":false,"footnotes":""},"categories":[451],"tags":[],"class_list":["post-162885","post","type-post","status-publish","format-standard","has-post-thumbnail","hentry","category-world-news"],"acf":[],"_links":{"self":[{"href":"https:\/\/pointer-news.com\/fr\/wp-json\/wp\/v2\/posts\/162885","targetHints":{"allow":["GET"]}}],"collection":[{"href":"https:\/\/pointer-news.com\/fr\/wp-json\/wp\/v2\/posts"}],"about":[{"href":"https:\/\/pointer-news.com\/fr\/wp-json\/wp\/v2\/types\/post"}],"author":[{"embeddable":true,"href":"https:\/\/pointer-news.com\/fr\/wp-json\/wp\/v2\/users\/23"}],"replies":[{"embeddable":true,"href":"https:\/\/pointer-news.com\/fr\/wp-json\/wp\/v2\/comments?post=162885"}],"version-history":[{"count":1,"href":"https:\/\/pointer-news.com\/fr\/wp-json\/wp\/v2\/posts\/162885\/revisions"}],"predecessor-version":[{"id":162888,"href":"https:\/\/pointer-news.com\/fr\/wp-json\/wp\/v2\/posts\/162885\/revisions\/162888"}],"wp:featuredmedia":[{"embeddable":true,"href":"https:\/\/pointer-news.com\/fr\/wp-json\/wp\/v2\/media\/162882"}],"wp:attachment":[{"href":"https:\/\/pointer-news.com\/fr\/wp-json\/wp\/v2\/media?parent=162885"}],"wp:term":[{"taxonomy":"category","embeddable":true,"href":"https:\/\/pointer-news.com\/fr\/wp-json\/wp\/v2\/categories?post=162885"},{"taxonomy":"post_tag","embeddable":true,"href":"https:\/\/pointer-news.com\/fr\/wp-json\/wp\/v2\/tags?post=162885"}],"curies":[{"name":"wp","href":"https:\/\/api.w.org\/{rel}","templated":true}]}}