{"id":163451,"date":"2025-12-04T20:41:55","date_gmt":"2025-12-04T18:41:55","guid":{"rendered":"https:\/\/pointer-news.com\/?p=163451"},"modified":"2025-12-04T20:42:00","modified_gmt":"2025-12-04T18:42:00","slug":"lactivite-volcanique-liee-a-lepidemie-historique-de-la-peste-noire-en-europe","status":"publish","type":"post","link":"https:\/\/pointer-news.com\/fr\/lactivite-volcanique-liee-a-lepidemie-historique-de-la-peste-noire-en-europe\/","title":{"rendered":"L&rsquo;activit\u00e9 volcanique li\u00e9e \u00e0 l&rsquo;\u00e9pid\u00e9mie historique de la peste noire en Europe"},"content":{"rendered":"<p><body><\/p>\n<div class=\"article-content\">\n<p>Des scientifiques avancent l&rsquo;id\u00e9e qu&rsquo;une \u00e9ruption volcanique survenue vers 1345 aurait pu d\u00e9clencher une s\u00e9rie d&rsquo;\u00e9v\u00e9nements menant \u00e0 la terrible peste noire, la pand\u00e9mie la plus mortelle de l&rsquo;histoire europ\u00e9enne. Des preuves conserv\u00e9es dans les cernes des arbres montrent que cette \u00e9ruption a caus\u00e9 des changements climatiques majeurs, facilitant ainsi la propagation de la peste \u00e0 travers l&rsquo;Europe m\u00e9di\u00e9vale.<\/p>\n<p>Selon cette hypoth\u00e8se, les cendres et les gaz \u00e9mis par le volcan ont provoqu\u00e9 une chute drastique des temp\u00e9ratures, entra\u00eenant des \u00e9checs agricoles g\u00e9n\u00e9ralis\u00e9s. De ce fait, les cit\u00e9s-\u00c9tats surpeupl\u00e9es d&rsquo;Italie ont \u00e9t\u00e9 contraintes d&rsquo;importer du grain en provenance des r\u00e9gions environnantes de la mer Noire, introduisant par inadvertance des puces infest\u00e9es de peste en Europe.<\/p>\n<p>Ce m\u00e9lange de bouleversements climatiques, de famines et de perturbations commerciales rappelle avec force comment les maladies peuvent \u00e9merger et se r\u00e9pandre dans un monde de plus en plus interconnect\u00e9 et en r\u00e9chauffement. Le Dr Ulf B\u00fcntgen de l&rsquo;Universit\u00e9 de Cambridge a soulign\u00e9 la raret\u00e9 de tels facteurs co\u00efncidents ayant contribu\u00e9 \u00e0 la peste noire, tout en notant que la probabilit\u00e9 d&rsquo;\u00e9mergence de maladies zoonotiques en raison du changement climatique augmente dans notre soci\u00e9t\u00e9 mondialis\u00e9e.<\/p>\n<p>Le Dr B\u00fcntgen a \u00e9galement fait remarquer la pertinence de ces d\u00e9couvertes \u00e0 la lumi\u00e8re de la r\u00e9cente pand\u00e9mie de Covid-19, insistant sur la n\u00e9cessit\u00e9 de rester vigilant face \u00e0 l&rsquo;interaction entre le climat et les maladies. La peste noire a ravag\u00e9 l&rsquo;Europe entre 1348 et 1349, emportant la vie d&rsquo;environ la moiti\u00e9 de la population continentale.<\/p>\n<p>Cette maladie, caus\u00e9e par la bact\u00e9rie Yersinia pestis, se transmettait principalement par les rongeurs sauvages, notamment les rats, et leurs puces. Les chercheurs estiment que l&rsquo;\u00e9pid\u00e9mie a pris naissance en Asie centrale et s&rsquo;est r\u00e9pandue \u00e0 l&rsquo;\u00e9chelle mondiale par le biais des r\u00e9seaux commerciaux, mais la s\u00e9quence exacte des \u00e9v\u00e9nements qui ont facilit\u00e9 son arriv\u00e9e en Europe et caus\u00e9 des millions de d\u00e9c\u00e8s reste un sujet d&rsquo;enqu\u00eate acad\u00e9mique approfondie.<\/p>\n<p>Des chercheurs de l&rsquo;Universit\u00e9 de Cambridge et de l&rsquo;Institut Leibniz pour l&rsquo;histoire et la culture de l&rsquo;Europe de l&rsquo;Est \u00e0 Leipzig ont r\u00e9cemment fait une d\u00e9couverte cruciale pour r\u00e9soudre ce puzzle historique. Leurs \u00e9tudes des cernes des arbres et des \u00e9chantillons de carottes de glace ont r\u00e9v\u00e9l\u00e9 qu&rsquo;une activit\u00e9 volcanique autour de 1345 avait provoqu\u00e9 une baisse significative des temp\u00e9ratures pendant plusieurs ann\u00e9es, alors que les cendres et les gaz volcaniques obscurcissaient la lumi\u00e8re du soleil.<\/p>\n<p>Cette perturbation climatique a conduit \u00e0 des \u00e9checs de cultures \u00e0 travers le bassin m\u00e9diterran\u00e9en. Dans une tentative d\u00e9sesp\u00e9r\u00e9e de pr\u00e9venir la famine, les cit\u00e9s-\u00c9tats italiennes ont commenc\u00e9 \u00e0 commercer avec des producteurs de grain autour de la mer Noire, permettant sans le vouloir \u00e0 la bact\u00e9rie mortelle de s&rsquo;\u00e9tablir en Europe.<\/p>\n<p>Le Dr Martin Bauch, historien sp\u00e9cialiste du climat m\u00e9di\u00e9val et de l&rsquo;\u00e9pid\u00e9miologie, a expliqu\u00e9 comment ces \u00e9v\u00e9nements climatiques ont co\u00efncid\u00e9 avec une<\/p>\n<\/div>\n<p><\/body><\/p>\n","protected":false},"excerpt":{"rendered":"<p>Des scientifiques avancent l&rsquo;id\u00e9e qu&rsquo;une \u00e9ruption volcanique survenue vers 1345 aurait pu d\u00e9clencher une s\u00e9rie d&rsquo;\u00e9v\u00e9nements menant \u00e0 la terrible peste noire, la pand\u00e9mie la plus mortelle de l&rsquo;histoire europ\u00e9enne. Des preuves conserv\u00e9es dans les cernes des arbres montrent que cette \u00e9ruption a caus\u00e9 des changements climatiques majeurs, facilitant ainsi la propagation de la peste [&hellip;]<\/p>\n","protected":false},"author":23,"featured_media":163448,"comment_status":"open","ping_status":"open","sticky":false,"template":"","format":"standard","meta":{"_acf_changed":false,"inline_featured_image":false,"footnotes":""},"categories":[451],"tags":[],"class_list":["post-163451","post","type-post","status-publish","format-standard","has-post-thumbnail","hentry","category-world-news"],"acf":[],"_links":{"self":[{"href":"https:\/\/pointer-news.com\/fr\/wp-json\/wp\/v2\/posts\/163451","targetHints":{"allow":["GET"]}}],"collection":[{"href":"https:\/\/pointer-news.com\/fr\/wp-json\/wp\/v2\/posts"}],"about":[{"href":"https:\/\/pointer-news.com\/fr\/wp-json\/wp\/v2\/types\/post"}],"author":[{"embeddable":true,"href":"https:\/\/pointer-news.com\/fr\/wp-json\/wp\/v2\/users\/23"}],"replies":[{"embeddable":true,"href":"https:\/\/pointer-news.com\/fr\/wp-json\/wp\/v2\/comments?post=163451"}],"version-history":[{"count":1,"href":"https:\/\/pointer-news.com\/fr\/wp-json\/wp\/v2\/posts\/163451\/revisions"}],"predecessor-version":[{"id":163454,"href":"https:\/\/pointer-news.com\/fr\/wp-json\/wp\/v2\/posts\/163451\/revisions\/163454"}],"wp:featuredmedia":[{"embeddable":true,"href":"https:\/\/pointer-news.com\/fr\/wp-json\/wp\/v2\/media\/163448"}],"wp:attachment":[{"href":"https:\/\/pointer-news.com\/fr\/wp-json\/wp\/v2\/media?parent=163451"}],"wp:term":[{"taxonomy":"category","embeddable":true,"href":"https:\/\/pointer-news.com\/fr\/wp-json\/wp\/v2\/categories?post=163451"},{"taxonomy":"post_tag","embeddable":true,"href":"https:\/\/pointer-news.com\/fr\/wp-json\/wp\/v2\/tags?post=163451"}],"curies":[{"name":"wp","href":"https:\/\/api.w.org\/{rel}","templated":true}]}}