{"id":163539,"date":"2025-12-05T15:34:22","date_gmt":"2025-12-05T13:34:22","guid":{"rendered":"https:\/\/pointer-news.com\/?p=163539"},"modified":"2025-12-05T15:34:28","modified_gmt":"2025-12-05T13:34:28","slug":"le-gouvernement-sengage-a-eliminer-le-sans-abrisme-chez-les-enfants-dans-les-hebergements-temporaire","status":"publish","type":"post","link":"https:\/\/pointer-news.com\/fr\/le-gouvernement-sengage-a-eliminer-le-sans-abrisme-chez-les-enfants-dans-les-hebergements-temporaire\/","title":{"rendered":"Le gouvernement s&rsquo;engage \u00e0 \u00e9liminer le sans-abrisme chez les enfants dans les h\u00e9bergements temporaires"},"content":{"rendered":"<p><body><\/p>\n<div class=\"article-content\">\n<p>Le gouvernement a pris l&rsquo;engagement d&rsquo;\u00e9liminer le probl\u00e8me des enfants \u00e9lev\u00e9s dans des chambres d&rsquo;h\u00f4tes et de faciliter l&rsquo;acc\u00e8s aux services de garde d&rsquo;enfants pour les familles b\u00e9n\u00e9ficiant du Cr\u00e9dit Universel, dans le cadre de sa strat\u00e9gie plus large visant \u00e0 lutter contre la pauvret\u00e9 infantile.<\/p>\n<p>Dans le but de sortir environ 550 000 enfants de la pauvret\u00e9 d&rsquo;ici 2030, cette initiative repr\u00e9sente la baisse la plus significative en une seule l\u00e9gislature depuis le d\u00e9but des enregistrements, incluant des propositions comme la suppression de la limite de deux enfants pour les prestations.<\/p>\n<p>La ministre du Sans-abrisme, Alison McGovern, a soulign\u00e9 que les effets n\u00e9fastes du logement temporaire ont \u00e9t\u00e9 li\u00e9s \u00e0 la mort de certains nourrissons et enfants, ajoutant qu&rsquo;elle se consid\u00e9rerait responsable.<\/p>\n<p>Cette d\u00e9marche est non seulement une promesse politique, mais aussi un appel \u00e0 l&rsquo;action urgente pour prot\u00e9ger les plus vuln\u00e9rables parmi nous.<\/p>\n<p>Face \u00e0 une crise humanitaire croissante, le gouvernement semble d\u00e9termin\u00e9 \u00e0 apporter des changements significatifs qui pourraient transformer la vie de milliers d&rsquo;enfants \u00e0 travers le pays.<\/p>\n<\/div>\n<p><\/body><\/p>\n","protected":false},"excerpt":{"rendered":"<p>Le gouvernement a pris l&rsquo;engagement d&rsquo;\u00e9liminer le probl\u00e8me des enfants \u00e9lev\u00e9s dans des chambres d&rsquo;h\u00f4tes et de faciliter l&rsquo;acc\u00e8s aux services de garde d&rsquo;enfants pour les familles b\u00e9n\u00e9ficiant du Cr\u00e9dit Universel, dans le cadre de sa strat\u00e9gie plus large visant \u00e0 lutter contre la pauvret\u00e9 infantile. Dans le but de sortir environ 550 000 enfants [&hellip;]<\/p>\n","protected":false},"author":23,"featured_media":163536,"comment_status":"open","ping_status":"open","sticky":false,"template":"","format":"standard","meta":{"_acf_changed":false,"inline_featured_image":false,"footnotes":""},"categories":[462],"tags":[],"class_list":["post-163539","post","type-post","status-publish","format-standard","has-post-thumbnail","hentry","category-economy"],"acf":[],"_links":{"self":[{"href":"https:\/\/pointer-news.com\/fr\/wp-json\/wp\/v2\/posts\/163539","targetHints":{"allow":["GET"]}}],"collection":[{"href":"https:\/\/pointer-news.com\/fr\/wp-json\/wp\/v2\/posts"}],"about":[{"href":"https:\/\/pointer-news.com\/fr\/wp-json\/wp\/v2\/types\/post"}],"author":[{"embeddable":true,"href":"https:\/\/pointer-news.com\/fr\/wp-json\/wp\/v2\/users\/23"}],"replies":[{"embeddable":true,"href":"https:\/\/pointer-news.com\/fr\/wp-json\/wp\/v2\/comments?post=163539"}],"version-history":[{"count":1,"href":"https:\/\/pointer-news.com\/fr\/wp-json\/wp\/v2\/posts\/163539\/revisions"}],"predecessor-version":[{"id":163542,"href":"https:\/\/pointer-news.com\/fr\/wp-json\/wp\/v2\/posts\/163539\/revisions\/163542"}],"wp:featuredmedia":[{"embeddable":true,"href":"https:\/\/pointer-news.com\/fr\/wp-json\/wp\/v2\/media\/163536"}],"wp:attachment":[{"href":"https:\/\/pointer-news.com\/fr\/wp-json\/wp\/v2\/media?parent=163539"}],"wp:term":[{"taxonomy":"category","embeddable":true,"href":"https:\/\/pointer-news.com\/fr\/wp-json\/wp\/v2\/categories?post=163539"},{"taxonomy":"post_tag","embeddable":true,"href":"https:\/\/pointer-news.com\/fr\/wp-json\/wp\/v2\/tags?post=163539"}],"curies":[{"name":"wp","href":"https:\/\/api.w.org\/{rel}","templated":true}]}}