{"id":163558,"date":"2025-12-05T16:50:41","date_gmt":"2025-12-05T14:50:41","guid":{"rendered":"https:\/\/pointer-news.com\/?p=163558"},"modified":"2025-12-05T16:50:47","modified_gmt":"2025-12-05T14:50:47","slug":"les-parents-attendent-anxieusement-la-reouverture-de-lecole-primaire-nazareth-house","status":"publish","type":"post","link":"https:\/\/pointer-news.com\/fr\/les-parents-attendent-anxieusement-la-reouverture-de-lecole-primaire-nazareth-house\/","title":{"rendered":"Les parents attendent anxieusement la r\u00e9ouverture de l&rsquo;\u00e9cole primaire Nazareth House"},"content":{"rendered":"<p><body><\/p>\n<div class=\"article-content\">\n<p>Plus de 200 \u00e9l\u00e8ves de l&rsquo;\u00e9cole primaire Nazareth House \u00e0 Londonderry restent chez eux ce jeudi en raison de probl\u00e8mes de s\u00e9curit\u00e9 li\u00e9s \u00e0 la toiture de l&rsquo;\u00e9tablissement, ce qui a conduit \u00e0 sa fermeture.<\/p>\n<p>L&rsquo;Autorit\u00e9 de l&rsquo;\u00c9ducation (EA) a indiqu\u00e9 que des r\u00e9parations urgentes sont prioritaires pour permettre une r\u00e9ouverture rapide. Toutefois, des parents comme Terri Lamberton expriment leurs inqui\u00e9tudes concernant la dur\u00e9e de cette fermeture.<\/p>\n<p>Lamberton, qui a deux enfants inscrits \u00e0 l&rsquo;\u00e9cole, dont son fils Daniel, \u00e2g\u00e9 de sept ans et ayant des besoins \u00e9ducatifs sp\u00e9ciaux, a soulign\u00e9 : \u00ab Pour mon enfant, qui fait face \u00e0 des d\u00e9fis sp\u00e9cifiques, maintenir une routine est essentiel. Son apprentissage sera consid\u00e9rablement affect\u00e9 par cette absence de l&rsquo;\u00e9cole. \u00bb<\/p>\n<blockquote><p>Daniel a partag\u00e9 ses sentiments en d\u00e9clarant : \u00ab Je suis vraiment triste et je manque \u00e0 tous mes amis, \u00e0 mes assistants de classe, \u00e0 mon enseignant et \u00e0 mon directeur. \u00bb<\/p><\/blockquote>\n<p>L&rsquo;\u00e9tablissement a \u00e9t\u00e9 ferm\u00e9 initialement mercredi apr\u00e8s une inspection qui a jug\u00e9 la toiture dangereuse.<\/p>\n<p>Lamberton a qualifi\u00e9 la situation de d\u00e9veloppement choquant, laissant les familles avec peu de temps pour se pr\u00e9parer \u00e0 cette fermeture soudaine.<\/p>\n<p>Pour sa fille de 10 ans, Gail, les pr\u00e9occupations majeures portent sur son \u00e9ducation et l&rsquo;absence d&rsquo;interactions quotidiennes avec ses camarades. \u00ab Je me sens assez triste de ne pas pouvoir voir mes amis, \u00bb a-t-elle expliqu\u00e9. \u00ab Je suis aussi anxieuse \u00e0 l&rsquo;id\u00e9e d&rsquo;\u00eatre en P6 et de me pr\u00e9parer pour mon test de transfert. C&rsquo;est vraiment perturbant. \u00bb<\/p>\n<p>Sa m\u00e8re a exprim\u00e9 qu&rsquo;elles se sentent d\u00e9vast\u00e9es et sont incertaines quant \u00e0 la dur\u00e9e de cette perturbation.<\/p>\n<p>\u00ab Nous avons une communaut\u00e9 forte, et j&rsquo;encourage les parents \u00e0 rester patients et \u00e0 soutenir Nazareth House durant cette p\u00e9riode, \u00bb a-t-elle ajout\u00e9.<\/p>\n<p>Le b\u00e2timent, situ\u00e9 sur Bishop Street, existe depuis 1902. La directrice R\u00f3is\u00edn Blackery a d\u00e9clar\u00e9 que des pr\u00e9occupations concernant l&rsquo;int\u00e9grit\u00e9 structurelle de l&rsquo;\u00e9cole ont \u00e9t\u00e9 soulev\u00e9es depuis 20 ans.<\/p>\n<p>Elle a r\u00e9v\u00e9l\u00e9 qu&rsquo;une proposition pour un nouveau toit a \u00e9t\u00e9 soumise \u00e0 l&rsquo;EA en 2017, mais qu&rsquo;elle n&rsquo;a pas encore \u00e9t\u00e9 trait\u00e9e. \u00ab Nous avons continuellement signal\u00e9 des probl\u00e8mes tels que l&rsquo;humidit\u00e9 et le papier peint qui se d\u00e9colle \u00e0 l&rsquo;EA, \u00bb a ajout\u00e9 Blackery.<\/p>\n<p>L&rsquo;\u00e9v\u00eaque catholique de Derry, Donal McKeown, qui pr\u00e9side le conseil d&rsquo;administration de l&rsquo;\u00e9cole, a critiqu\u00e9 le manque de financement pour l&rsquo;entretien dans le secteur \u00e9ducatif. Il a soulign\u00e9 que ce probl\u00e8me est symptomatique d&rsquo;un sous-financement plus large et a appel\u00e9 \u00e0 une r\u00e9\u00e9valuation du soutien financier aux \u00e9coles.<\/p>\n<blockquote><p>\u00ab Cette situation \u00e9tait in\u00e9vitable ; nous savions qu&rsquo;une telle chose finirait par se produire, \u00bb a d\u00e9clar\u00e9 McKeown. \u00ab Si nous n\u00e9gligeons nos enfants maintenant, nous ferons face \u00e0 des d\u00e9fis plus importants \u00e0 l&rsquo;avenir. \u00bb<\/p><\/blockquote>\n<p>Le membre de l&rsquo;assembl\u00e9e Sinn F\u00e9in, P\u00e1draig Delargy, a d\u00e9crit les circonstances actuelles comme une p\u00e9riode difficile pour tous les concern\u00e9s, surtout avec l&rsquo;approche des vacances.<\/p>\n<p>\u00ab L&rsquo;\u00e9cole cherche simplement une solution pratique qui minimise les perturbations dans l&rsquo;exp\u00e9rience \u00e9ducative de ses \u00e9l\u00e8ves, \u00bb a-t-il remarqu\u00e9. \u00ab Il est imp\u00e9ratif que le minist\u00e8re de l&rsquo;\u00c9ducation et l&rsquo;EA s&rsquo;attaquent \u00e0 cette pr\u00e9occupation ainsi qu&rsquo;\u00e0 d&rsquo;autres d\u00e9fis rencontr\u00e9s par d&rsquo;autres \u00e9coles. \u00bb<\/p>\n<p>L&rsquo;EA a exprim\u00e9 des pr\u00e9occupations consid\u00e9rables concernant l&rsquo;accumulation croissante de travaux d&rsquo;entretien et de r\u00e9parations n\u00e9cessaires dans les \u00e9coles d&rsquo;Irlande du Nord, attribu\u00e9e \u00e0 un financement insuffisant.<\/p>\n<p>Un porte-parole a d\u00e9clar\u00e9 : \u00ab En raison des contraintes budg\u00e9taires actuelles, nous ne pouvons effectuer que des r\u00e9parations d&rsquo;urgence. Cela devient une situation insoutenable. Sans une augmentation substantielle du financement, nos installations scolaires continueront de se d\u00e9t\u00e9riorer, ce qui entra\u00eenera d&rsquo;autres perturbations dans l&rsquo;\u00e9ducation. \u00bb<\/p>\n<p>Le minist\u00e8re de l&rsquo;\u00c9ducation a \u00e9t\u00e9 contact\u00e9 pour un commentaire concernant la situation actuelle.<\/p>\n<\/div>\n<p><\/body><\/p>\n","protected":false},"excerpt":{"rendered":"<p>Plus de 200 \u00e9l\u00e8ves de l&rsquo;\u00e9cole primaire Nazareth House \u00e0 Londonderry restent chez eux ce jeudi en raison de probl\u00e8mes de s\u00e9curit\u00e9 li\u00e9s \u00e0 la toiture de l&rsquo;\u00e9tablissement, ce qui a conduit \u00e0 sa fermeture. L&rsquo;Autorit\u00e9 de l&rsquo;\u00c9ducation (EA) a indiqu\u00e9 que des r\u00e9parations urgentes sont prioritaires pour permettre une r\u00e9ouverture rapide. Toutefois, des parents [&hellip;]<\/p>\n","protected":false},"author":23,"featured_media":163555,"comment_status":"open","ping_status":"open","sticky":false,"template":"","format":"standard","meta":{"_acf_changed":false,"inline_featured_image":false,"footnotes":""},"categories":[451],"tags":[],"class_list":["post-163558","post","type-post","status-publish","format-standard","has-post-thumbnail","hentry","category-world-news"],"acf":[],"_links":{"self":[{"href":"https:\/\/pointer-news.com\/fr\/wp-json\/wp\/v2\/posts\/163558","targetHints":{"allow":["GET"]}}],"collection":[{"href":"https:\/\/pointer-news.com\/fr\/wp-json\/wp\/v2\/posts"}],"about":[{"href":"https:\/\/pointer-news.com\/fr\/wp-json\/wp\/v2\/types\/post"}],"author":[{"embeddable":true,"href":"https:\/\/pointer-news.com\/fr\/wp-json\/wp\/v2\/users\/23"}],"replies":[{"embeddable":true,"href":"https:\/\/pointer-news.com\/fr\/wp-json\/wp\/v2\/comments?post=163558"}],"version-history":[{"count":1,"href":"https:\/\/pointer-news.com\/fr\/wp-json\/wp\/v2\/posts\/163558\/revisions"}],"predecessor-version":[{"id":163561,"href":"https:\/\/pointer-news.com\/fr\/wp-json\/wp\/v2\/posts\/163558\/revisions\/163561"}],"wp:featuredmedia":[{"embeddable":true,"href":"https:\/\/pointer-news.com\/fr\/wp-json\/wp\/v2\/media\/163555"}],"wp:attachment":[{"href":"https:\/\/pointer-news.com\/fr\/wp-json\/wp\/v2\/media?parent=163558"}],"wp:term":[{"taxonomy":"category","embeddable":true,"href":"https:\/\/pointer-news.com\/fr\/wp-json\/wp\/v2\/categories?post=163558"},{"taxonomy":"post_tag","embeddable":true,"href":"https:\/\/pointer-news.com\/fr\/wp-json\/wp\/v2\/tags?post=163558"}],"curies":[{"name":"wp","href":"https:\/\/api.w.org\/{rel}","templated":true}]}}