{"id":163666,"date":"2025-12-05T21:43:57","date_gmt":"2025-12-05T19:43:57","guid":{"rendered":"https:\/\/pointer-news.com\/?p=163666"},"modified":"2025-12-05T21:44:02","modified_gmt":"2025-12-05T19:44:02","slug":"starmer-rejette-lunion-douaniere-de-lue-suite-aux-remarques-de-lammy","status":"publish","type":"post","link":"https:\/\/pointer-news.com\/fr\/starmer-rejette-lunion-douaniere-de-lue-suite-aux-remarques-de-lammy\/","title":{"rendered":"Starmer rejette l&rsquo;union douani\u00e8re de l&rsquo;UE suite aux remarques de Lammy"},"content":{"rendered":"<p><body><\/p>\n<div class=\"article-content\">\n<p>Sir Keir Starmer a r\u00e9affirm\u00e9 avec force sa position contre le retour dans l&rsquo;union douani\u00e8re de l&rsquo;Union europ\u00e9enne, malgr\u00e9 les r\u00e9centes d\u00e9clarations du vice-Premier ministre David Lammy concernant les avantages \u00e9conomiques observ\u00e9s par les pays participants \u00e0 de tels accords.<\/p>\n<p>Dans un podcast diffus\u00e9 jeudi, Lammy a soulign\u00e9 que les cons\u00e9quences \u00e9conomiques du Brexit ont \u00e9t\u00e9 ind\u00e9niablement pr\u00e9judiciables pour le Royaume-Uni. Il a pr\u00e9cis\u00e9 que bien que le r\u00e9engagement dans l&rsquo;union douani\u00e8re ne soit \u00ab actuellement pas notre politique \u00bb, des exemples comme la Turquie ont montr\u00e9 une croissance \u00e9conomique li\u00e9e \u00e0 leur union douani\u00e8re avec l&rsquo;UE.<\/p>\n<p>Le Premier ministre, qui met constamment l&rsquo;accent sur la croissance \u00e9conomique comme priorit\u00e9 de son administration, a exprim\u00e9 son souhait de renforcer les relations commerciales avec l&rsquo;UE sans compromettre les engagements du Parti travailliste \u00e9tablis apr\u00e8s le Brexit.<\/p>\n<p>Le manifeste \u00e9lectoral du Parti travailliste a clairement exclu la possibilit\u00e9 de r\u00e9int\u00e9grer l&rsquo;union douani\u00e8re de l&rsquo;UE, qui impose aux 27 \u00c9tats membres restants d&rsquo;appliquer des tarifs uniformes sur les importations en provenance de l&rsquo;ext\u00e9rieur de l&rsquo;UE. De plus, le parti a \u00e9galement indiqu\u00e9 qu&rsquo;il ne rejoindrait pas le march\u00e9 unique de l&rsquo;UE, qui facilite le commerce en standardisant certaines r\u00e9glementations concernant les biens et services.<\/p>\n<p>En lieu et place de ces arrangements, le gouvernement vise \u00e0 \u00e9tablir des liens \u00e9conomiques plus \u00e9troits \u00e0 travers une s\u00e9rie d&rsquo;accords suppl\u00e9mentaires traitant de divers enjeux, notamment les normes alimentaires, les visas pour jeunes voyageurs, la tarification du carbone et le commerce de l&rsquo;\u00e9lectricit\u00e9.<\/p>\n<p>Ce sujet a refait surface dans les discussions politiques r\u00e9cemment, en particulier alors que les D\u00e9mocrates lib\u00e9raux plaident pour un nouvel accord d&rsquo;union douani\u00e8re avec l&rsquo;UE. Lors d&rsquo;une apparition sur le podcast The News Agents, Lammy a d\u00e9clar\u00e9 : \u00ab Il est \u00e9vident que quitter l&rsquo;Union europ\u00e9enne a gravement endommag\u00e9 notre \u00e9conomie, nous a exclus d&rsquo;un march\u00e9 important et a cr\u00e9\u00e9 des frictions s\u00e9rieuses. \u00bb<\/p>\n<p>Interrog\u00e9 sur la possibilit\u00e9 pour le Royaume-Uni d&rsquo;entrer dans une union douani\u00e8re avec l&rsquo;UE, il a maintenu : \u00ab Ce n&rsquo;est pas actuellement notre politique, ce n&rsquo;est pas l\u00e0 o\u00f9 nous en sommes. \u00bb N\u00e9anmoins, il a soulign\u00e9 que la Turquie, b\u00e9n\u00e9ficiant de son union douani\u00e8re avec l&rsquo;UE, conna\u00eet apparemment une croissance \u00e9conomique.<\/p>\n<p>L&rsquo;accord de la Turquie, qui exclut les produits et services agricoles, r\u00e9duit le besoin de preuves d&rsquo;origine pour de nombreux biens \u00e9chang\u00e9s avec l&rsquo;UE, une source significative de tensions commerciales pour le Royaume-Uni depuis le Brexit. Ce mod\u00e8le a \u00e9t\u00e9 propos\u00e9 auparavant comme une m\u00e9thode plus r\u00e9alisable pour renforcer les liens par rapport \u00e0 un retour pur et simple dans l&rsquo;union douani\u00e8re.<\/p>\n<p>Cependant, il est crucial de noter que ce cadre limite consid\u00e9rablement la capacit\u00e9 de la Turquie \u00e0 mener une politique commerciale ind\u00e9pendante, une promesse essentielle faite par les partisans du Brexit.<\/p>\n<p>En r\u00e9ponse aux commentaires de Lammy vendredi, Sir Keir a d\u00e9clar\u00e9 : \u00ab La position que nous adoptons a \u00e9t\u00e9 clairement expos\u00e9e dans le manifeste, et nous l&rsquo;avons suivie. \u00bb Il a affirm\u00e9 que le Parti travailliste a fondamentalement red\u00e9fini la relation du Royaume-Uni avec l&rsquo;Europe depuis qu&rsquo;il a pris ses fonctions l&rsquo;ann\u00e9e derni\u00e8re.<\/p>\n<p>Plus t\u00f4t, un porte-parole de Downing Street a minimis\u00e9 les d\u00e9clarations de Lammy, affirmant que le gouvernement vise \u00e0 renforcer les liens tout en respectant les lignes rouges \u00e9tablies. Le porte-parole a ajout\u00e9 que le Parti travailliste se concentre sur la promotion de la croissance \u00e0 travers \u00ab des relations commerciales ouvertes \u00bb, citant les accords commerciaux avec l&rsquo;Inde et les \u00c9tats-Unis comme des avantages d\u00e9coulant du Brexit.<\/p>\n<p>Les D\u00e9mocrates lib\u00e9raux ont tir\u00e9 parti des commentaires de Lammy, l&rsquo;exhortant \u00e0 s&rsquo;aligner sur leur position la semaine prochaine alors qu&rsquo;ils cherchent \u00e0 initier un vote sur la question de l&rsquo;union douani\u00e8re. Al Pinkerton, le porte-parole du parti pour l&rsquo;Europe, a comment\u00e9 : \u00ab Il devient \u00e9vident qu&rsquo;une union douani\u00e8re est la meilleure fa\u00e7on de r\u00e9soudre les probl\u00e8mes \u00e9conomiques qui affligent la Grande-Bretagne. Il est temps pour Lammy de passer aux actes. \u00bb<\/p>\n<\/div>\n<p><\/body><\/p>\n","protected":false},"excerpt":{"rendered":"<p>Sir Keir Starmer a r\u00e9affirm\u00e9 avec force sa position contre le retour dans l&rsquo;union douani\u00e8re de l&rsquo;Union europ\u00e9enne, malgr\u00e9 les r\u00e9centes d\u00e9clarations du vice-Premier ministre David Lammy concernant les avantages \u00e9conomiques observ\u00e9s par les pays participants \u00e0 de tels accords. Dans un podcast diffus\u00e9 jeudi, Lammy a soulign\u00e9 que les cons\u00e9quences \u00e9conomiques du Brexit ont [&hellip;]<\/p>\n","protected":false},"author":23,"featured_media":163663,"comment_status":"open","ping_status":"open","sticky":false,"template":"","format":"standard","meta":{"_acf_changed":false,"inline_featured_image":false,"footnotes":""},"categories":[474],"tags":[],"class_list":["post-163666","post","type-post","status-publish","format-standard","has-post-thumbnail","hentry","category-politics-laws"],"acf":[],"_links":{"self":[{"href":"https:\/\/pointer-news.com\/fr\/wp-json\/wp\/v2\/posts\/163666","targetHints":{"allow":["GET"]}}],"collection":[{"href":"https:\/\/pointer-news.com\/fr\/wp-json\/wp\/v2\/posts"}],"about":[{"href":"https:\/\/pointer-news.com\/fr\/wp-json\/wp\/v2\/types\/post"}],"author":[{"embeddable":true,"href":"https:\/\/pointer-news.com\/fr\/wp-json\/wp\/v2\/users\/23"}],"replies":[{"embeddable":true,"href":"https:\/\/pointer-news.com\/fr\/wp-json\/wp\/v2\/comments?post=163666"}],"version-history":[{"count":1,"href":"https:\/\/pointer-news.com\/fr\/wp-json\/wp\/v2\/posts\/163666\/revisions"}],"predecessor-version":[{"id":163669,"href":"https:\/\/pointer-news.com\/fr\/wp-json\/wp\/v2\/posts\/163666\/revisions\/163669"}],"wp:featuredmedia":[{"embeddable":true,"href":"https:\/\/pointer-news.com\/fr\/wp-json\/wp\/v2\/media\/163663"}],"wp:attachment":[{"href":"https:\/\/pointer-news.com\/fr\/wp-json\/wp\/v2\/media?parent=163666"}],"wp:term":[{"taxonomy":"category","embeddable":true,"href":"https:\/\/pointer-news.com\/fr\/wp-json\/wp\/v2\/categories?post=163666"},{"taxonomy":"post_tag","embeddable":true,"href":"https:\/\/pointer-news.com\/fr\/wp-json\/wp\/v2\/tags?post=163666"}],"curies":[{"name":"wp","href":"https:\/\/api.w.org\/{rel}","templated":true}]}}