{"id":163714,"date":"2025-12-05T23:49:55","date_gmt":"2025-12-05T21:49:55","guid":{"rendered":"https:\/\/pointer-news.com\/?p=163714"},"modified":"2025-12-05T23:50:00","modified_gmt":"2025-12-05T21:50:00","slug":"ladhesion-du-leader-du-conseil-annulee-en-raison-dallegations-de-racisme","status":"publish","type":"post","link":"https:\/\/pointer-news.com\/fr\/ladhesion-du-leader-du-conseil-annulee-en-raison-dallegations-de-racisme\/","title":{"rendered":"L&rsquo;adh\u00e9sion du leader du conseil annul\u00e9e en raison d&rsquo;all\u00e9gations de racisme"},"content":{"rendered":"<p><body><\/p>\n<div class=\"article-content\">\n<p>Le leader de Reform UK au conseil du comt\u00e9 de Staffordshire, Ian Cooper, a \u00e9t\u00e9 expuls\u00e9 du parti suite \u00e0 des accusations concernant des propos racistes tenus sur les r\u00e9seaux sociaux.<\/p>\n<p>Au c\u0153ur des all\u00e9gations visant Cooper se trouvait un message mentionnant l&rsquo;ancien secr\u00e9taire d&rsquo;\u00c9tat aux Affaires \u00e9trang\u00e8res, David Lammy, dans lequel il affirmait que \u00ab\u00a0aucun ressortissant \u00e9tranger ou migrant de premi\u00e8re g\u00e9n\u00e9ration ne devrait occuper un si\u00e8ge au Parlement\u00a0\u00bb.<\/p>\n<p>Un porte-parole du parti a confirm\u00e9 : \u00ab\u00a0Apr\u00e8s avoir men\u00e9 une enqu\u00eate sur l&rsquo;absence de comptes de r\u00e9seaux sociaux lors du processus de s\u00e9lection des candidats, l&rsquo;adh\u00e9sion d&rsquo;Ian Cooper \u00e0 Reform UK a \u00e9t\u00e9 annul\u00e9e.\u00a0\u00bb<\/p>\n<p>Bien que Cooper continue d&rsquo;exercer ses fonctions de leader du conseil, il a \u00e9t\u00e9 d\u00e9mis de son poste \u00e0 la t\u00eate du groupe Reform.<\/p>\n<p>Nigel Farage, le leader national de Reform UK, a d\u00e9clar\u00e9 que l&rsquo;enqu\u00eate sur les actions de Cooper n&rsquo;\u00e9tait pas de bon augure pour son statut en tant que leader du conseil.<\/p>\n<p>Les tentatives de joindre Cooper pour obtenir des commentaires sont rest\u00e9es sans r\u00e9ponse.<\/p>\n<p>L&rsquo;organisation activiste Hope Not Hate a all\u00e9gu\u00e9 avoir d\u00e9couvert du contenu raciste li\u00e9 \u00e0 Cooper sur un compte associ\u00e9 \u00e0 lui sur la plateforme de m\u00e9dias sociaux X.<\/p>\n<p>De plus, son activit\u00e9 sur Facebook a \u00e9t\u00e9 scrut\u00e9e, o\u00f9 il \u00e9tait pr\u00e9tendument un fan \u00e9minent d&rsquo;une page nomm\u00e9e The European Race, connue pour promouvoir des id\u00e9ologies de supr\u00e9macisme blanc.<\/p>\n<p>Un statut de \u00ab\u00a0fan \u00e9minent\u00a0\u00bb indique un engagement significatif avec une page Facebook.<\/p>\n<p>Philip White, le chef du groupe conservateur \u00e0 Staffordshire, qui a dirig\u00e9 le conseil avant les \u00e9lections de mai, a exhort\u00e9 Cooper \u00e0 d\u00e9missionner.<\/p>\n<blockquote><p>\u00ab\u00a0Il n&rsquo;\u00e9tait qu&rsquo;une question de temps avant qu&rsquo;Ian Cooper ne doive se retirer, mais Reform n&rsquo;a pas su s&rsquo;attaquer \u00e0 la bigoterie manifeste au sein de leur branche du Staffordshire,\u00a0\u00bb a d\u00e9clar\u00e9 White.<\/p><\/blockquote>\n<p>Il a ajout\u00e9 : \u00ab\u00a0Nigel Farage doit r\u00e9\u00e9valuer d&rsquo;urgence l&rsquo;ensemble de ses op\u00e9rations dans le Staffordshire ; c&rsquo;est le troisi\u00e8me incident impliquant un conseiller de Reform de Staffordshire depuis mai, une tendance qui m\u00e9rite d&rsquo;\u00eatre prise en compte.\u00a0\u00bb<\/p>\n<p>Plus t\u00f4t cette semaine, alors que des all\u00e9gations concernant Cooper \u00e9mergaient, neuf d\u00e9put\u00e9s travaillistes de Staffordshire ont appel\u00e9 \u00e0 sa d\u00e9mission.<\/p>\n<p>Ils ont publi\u00e9 une d\u00e9claration avant l&rsquo;annonce de vendredi, affirmant : \u00ab\u00a0En partageant un tel contenu, Ian Cooper a r\u00e9v\u00e9l\u00e9 ses opinions d&rsquo;extr\u00eame droite et racistes. Staffordshire m\u00e9rite d&rsquo;\u00eatre mieux repr\u00e9sent\u00e9 que cette bigoterie flagrante.\u00a0\u00bb<\/p>\n<p>Cooper avait \u00e9t\u00e9 nomm\u00e9 leader de l&rsquo;autorit\u00e9 en mai apr\u00e8s que Reform UK ait remport\u00e9 49 si\u00e8ges au conseil.<\/p>\n<p>En attendant, le conseiller Martin Murray a \u00e9t\u00e9 d\u00e9sign\u00e9 comme leader par int\u00e9rim du groupe Reform au conseil du comt\u00e9 de Staffordshire jusqu&rsquo;\u00e0 l&rsquo;\u00e9lection d&rsquo;un nouveau leader permanent.<\/p>\n<p>Un repr\u00e9sentant du conseil du comt\u00e9 de Staffordshire a indiqu\u00e9 que le processus de nomination d&rsquo;un nouveau leader n\u00e9cessiterait une approbation lors d&rsquo;une r\u00e9union du conseil en entier, visant \u00e0 collaborer avec l&rsquo;administration sur les \u00e9tapes suivantes.<\/p>\n<p>La prochaine r\u00e9union du conseil en entier est pr\u00e9vue pour le jeudi 11 d\u00e9cembre.<\/p>\n<p>\u00ab\u00a0Notre attention restera port\u00e9e sur le service aux r\u00e9sidents de Staffordshire et sur la garantie d&rsquo;une continuit\u00e9 dans la prestation des services,\u00a0\u00bb a ajout\u00e9 le porte-parole du conseil.<\/p>\n<p>Cet incident n&rsquo;est pas le premier \u00e0 susciter l&rsquo;attention sur les conseillers de Reform de Staffordshire en raison de leurs activit\u00e9s sur les r\u00e9seaux sociaux.<\/p>\n<p>Le mois dernier, Peter Mason, membre du cabinet en charge des routes, a pr\u00e9sent\u00e9 des excuses pour ses remarques concernant les femmes noires et la police.<\/p>\n<\/div>\n<p><\/body><\/p>\n","protected":false},"excerpt":{"rendered":"<p>Le leader de Reform UK au conseil du comt\u00e9 de Staffordshire, Ian Cooper, a \u00e9t\u00e9 expuls\u00e9 du parti suite \u00e0 des accusations concernant des propos racistes tenus sur les r\u00e9seaux sociaux. Au c\u0153ur des all\u00e9gations visant Cooper se trouvait un message mentionnant l&rsquo;ancien secr\u00e9taire d&rsquo;\u00c9tat aux Affaires \u00e9trang\u00e8res, David Lammy, dans lequel il affirmait que [&hellip;]<\/p>\n","protected":false},"author":23,"featured_media":163711,"comment_status":"open","ping_status":"open","sticky":false,"template":"","format":"standard","meta":{"_acf_changed":false,"inline_featured_image":false,"footnotes":""},"categories":[474],"tags":[],"class_list":["post-163714","post","type-post","status-publish","format-standard","has-post-thumbnail","hentry","category-politics-laws"],"acf":[],"_links":{"self":[{"href":"https:\/\/pointer-news.com\/fr\/wp-json\/wp\/v2\/posts\/163714","targetHints":{"allow":["GET"]}}],"collection":[{"href":"https:\/\/pointer-news.com\/fr\/wp-json\/wp\/v2\/posts"}],"about":[{"href":"https:\/\/pointer-news.com\/fr\/wp-json\/wp\/v2\/types\/post"}],"author":[{"embeddable":true,"href":"https:\/\/pointer-news.com\/fr\/wp-json\/wp\/v2\/users\/23"}],"replies":[{"embeddable":true,"href":"https:\/\/pointer-news.com\/fr\/wp-json\/wp\/v2\/comments?post=163714"}],"version-history":[{"count":1,"href":"https:\/\/pointer-news.com\/fr\/wp-json\/wp\/v2\/posts\/163714\/revisions"}],"predecessor-version":[{"id":163717,"href":"https:\/\/pointer-news.com\/fr\/wp-json\/wp\/v2\/posts\/163714\/revisions\/163717"}],"wp:featuredmedia":[{"embeddable":true,"href":"https:\/\/pointer-news.com\/fr\/wp-json\/wp\/v2\/media\/163711"}],"wp:attachment":[{"href":"https:\/\/pointer-news.com\/fr\/wp-json\/wp\/v2\/media?parent=163714"}],"wp:term":[{"taxonomy":"category","embeddable":true,"href":"https:\/\/pointer-news.com\/fr\/wp-json\/wp\/v2\/categories?post=163714"},{"taxonomy":"post_tag","embeddable":true,"href":"https:\/\/pointer-news.com\/fr\/wp-json\/wp\/v2\/tags?post=163714"}],"curies":[{"name":"wp","href":"https:\/\/api.w.org\/{rel}","templated":true}]}}