{"id":163945,"date":"2025-12-07T14:00:01","date_gmt":"2025-12-07T12:00:01","guid":{"rendered":"https:\/\/pointer-news.com\/?p=163945"},"modified":"2025-12-07T14:00:07","modified_gmt":"2025-12-07T12:00:07","slug":"des-opportunites-demploi-pour-les-jeunes-beneficiaires-de-laide-sociale-dans-la-construction-et-lhot","status":"publish","type":"post","link":"https:\/\/pointer-news.com\/fr\/des-opportunites-demploi-pour-les-jeunes-beneficiaires-de-laide-sociale-dans-la-construction-et-lhot\/","title":{"rendered":"Des opportunit\u00e9s d&#8217;emploi pour les jeunes b\u00e9n\u00e9ficiaires de l&rsquo;aide sociale dans la construction et l&rsquo;h\u00f4tellerie"},"content":{"rendered":"<p><body><\/p>\n<div class=\"article-content\">\n<p>Pour lutter contre l&rsquo;augmentation du ch\u00f4mage chez les jeunes, le gouvernement propose des emplois financ\u00e9s par les contribuables pour les jeunes recevant des prestations, notamment dans les secteurs de la construction et de l&rsquo;h\u00f4tellerie.<\/p>\n<p>Un budget de 820 millions de livres sterling a \u00e9t\u00e9 pr\u00e9vu pour soutenir 55 000 placements de travail de six mois, englobant \u00e9galement des formations et un soutien professionnel suppl\u00e9mentaire.<\/p>\n<p>Le Secr\u00e9taire au Travail et aux Pensions, Pat McFadden, a pr\u00e9cis\u00e9 que les b\u00e9n\u00e9ficiaires qui refusent une offre d&#8217;emploi sans raison valable verront leurs prestations r\u00e9duites.<\/p>\n<p>Cette initiative a \u00e9t\u00e9 critiqu\u00e9e par le Parti conservateur, qui d\u00e9nonce un manque de strat\u00e9gie de croissance et de plans concrets pour la cr\u00e9ation d&#8217;emplois de la part du Parti travailliste.<\/p>\n<h2>D\u00e9tails du programme d&#8217;emploi<\/h2>\n<p>La mise en \u0153uvre de ces placements d\u00e9butera dans six r\u00e9gions du Royaume-Uni, o\u00f9 le ch\u00f4mage des jeunes est particuli\u00e8rement pr\u00e9occupant, avec un lancement pr\u00e9vu au printemps 2026, suite \u00e0 une annonce faite en septembre.<\/p>\n<p>Les postes de six mois seront enti\u00e8rement subventionn\u00e9s pour 25 heures par semaine au salaire minimum l\u00e9gal, ciblant sp\u00e9cifiquement les jeunes de 18 \u00e0 21 ans b\u00e9n\u00e9ficiant du cr\u00e9dit universel et en recherche d&#8217;emploi depuis 18 mois.<\/p>\n<p>Bien que les employeurs participant au programme n&rsquo;aient pas encore \u00e9t\u00e9 annonc\u00e9s, les responsables ont indiqu\u00e9 que de nouveaux r\u00f4les seraient cr\u00e9\u00e9s dans plusieurs domaines, y compris la construction, les soins de sant\u00e9, et l&rsquo;h\u00f4tellerie.<\/p>\n<p>Dans l&rsquo;ensemble, l&rsquo;objectif du gouvernement est de cr\u00e9er 350 000 opportunit\u00e9s de formation et d&rsquo;exp\u00e9rience professionnelle dans le cadre de cette initiative.<\/p>\n<h2>Soutien aux jeunes en recherche d&#8217;emploi<\/h2>\n<p>Lors d&rsquo;une r\u00e9cente interview, McFadden a \u00e9t\u00e9 interrog\u00e9 sur ce qui pourrait constituer une raison valable de refuser une offre d&#8217;emploi, sugg\u00e9rant que des urgences familiales pourraient \u00eatre prises en compte.<\/p>\n<p>Depuis 2021, le nombre de jeunes \u00e2g\u00e9s de 16 \u00e0 24 ans qui ne sont ni employ\u00e9s, ni scolaris\u00e9s, ni en formation &#8211; d\u00e9sign\u00e9s sous le terme Neets &#8211; a augment\u00e9, avec pr\u00e8s d&rsquo;un million de jeunes actuellement ni en train de gagner de l&rsquo;argent ni d&rsquo;apprendre.<\/p>\n<p>Les emplois financ\u00e9s par le gouvernement ne seront pas n\u00e9cessairement limit\u00e9s aux m\u00eames secteurs, mais se concentreront sur les r\u00e9gions suivantes :<\/p>\n<ul>\n<li>R\u00e9gion Un<\/li>\n<li>R\u00e9gion Deux<\/li>\n<li>R\u00e9gion Trois<\/li>\n<li>R\u00e9gion Quatre<\/li>\n<li>R\u00e9gion Cinq<\/li>\n<li>R\u00e9gion Six<\/li>\n<\/ul>\n<p>Le gouvernement pr\u00e9voit d&rsquo;offrir \u00e0 environ 900 000 jeunes b\u00e9n\u00e9ficiant du Cr\u00e9dit Universel en qu\u00eate d&#8217;emploi une session d\u00e9di\u00e9e de soutien au travail, suivie de quatre semaines d&rsquo;assistance intensive.<\/p>\n<p>Les participants travailleront avec un coach d&#8217;emploi qui les orientera \u00e0 travers l&rsquo;un des six parcours : opportunit\u00e9s d&#8217;emploi, exp\u00e9rience de travail, apprentissages, formation plus large, apprentissage \u00e9ducatif, ou un programme de formation en milieu de travail garantissant un entretien.<\/p>\n<p>On s&rsquo;attend \u00e0 ce que plus de 1 000 jeunes trouvent un emploi dans les six premiers mois du programme.<\/p>\n<h2>Critiques et projets futurs<\/h2>\n<p>La Secr\u00e9taire d&rsquo;\u00c9tat au Travail et aux Pensions de l&rsquo;Opposition, Helen Whately, a critiqu\u00e9 d&rsquo;autres initiatives r\u00e9v\u00e9l\u00e9es dans le budget, affirmant que les augmentations d&rsquo;imp\u00f4ts propos\u00e9es par le Chancelier aggravent le ch\u00f4mage des jeunes et privent une g\u00e9n\u00e9ration d&rsquo;opportunit\u00e9s professionnelles.<\/p>\n<p>Whately a d\u00e9clar\u00e9 : \u00ab Cette initiative n&rsquo;est qu&rsquo;un cas de prendre d&rsquo;une main pour donner de l&rsquo;autre. \u00bb<\/p>\n<p>D&rsquo;autres d\u00e9tails concernant les projets \u00e0 venir devraient \u00eatre publi\u00e9s alors que le gouvernement se pr\u00e9pare \u00e0 d\u00e9voiler sa strat\u00e9gie nationale pour la jeunesse.<\/p>\n<p>Auparavant, Reeves avait annonc\u00e9 que le gouvernement financerait un programme de formation gratuite pour des apprentissages destin\u00e9s aux jeunes de moins de 25 ans dans les petites et moyennes entreprises.<\/p>\n<p>Au cours des trois mois pr\u00e9c\u00e9dant septembre, le Royaume-Uni comptait 946 000 jeunes class\u00e9s comme Neets, repr\u00e9sentant 12,7 % de la population \u00e2g\u00e9e de 16 \u00e0 24 ans.<\/p>\n<p>Une part significative attribue son incapacit\u00e9 \u00e0 travailler ou \u00e0 \u00e9tudier \u00e0 des maladies ou des handicaps de longue dur\u00e9e, tandis que le nombre de personnes percevant des prestations de sant\u00e9 et d&rsquo;invalidit\u00e9 continue d&rsquo;augmenter.<\/p>\n<p>Le mois dernier, le gouvernement a annonc\u00e9 des plans pour un examen ind\u00e9pendant concernant l&rsquo;augmentation du nombre de jeunes non engag\u00e9s dans le travail ou l&rsquo;\u00e9ducation.<\/p>\n<\/div>\n<p><\/body><\/p>\n","protected":false},"excerpt":{"rendered":"<p>Pour lutter contre l&rsquo;augmentation du ch\u00f4mage chez les jeunes, le gouvernement propose des emplois financ\u00e9s par les contribuables pour les jeunes recevant des prestations, notamment dans les secteurs de la construction et de l&rsquo;h\u00f4tellerie. Un budget de 820 millions de livres sterling a \u00e9t\u00e9 pr\u00e9vu pour soutenir 55 000 placements de travail de six mois, [&hellip;]<\/p>\n","protected":false},"author":23,"featured_media":163942,"comment_status":"open","ping_status":"open","sticky":false,"template":"","format":"standard","meta":{"_acf_changed":false,"inline_featured_image":false,"footnotes":""},"categories":[462],"tags":[],"class_list":["post-163945","post","type-post","status-publish","format-standard","has-post-thumbnail","hentry","category-economy"],"acf":[],"_links":{"self":[{"href":"https:\/\/pointer-news.com\/fr\/wp-json\/wp\/v2\/posts\/163945","targetHints":{"allow":["GET"]}}],"collection":[{"href":"https:\/\/pointer-news.com\/fr\/wp-json\/wp\/v2\/posts"}],"about":[{"href":"https:\/\/pointer-news.com\/fr\/wp-json\/wp\/v2\/types\/post"}],"author":[{"embeddable":true,"href":"https:\/\/pointer-news.com\/fr\/wp-json\/wp\/v2\/users\/23"}],"replies":[{"embeddable":true,"href":"https:\/\/pointer-news.com\/fr\/wp-json\/wp\/v2\/comments?post=163945"}],"version-history":[{"count":1,"href":"https:\/\/pointer-news.com\/fr\/wp-json\/wp\/v2\/posts\/163945\/revisions"}],"predecessor-version":[{"id":163948,"href":"https:\/\/pointer-news.com\/fr\/wp-json\/wp\/v2\/posts\/163945\/revisions\/163948"}],"wp:featuredmedia":[{"embeddable":true,"href":"https:\/\/pointer-news.com\/fr\/wp-json\/wp\/v2\/media\/163942"}],"wp:attachment":[{"href":"https:\/\/pointer-news.com\/fr\/wp-json\/wp\/v2\/media?parent=163945"}],"wp:term":[{"taxonomy":"category","embeddable":true,"href":"https:\/\/pointer-news.com\/fr\/wp-json\/wp\/v2\/categories?post=163945"},{"taxonomy":"post_tag","embeddable":true,"href":"https:\/\/pointer-news.com\/fr\/wp-json\/wp\/v2\/tags?post=163945"}],"curies":[{"name":"wp","href":"https:\/\/api.w.org\/{rel}","templated":true}]}}