{"id":163963,"date":"2025-12-07T16:02:08","date_gmt":"2025-12-07T14:02:08","guid":{"rendered":"https:\/\/pointer-news.com\/?p=163963"},"modified":"2025-12-07T16:02:13","modified_gmt":"2025-12-07T14:02:13","slug":"richard-walker-diceland-pret-a-rejoindre-le-parti-travailliste-en-tant-que-pair-rapportent-des-initi","status":"publish","type":"post","link":"https:\/\/pointer-news.com\/fr\/richard-walker-diceland-pret-a-rejoindre-le-parti-travailliste-en-tant-que-pair-rapportent-des-initi\/","title":{"rendered":"Richard Walker d&rsquo;Iceland pr\u00eat \u00e0 rejoindre le Parti travailliste en tant que pair, rapportent des initi\u00e9s"},"content":{"rendered":"<p><body><\/p>\n<div class=\"article-content\">\n<p>Richard Walker, \u00e0 la t\u00eate de la cha\u00eene de supermarch\u00e9s Iceland, est sur le point de recevoir une nomination pour un titre de pair travailliste, comme l&rsquo;ont confirm\u00e9 des sources au sein du parti.<\/p>\n<p>Selon des informations, Walker est reconnu comme \u00ab un fervent d\u00e9fenseur des familles en difficult\u00e9 financi\u00e8re \u00bb et devrait devenir une voix importante au sein de la Chambre des Lords.<\/p>\n<p>Ce businessman de 45 ans a quitt\u00e9 le Parti conservateur en 2023, avant d&rsquo;assister \u00e0 la pr\u00e9sentation du manifeste du Parti travailliste pour les prochaines \u00e9lections g\u00e9n\u00e9rales de 2024.<\/p>\n<h2>Contexte et changement politique<\/h2>\n<p>Ayant pris la direction du d\u00e9taillant de produits surgel\u00e9s fond\u00e9 par son p\u00e8re en 2023, Walker a connu une carri\u00e8re marqu\u00e9e au sein du paysage politique.<\/p>\n<p>Auparavant, il faisait partie des nombreux candidats conservateurs cherchant \u00e0 obtenir un si\u00e8ge au Parlement et a \u00e9t\u00e9 nomm\u00e9 au conseil des affaires du gouvernement conservateur de l&rsquo;\u00e9poque en 2022, un r\u00f4le qu&rsquo;il a qualifi\u00e9 de grand honneur.<\/p>\n<p>Cependant, apr\u00e8s 18 mois, il a exprim\u00e9 son incapacit\u00e9 \u00e0 continuer de soutenir le parti, \u00e9voquant ses inqui\u00e9tudes concernant son d\u00e9calage avec le public et critiquant sa gestion des questions \u00e9conomiques et environnementales.<\/p>\n<h3>Soutien au Parti travailliste<\/h3>\n<p>Par la suite, Walker a rejoint le Parti travailliste, louant l&rsquo;actuel Premier ministre, Sir Keir Starmer, dans un article o\u00f9 il affirmait que Starmer poss\u00e8de les qualit\u00e9s requises pour un leadership efficace.<\/p>\n<p>Dans des d\u00e9clarations faites au Financial Times plus t\u00f4t cette ann\u00e9e, il a not\u00e9 que le nouveau gouvernement m\u00e9ritait \u00ab un six sur dix \u00bb, critiquant sa d\u00e9cision d&rsquo;augmenter les cotisations d&rsquo;assurance nationale pour les employeurs tout en saluant ses efforts pour am\u00e9liorer les relations avec l&rsquo;Union europ\u00e9enne.<\/p>\n<h2>Position du Parti travailliste au Parlement<\/h2>\n<p>Bien que le Parti travailliste d\u00e9tienne une majorit\u00e9 \u00e0 la Chambre des communes, il fait face \u00e0 un d\u00e9savantage num\u00e9rique \u00e0 la Chambre des Lords, o\u00f9 il compte 210 pairs contre 282 pour le Parti conservateur.<\/p>\n<p>En reconnaissance de ses contributions aux affaires et \u00e0 l&rsquo;environnement, Walker a \u00e9t\u00e9 d\u00e9cor\u00e9 d&rsquo;un OBE lors des Honneurs d&rsquo;anniversaire de 2022.<\/p>\n<\/div>\n<p><\/body><\/p>\n","protected":false},"excerpt":{"rendered":"<p>Richard Walker, \u00e0 la t\u00eate de la cha\u00eene de supermarch\u00e9s Iceland, est sur le point de recevoir une nomination pour un titre de pair travailliste, comme l&rsquo;ont confirm\u00e9 des sources au sein du parti. Selon des informations, Walker est reconnu comme \u00ab un fervent d\u00e9fenseur des familles en difficult\u00e9 financi\u00e8re \u00bb et devrait devenir une [&hellip;]<\/p>\n","protected":false},"author":23,"featured_media":163960,"comment_status":"open","ping_status":"open","sticky":false,"template":"","format":"standard","meta":{"_acf_changed":false,"inline_featured_image":false,"footnotes":""},"categories":[474],"tags":[],"class_list":["post-163963","post","type-post","status-publish","format-standard","has-post-thumbnail","hentry","category-politics-laws"],"acf":[],"_links":{"self":[{"href":"https:\/\/pointer-news.com\/fr\/wp-json\/wp\/v2\/posts\/163963","targetHints":{"allow":["GET"]}}],"collection":[{"href":"https:\/\/pointer-news.com\/fr\/wp-json\/wp\/v2\/posts"}],"about":[{"href":"https:\/\/pointer-news.com\/fr\/wp-json\/wp\/v2\/types\/post"}],"author":[{"embeddable":true,"href":"https:\/\/pointer-news.com\/fr\/wp-json\/wp\/v2\/users\/23"}],"replies":[{"embeddable":true,"href":"https:\/\/pointer-news.com\/fr\/wp-json\/wp\/v2\/comments?post=163963"}],"version-history":[{"count":1,"href":"https:\/\/pointer-news.com\/fr\/wp-json\/wp\/v2\/posts\/163963\/revisions"}],"predecessor-version":[{"id":163966,"href":"https:\/\/pointer-news.com\/fr\/wp-json\/wp\/v2\/posts\/163963\/revisions\/163966"}],"wp:featuredmedia":[{"embeddable":true,"href":"https:\/\/pointer-news.com\/fr\/wp-json\/wp\/v2\/media\/163960"}],"wp:attachment":[{"href":"https:\/\/pointer-news.com\/fr\/wp-json\/wp\/v2\/media?parent=163963"}],"wp:term":[{"taxonomy":"category","embeddable":true,"href":"https:\/\/pointer-news.com\/fr\/wp-json\/wp\/v2\/categories?post=163963"},{"taxonomy":"post_tag","embeddable":true,"href":"https:\/\/pointer-news.com\/fr\/wp-json\/wp\/v2\/tags?post=163963"}],"curies":[{"name":"wp","href":"https:\/\/api.w.org\/{rel}","templated":true}]}}