{"id":164165,"date":"2025-12-08T13:55:10","date_gmt":"2025-12-08T11:55:10","guid":{"rendered":"https:\/\/pointer-news.com\/?p=164165"},"modified":"2025-12-08T13:55:21","modified_gmt":"2025-12-08T11:55:21","slug":"les-inquietudes-montent-alors-que-lecole-primaire-de-nazareth-house-reste-fermee","status":"publish","type":"post","link":"https:\/\/pointer-news.com\/fr\/les-inquietudes-montent-alors-que-lecole-primaire-de-nazareth-house-reste-fermee\/","title":{"rendered":"Les inqui\u00e9tudes montent alors que l&rsquo;\u00e9cole primaire de Nazareth House reste ferm\u00e9e"},"content":{"rendered":"<p><body><\/p>\n<div class=\"article-content\">\n<p>Plus de 200 \u00e9l\u00e8ves de l&rsquo;\u00e9cole primaire de Nazareth House \u00e0 Londonderry restent \u00e0 la maison jeudi en raison de probl\u00e8mes de s\u00e9curit\u00e9 li\u00e9s au toit de l&rsquo;\u00e9tablissement, ce qui a conduit \u00e0 sa fermeture soudaine.<\/p>\n<p>L&rsquo;Autorit\u00e9 de l&rsquo;\u00c9ducation (AE) a indiqu\u00e9 qu&rsquo;elle priorise les travaux de r\u00e9paration essentiels pour permettre une r\u00e9ouverture rapide. Cependant, des parents comme Terri Lamberton expriment leurs pr\u00e9occupations concernant le calendrier de ces r\u00e9parations.<\/p>\n<p>Lamberton, m\u00e8re de deux enfants inscrits \u00e0 l&rsquo;\u00e9cole, dont son fils de sept ans, Daniel, qui a des besoins \u00e9ducatifs sp\u00e9ciaux, a soulign\u00e9 \u00e0 quel point la routine est cruciale pour son fils. Elle a d\u00e9clar\u00e9 : \u00ab\u00a0Sa capacit\u00e9 \u00e0 retenir des informations est consid\u00e9rablement affect\u00e9e par le manque d&rsquo;acc\u00e8s \u00e0 l&rsquo;\u00e9cole.\u00a0\u00bb Elle a exprim\u00e9 son anxi\u00e9t\u00e9 quant \u00e0 la dur\u00e9e potentielle de cette fermeture.<\/p>\n<p>Daniel lui-m\u00eame a partag\u00e9 : \u00ab\u00a0Je suis vraiment triste et je manque \u00e0 tous mes amis, \u00e0 mes assistants de classe, \u00e0 mon enseignant et \u00e0 mon directeur.\u00a0\u00bb Ses sentiments r\u00e9sonnent avec ceux de nombreux enfants touch\u00e9s par cette fermeture.<\/p>\n<h2>Impact sur les \u00e9l\u00e8ves<\/h2>\n<p>L&rsquo;\u00e9cole avait initialement ferm\u00e9 ses portes mercredi apr\u00e8s une inspection qui a jug\u00e9 le toit dangereux. Mme Lamberton a exprim\u00e9 son choc lors d&rsquo;une interview, notant que les familles avaient eu peu de temps pour se pr\u00e9parer \u00e0 cette situation inattendue.<\/p>\n<p>Pour sa fille de 10 ans, Gail, les pr\u00e9occupations principales gravitent autour de son \u00e9ducation et de l&rsquo;absence de ses camarades. \u00ab\u00a0Je suis assez triste de ne pas voir mes amis,\u00a0\u00bb a-t-elle comment\u00e9. \u00ab\u00a0Mais je m&rsquo;inqui\u00e8te de ne pas \u00eatre en P6 et de me pr\u00e9parer pour mon test de transfert. Je suis tr\u00e8s triste.\u00a0\u00bb<\/p>\n<p>Sa m\u00e8re a d\u00e9crit la famille comme \u00ab\u00a0d\u00e9vast\u00e9e\u00a0\u00bb et inqui\u00e8te de la dur\u00e9e de la perturbation. Elle a appel\u00e9 la communaut\u00e9 \u00e0 soutenir Nazareth House durant cette p\u00e9riode difficile.<\/p>\n<h2>Pr\u00e9occupations structurelles et appels \u00e0 l&rsquo;action<\/h2>\n<p>Le b\u00e2timent historique situ\u00e9 sur Bishop Street existe depuis 1902. La directrice R\u00f3is\u00edn Blackery a r\u00e9v\u00e9l\u00e9 que des pr\u00e9occupations concernant l&rsquo;int\u00e9grit\u00e9 structurelle de l&rsquo;\u00e9cole sont soulev\u00e9es depuis vingt ans.<\/p>\n<p>En 2017, l&rsquo;\u00e9cole avait demand\u00e9 \u00e0 l&rsquo;AE un financement pour remplacer le toit, mais aucune action n&rsquo;a \u00e9t\u00e9 entreprise. Blackery a exprim\u00e9 sa frustration, notant : \u00ab\u00a0Nous nous sommes inqui\u00e9t\u00e9s des taches d&rsquo;humidit\u00e9 et d&rsquo;autres signes de d\u00e9t\u00e9rioration depuis longtemps, et nous avons constamment signal\u00e9 ces probl\u00e8mes \u00e0 l&rsquo;AE.\u00a0\u00bb<\/p>\n<p>Donal McKeown, l&rsquo;\u00e9v\u00eaque catholique de Derry et pr\u00e9sident du Conseil des \u00e9coles catholiques, a d\u00e9clar\u00e9 que les autorit\u00e9s \u00e9ducatives n&rsquo;ont pas suffisamment financ\u00e9 les efforts d&rsquo;entretien. Il a comment\u00e9 : \u00ab\u00a0Cette situation \u00e9tait in\u00e9vitable ; ce n&rsquo;\u00e9tait qu&rsquo;une question de temps.\u00a0\u00bb<\/p>\n<p>McKeown a soulign\u00e9 l&rsquo;importance de traiter ces probl\u00e8mes pour le bien des enfants, avertissant que les ignorer pourrait entra\u00eener des probl\u00e8mes plus graves \u00e0 l&rsquo;avenir.<\/p>\n<h2>R\u00e9action politique et perspectives d&rsquo;avenir<\/h2>\n<p>Le membre de l&rsquo;assembl\u00e9e de Sinn F\u00e9in, P\u00e1draig Delargy, a qualifi\u00e9 la situation de \u00ab\u00a0profond\u00e9ment inqui\u00e9tante\u00a0\u00bb pour les \u00e9l\u00e8ves, les parents et le personnel, surtout avec No\u00ebl qui approche. Il a encourag\u00e9 l&rsquo;\u00e9cole \u00e0 rechercher une solution pratique pour minimiser les perturbations.<\/p>\n<p>Delargy a appel\u00e9 le D\u00e9partement de l&rsquo;\u00c9ducation et l&rsquo;AE \u00e0 s&rsquo;attaquer \u00e0 ce probl\u00e8me et \u00e0 d&rsquo;autres d\u00e9fis rencontr\u00e9s par d&rsquo;autres \u00e9tablissements. L&rsquo;AE a reconnu sa pr\u00e9occupation concernant l&rsquo;accumulation croissante de travaux d&rsquo;entretien et de r\u00e9paration des \u00e9coles \u00e0 travers l&rsquo;Irlande du Nord en raison de contraintes budg\u00e9taires.<\/p>\n<p>Un porte-parole de l&rsquo;AE a d\u00e9clar\u00e9 : \u00ab\u00a0Nous ne pouvons effectuer que des r\u00e9parations d&rsquo;urgence en raison des limitations financi\u00e8res actuelles, et cette situation devient de plus en plus intenable. Sans augmentations significatives de financement, l&rsquo;\u00e9tat des b\u00e2timents scolaires continuera \u00e0 se d\u00e9t\u00e9riorer, entra\u00eenant d&rsquo;autres interruptions de cours.\u00a0\u00bb<\/p>\n<p>Le D\u00e9partement de l&rsquo;\u00c9ducation a \u00e9t\u00e9 contact\u00e9 pour un commentaire concernant la situation actuelle.<\/p>\n<\/div>\n<p><\/body><\/p>\n","protected":false},"excerpt":{"rendered":"<p>Plus de 200 \u00e9l\u00e8ves de l&rsquo;\u00e9cole primaire de Nazareth House \u00e0 Londonderry restent \u00e0 la maison jeudi en raison de probl\u00e8mes de s\u00e9curit\u00e9 li\u00e9s au toit de l&rsquo;\u00e9tablissement, ce qui a conduit \u00e0 sa fermeture soudaine. L&rsquo;Autorit\u00e9 de l&rsquo;\u00c9ducation (AE) a indiqu\u00e9 qu&rsquo;elle priorise les travaux de r\u00e9paration essentiels pour permettre une r\u00e9ouverture rapide. Cependant, [&hellip;]<\/p>\n","protected":false},"author":23,"featured_media":164163,"comment_status":"open","ping_status":"open","sticky":false,"template":"","format":"standard","meta":{"_acf_changed":false,"inline_featured_image":false,"footnotes":""},"categories":[],"tags":[],"class_list":["post-164165","post","type-post","status-publish","format-standard","has-post-thumbnail","hentry"],"acf":[],"_links":{"self":[{"href":"https:\/\/pointer-news.com\/fr\/wp-json\/wp\/v2\/posts\/164165","targetHints":{"allow":["GET"]}}],"collection":[{"href":"https:\/\/pointer-news.com\/fr\/wp-json\/wp\/v2\/posts"}],"about":[{"href":"https:\/\/pointer-news.com\/fr\/wp-json\/wp\/v2\/types\/post"}],"author":[{"embeddable":true,"href":"https:\/\/pointer-news.com\/fr\/wp-json\/wp\/v2\/users\/23"}],"replies":[{"embeddable":true,"href":"https:\/\/pointer-news.com\/fr\/wp-json\/wp\/v2\/comments?post=164165"}],"version-history":[{"count":1,"href":"https:\/\/pointer-news.com\/fr\/wp-json\/wp\/v2\/posts\/164165\/revisions"}],"predecessor-version":[{"id":164167,"href":"https:\/\/pointer-news.com\/fr\/wp-json\/wp\/v2\/posts\/164165\/revisions\/164167"}],"wp:featuredmedia":[{"embeddable":true,"href":"https:\/\/pointer-news.com\/fr\/wp-json\/wp\/v2\/media\/164163"}],"wp:attachment":[{"href":"https:\/\/pointer-news.com\/fr\/wp-json\/wp\/v2\/media?parent=164165"}],"wp:term":[{"taxonomy":"category","embeddable":true,"href":"https:\/\/pointer-news.com\/fr\/wp-json\/wp\/v2\/categories?post=164165"},{"taxonomy":"post_tag","embeddable":true,"href":"https:\/\/pointer-news.com\/fr\/wp-json\/wp\/v2\/tags?post=164165"}],"curies":[{"name":"wp","href":"https:\/\/api.w.org\/{rel}","templated":true}]}}