{"id":166760,"date":"2025-12-14T22:01:14","date_gmt":"2025-12-14T20:01:14","guid":{"rendered":"https:\/\/pointer-news.com\/?p=166760"},"modified":"2025-12-14T22:02:07","modified_gmt":"2025-12-14T20:02:07","slug":"un-temoin-enregistre-le-moment-dramatique-ou-un-heros-desarme-le-tireur-de-bondi-beach","status":"publish","type":"post","link":"https:\/\/pointer-news.com\/fr\/un-temoin-enregistre-le-moment-dramatique-ou-un-heros-desarme-le-tireur-de-bondi-beach\/","title":{"rendered":"Un t\u00e9moin enregistre le moment dramatique o\u00f9 un h\u00e9ros d\u00e9sarme le tireur de Bondi Beach"},"content":{"rendered":"<p><body><\/p>\n<div class=\"article-content\">\n<div>\n<p>Une trag\u00e9die s&rsquo;est d\u00e9roul\u00e9e \u00e0 Bondi Beach dimanche, o\u00f9 une fusillade a co\u00fbt\u00e9 la vie \u00e0 douze personnes et bless\u00e9 au moins onze autres, dont deux agents des forces de l&rsquo;ordre.<\/p>\n<p>Des images film\u00e9es par des t\u00e9moins montrent un individu courageux affrontant le tireur pr\u00e9sum\u00e9 et s&rsquo;engageant dans une lutte pour lui arracher son arme.<\/p>\n<p>Lors d&rsquo;une conf\u00e9rence de presse, le Premier Chris Minns de la police de Nouvelle-Galles du Sud a confirm\u00e9 qu&rsquo;un des assaillants avait \u00e9t\u00e9 abattu, tandis qu&rsquo;un autre a \u00e9t\u00e9 arr\u00eat\u00e9.<\/p>\n<\/div>\n<p>Une trag\u00e9die s&rsquo;est d\u00e9roul\u00e9e \u00e0 Bondi Beach dimanche, o\u00f9 une fusillade a co\u00fbt\u00e9 la vie \u00e0 douze personnes et bless\u00e9 au moins onze autres, dont deux agents des forces de l&rsquo;ordre.<\/p>\n<p>Des images film\u00e9es par des t\u00e9moins montrent un individu courageux affrontant le tireur pr\u00e9sum\u00e9 et s&rsquo;engageant dans une lutte pour lui arracher son arme.<\/p>\n<p>Lors d&rsquo;une conf\u00e9rence de presse, le Premier Chris Minns de la police de Nouvelle-Galles du Sud a confirm\u00e9 qu&rsquo;un des assaillants avait \u00e9t\u00e9 abattu, tandis qu&rsquo;un autre a \u00e9t\u00e9 arr\u00eat\u00e9.<\/p>\n<div>\n<h2>D\u00e9tails de l&rsquo;incident<\/h2>\n<p>Le chaos a \u00e9clat\u00e9 durant ce qui aurait d\u00fb \u00eatre une journ\u00e9e paisible \u00e0 la plage, avec des familles et des visiteurs profitant du temps ensoleill\u00e9.<\/p>\n<p>Les autorit\u00e9s enqu\u00eatent actuellement sur les circonstances entourant cette attaque, qui a choqu\u00e9 la communaut\u00e9.<\/p>\n<\/div>\n<h2>D\u00e9tails de l&rsquo;incident<\/h2>\n<p>Le chaos a \u00e9clat\u00e9 durant ce qui aurait d\u00fb \u00eatre une journ\u00e9e paisible \u00e0 la plage, avec des familles et des visiteurs profitant du temps ensoleill\u00e9.<\/p>\n<p>Les autorit\u00e9s enqu\u00eatent actuellement sur les circonstances entourant cette attaque, qui a choqu\u00e9 la communaut\u00e9.<\/p>\n<div>\n<h3>R\u00e9action de la communaut\u00e9<\/h3>\n<p>Les r\u00e9sidents locaux et les responsables ont exprim\u00e9 leur tristesse et leur incr\u00e9dulit\u00e9 face \u00e0 cet \u00e9v\u00e9nement d\u00e9vastateur, soulignant la n\u00e9cessit\u00e9 de la solidarit\u00e9 apr\u00e8s une telle violence.<\/p>\n<p>Ce drame a raviv\u00e9 les discussions sur la s\u00e9curit\u00e9 publique et sur les mesures \u00e0 mettre en place pour \u00e9viter de futures trag\u00e9dies.<\/p>\n<p>Au fur et \u00e0 mesure que les \u00e9v\u00e9nements \u00e9voluent, des mises \u00e0 jour seront fournies pour tenir le public inform\u00e9.<\/p>\n<\/div>\n<h3>R\u00e9action de la communaut\u00e9<\/h3>\n<p>Les r\u00e9sidents locaux et les responsables ont exprim\u00e9 leur tristesse et leur incr\u00e9dulit\u00e9 face \u00e0 cet \u00e9v\u00e9nement d\u00e9vastateur, soulignant la n\u00e9cessit\u00e9 de la solidarit\u00e9 apr\u00e8s une telle violence.<\/p>\n<p>Ce drame a raviv\u00e9 les discussions sur la s\u00e9curit\u00e9 publique et sur les mesures \u00e0 mettre en place pour \u00e9viter de futures trag\u00e9dies.<\/p>\n<p>Au fur et \u00e0 mesure que les \u00e9v\u00e9nements \u00e9voluent, des mises \u00e0 jour seront fournies pour tenir le public inform\u00e9.<\/p>\n<\/div>\n<p><\/body><\/p>\n","protected":false},"excerpt":{"rendered":"<p>Une trag\u00e9die s&rsquo;est d\u00e9roul\u00e9e \u00e0 Bondi Beach dimanche, o\u00f9 une fusillade a co\u00fbt\u00e9 la vie \u00e0 douze personnes et bless\u00e9 au moins onze autres, dont deux agents des forces de l&rsquo;ordre. Des images film\u00e9es par des t\u00e9moins montrent un individu courageux affrontant le tireur pr\u00e9sum\u00e9 et s&rsquo;engageant dans une lutte pour lui arracher son arme. [&hellip;]<\/p>\n","protected":false},"author":23,"featured_media":166743,"comment_status":"open","ping_status":"open","sticky":false,"template":"","format":"standard","meta":{"_acf_changed":false,"inline_featured_image":false,"footnotes":""},"categories":[451],"tags":[],"class_list":["post-166760","post","type-post","status-publish","format-standard","has-post-thumbnail","hentry","category-world-news"],"acf":[],"_links":{"self":[{"href":"https:\/\/pointer-news.com\/fr\/wp-json\/wp\/v2\/posts\/166760","targetHints":{"allow":["GET"]}}],"collection":[{"href":"https:\/\/pointer-news.com\/fr\/wp-json\/wp\/v2\/posts"}],"about":[{"href":"https:\/\/pointer-news.com\/fr\/wp-json\/wp\/v2\/types\/post"}],"author":[{"embeddable":true,"href":"https:\/\/pointer-news.com\/fr\/wp-json\/wp\/v2\/users\/23"}],"replies":[{"embeddable":true,"href":"https:\/\/pointer-news.com\/fr\/wp-json\/wp\/v2\/comments?post=166760"}],"version-history":[{"count":1,"href":"https:\/\/pointer-news.com\/fr\/wp-json\/wp\/v2\/posts\/166760\/revisions"}],"predecessor-version":[{"id":166781,"href":"https:\/\/pointer-news.com\/fr\/wp-json\/wp\/v2\/posts\/166760\/revisions\/166781"}],"wp:featuredmedia":[{"embeddable":true,"href":"https:\/\/pointer-news.com\/fr\/wp-json\/wp\/v2\/media\/166743"}],"wp:attachment":[{"href":"https:\/\/pointer-news.com\/fr\/wp-json\/wp\/v2\/media?parent=166760"}],"wp:term":[{"taxonomy":"category","embeddable":true,"href":"https:\/\/pointer-news.com\/fr\/wp-json\/wp\/v2\/categories?post=166760"},{"taxonomy":"post_tag","embeddable":true,"href":"https:\/\/pointer-news.com\/fr\/wp-json\/wp\/v2\/tags?post=166760"}],"curies":[{"name":"wp","href":"https:\/\/api.w.org\/{rel}","templated":true}]}}