{"id":166895,"date":"2025-12-15T07:02:09","date_gmt":"2025-12-15T05:02:09","guid":{"rendered":"https:\/\/pointer-news.com\/?p=166895"},"modified":"2025-12-15T07:02:44","modified_gmt":"2025-12-15T05:02:44","slug":"les-conservateurs-prevoient-dabandonner-linterdiction-des-voitures-a-essence-en-cas-de-victoire-elec","status":"publish","type":"post","link":"https:\/\/pointer-news.com\/fr\/les-conservateurs-prevoient-dabandonner-linterdiction-des-voitures-a-essence-en-cas-de-victoire-elec\/","title":{"rendered":"Les conservateurs pr\u00e9voient d&rsquo;abandonner l&rsquo;interdiction des voitures \u00e0 essence en cas de victoire \u00e9lectorale"},"content":{"rendered":"<p><body><\/p>\n<div class=\"article-content\">\n<div>\n<p>Kemi Badenoch a annonc\u00e9 que le Parti conservateur envisage de supprimer l&rsquo;interdiction imminente des v\u00e9hicules \u00e0 essence et diesel en cas de victoire lors des prochaines \u00e9lections.<\/p>\n<p>Dans un commentaire publi\u00e9 dans le Sunday Telegraph, la leader des conservateurs a critiqu\u00e9 le mandat des V\u00e9hicules \u00e0 \u00c9missions Nulles (ZEV), le qualifiant de \u00ab\u00a0l\u00e9gislation bien intentionn\u00e9e mais finalement nuisible\u00a0\u00bb. Ce mandat stipule qu&rsquo;\u00e0 partir de 2030, tous les nouveaux v\u00e9hicules vendus doivent \u00eatre \u00e9lectriques ou hybrides, un geste visant \u00e0 atteindre l&rsquo;objectif l\u00e9gal du gouvernement d&rsquo;atteindre des \u00e9missions nettes nulles d&rsquo;ici 2050.<\/p>\n<p>Les d\u00e9clarations de Badenoch ont suivi ses discussions avec la Premi\u00e8re ministre italienne Giorgia Meloni, qui plaide pour des modifications \u00e0 l&rsquo;interdiction propos\u00e9e par l&rsquo;UE sur les v\u00e9hicules \u00e0 combustibles fossiles.<\/p>\n<\/div>\n<div>\n<h2>Pr\u00e9occupations concernant l&rsquo;impact \u00e9conomique<\/h2>\n<p>Le terme \u00ab\u00a0z\u00e9ro \u00e9mission nette\u00a0\u00bb fait r\u00e9f\u00e9rence \u00e0 l&rsquo;\u00e9quilibre entre les gaz \u00e0 effet de serre \u00e9mis et ceux retir\u00e9s de l&rsquo;environnement. R\u00e9cemment, six pays de l&rsquo;Union europ\u00e9enne, dont l&rsquo;Italie, ont demand\u00e9 une r\u00e9\u00e9valuation des plans visant \u00e0 interdire la vente de nouvelles voitures \u00e0 essence et diesel d&rsquo;ici 2035, arguant que de telles mesures pourraient nuire \u00e0 leur comp\u00e9titivit\u00e9 industrielle.<\/p>\n<p>Badenoch a indiqu\u00e9 que le changement potentiel de l&rsquo;UE loin d&rsquo;une interdiction totale pourrait encore isoler le Parti travailliste, affirmant que l&rsquo;initiative du Royaume-Uni d&rsquo;avancer sans le soutien de l&rsquo;UE risque de d\u00e9savantager les industries locales tout en permettant \u00e0 d&rsquo;autres pays de dominer les cha\u00eenes d&rsquo;approvisionnement mondiales.<\/p>\n<blockquote><p>Elle a d\u00e9clar\u00e9 : \u00ab\u00a0Les seuls b\u00e9n\u00e9ficiaires de ce sabotage \u00e9conomique sont la Chine.\u00a0\u00bb<\/p><\/blockquote>\n<\/div>\n<h2>Pr\u00e9occupations concernant l&rsquo;impact \u00e9conomique<\/h2>\n<div>\n<p>De plus, Badenoch a assur\u00e9 que son administration chercherait \u00e0 favoriser une transition vers des modes de transport plus propres, en mettant l&rsquo;accent sur l&rsquo;accessibilit\u00e9, la praticit\u00e9 et les avanc\u00e9es technologiques, plut\u00f4t que sur des r\u00e9glementations irr\u00e9alistes qui pourraient entraver la production nationale et avantager les concurrents \u00e9trangers.<\/p>\n<\/div>\n<div>\n<h2>R\u00e9actions de l&rsquo;industrie et initiatives gouvernementales<\/h2>\n<p>En abolissant le mandat, elle estime que le Royaume-Uni pourrait cr\u00e9er une occasion de revitaliser son secteur automobile. Des rapports sugg\u00e8rent que les entreprises automobiles britanniques sont divis\u00e9es concernant la date limite de 2030, certaines plaidant pour un soutien suppl\u00e9mentaire afin de s&rsquo;y conformer.<\/p>\n<p>Dans sa derni\u00e8re annonce budg\u00e9taire, le gouvernement a allou\u00e9 un montant suppl\u00e9mentaire de<strong>1,3 milliard de livres<\/strong>\u00e0 l&rsquo;initiative de subvention pour voitures \u00e9lectriques, con\u00e7ue pour inciter les conducteurs \u00e0 passer aux v\u00e9hicules \u00e9lectriques.<\/p>\n<p>La ministre des Finances Rachel Reeves a r\u00e9v\u00e9l\u00e9 qu&rsquo;\u00e0 partir d&rsquo;avril 2028, les conducteurs de v\u00e9hicules \u00e9lectriques \u00e0 batterie, y compris les hybrides rechargeables, devront payer une taxe de<strong>3 pence<\/strong>par mile dans le cadre de la Taxe sur les v\u00e9hicules \u00e9lectriques. Les critiques avertissent que cela pourrait diminuer l&rsquo;attrait des v\u00e9hicules \u00e9lectriques.<\/p>\n<\/div>\n<h2>R\u00e9actions de l&rsquo;industrie et initiatives gouvernementales<\/h2>\n<div>\n<h2>Contexte de l&rsquo;interdiction propos\u00e9e sur les voitures<\/h2>\n<p>L&rsquo;interdiction initiale de la vente de v\u00e9hicules \u00e0 essence et diesel a \u00e9t\u00e9 introduite en 2020 sous le gouvernement de l&rsquo;ancien Premier ministre Boris Johnson, un plan que Badenoch, alors membre du cabinet, avait contest\u00e9. Par la suite, Rishi Sunak a report\u00e9 l&rsquo;interdiction \u00e0 2035, tandis que le Parti travailliste s&rsquo;est engag\u00e9 \u00e0 la promouvoir dans son manifeste pour les \u00e9lections de 2024.<\/p>\n<p>Un repr\u00e9sentant du minist\u00e8re des Transports a affirm\u00e9 que le gouvernement reste d\u00e9termin\u00e9 \u00e0 \u00e9liminer progressivement toutes les ventes de nouvelles voitures et fourgonnettes non \u00e0 z\u00e9ro \u00e9mission, en soulignant qu&rsquo;un nombre croissant de conducteurs optent pour des v\u00e9hicules \u00e9lectriques.<\/p>\n<p>La prochaine \u00e9lection g\u00e9n\u00e9rale au Royaume-Uni doit avoir lieu d&rsquo;ici le<time>15 ao\u00fbt 2029<\/time>, bien que le Premier ministre conserve le pouvoir de convoquer des \u00e9lections \u00e0 tout moment avant cette date limite.<\/p>\n<\/div>\n<h2>Contexte de l&rsquo;interdiction propos\u00e9e sur les voitures<\/h2>\n<\/div>\n<p><\/body><\/p>\n","protected":false},"excerpt":{"rendered":"<p>Kemi Badenoch a annonc\u00e9 que le Parti conservateur envisage de supprimer l&rsquo;interdiction imminente des v\u00e9hicules \u00e0 essence et diesel en cas de victoire lors des prochaines \u00e9lections. Dans un commentaire publi\u00e9 dans le Sunday Telegraph, la leader des conservateurs a critiqu\u00e9 le mandat des V\u00e9hicules \u00e0 \u00c9missions Nulles (ZEV), le qualifiant de \u00ab\u00a0l\u00e9gislation bien intentionn\u00e9e [&hellip;]<\/p>\n","protected":false},"author":23,"featured_media":166875,"comment_status":"open","ping_status":"open","sticky":false,"template":"","format":"standard","meta":{"_acf_changed":false,"inline_featured_image":false,"footnotes":""},"categories":[474],"tags":[],"class_list":["post-166895","post","type-post","status-publish","format-standard","has-post-thumbnail","hentry","category-politics-laws"],"acf":[],"_links":{"self":[{"href":"https:\/\/pointer-news.com\/fr\/wp-json\/wp\/v2\/posts\/166895","targetHints":{"allow":["GET"]}}],"collection":[{"href":"https:\/\/pointer-news.com\/fr\/wp-json\/wp\/v2\/posts"}],"about":[{"href":"https:\/\/pointer-news.com\/fr\/wp-json\/wp\/v2\/types\/post"}],"author":[{"embeddable":true,"href":"https:\/\/pointer-news.com\/fr\/wp-json\/wp\/v2\/users\/23"}],"replies":[{"embeddable":true,"href":"https:\/\/pointer-news.com\/fr\/wp-json\/wp\/v2\/comments?post=166895"}],"version-history":[{"count":1,"href":"https:\/\/pointer-news.com\/fr\/wp-json\/wp\/v2\/posts\/166895\/revisions"}],"predecessor-version":[{"id":166915,"href":"https:\/\/pointer-news.com\/fr\/wp-json\/wp\/v2\/posts\/166895\/revisions\/166915"}],"wp:featuredmedia":[{"embeddable":true,"href":"https:\/\/pointer-news.com\/fr\/wp-json\/wp\/v2\/media\/166875"}],"wp:attachment":[{"href":"https:\/\/pointer-news.com\/fr\/wp-json\/wp\/v2\/media?parent=166895"}],"wp:term":[{"taxonomy":"category","embeddable":true,"href":"https:\/\/pointer-news.com\/fr\/wp-json\/wp\/v2\/categories?post=166895"},{"taxonomy":"post_tag","embeddable":true,"href":"https:\/\/pointer-news.com\/fr\/wp-json\/wp\/v2\/tags?post=166895"}],"curies":[{"name":"wp","href":"https:\/\/api.w.org\/{rel}","templated":true}]}}