{"id":166898,"date":"2025-12-15T07:02:43","date_gmt":"2025-12-15T05:02:43","guid":{"rendered":"https:\/\/pointer-news.com\/?p=166898"},"modified":"2025-12-15T07:03:12","modified_gmt":"2025-12-15T05:03:12","slug":"les-conservateurs-promettent-de-revoquer-linterdiction-des-voitures-a-essence-sils-sont-elus","status":"publish","type":"post","link":"https:\/\/pointer-news.com\/fr\/les-conservateurs-promettent-de-revoquer-linterdiction-des-voitures-a-essence-sils-sont-elus\/","title":{"rendered":"Les conservateurs promettent de r\u00e9voquer l&rsquo;interdiction des voitures \u00e0 essence s&rsquo;ils sont \u00e9lus"},"content":{"rendered":"<p><body><\/p>\n<div class=\"article-content\">\n<div>\n<p>Kemi Badenoch a r\u00e9v\u00e9l\u00e9 que le Parti conservateur a l&rsquo;intention d&rsquo;abolir l&rsquo;interdiction des v\u00e9hicules \u00e0 essence et diesel, qui est pr\u00e9vue pour entrer en vigueur au Royaume-Uni, si le parti remporte les \u00e9lections \u00e0 venir.<\/p>\n<p>Dans un article publi\u00e9 dans le Sunday Telegraph, Badenoch a qualifi\u00e9 le mandat des V\u00e9hicules \u00e0 \u00c9missions Z\u00e9ro (ZEV) de \u00ab\u00a0loi noble mais finalement nuisible\u00a0\u00bb. Ce plan stipule qu&rsquo;\u00e0 partir de 2030, toutes les voitures nouvellement fabriqu\u00e9es devront \u00eatre soit \u00e9lectriques, soit hybrides, afin de contribuer \u00e0 l&rsquo;objectif l\u00e9gal du gouvernement d&rsquo;atteindre des \u00e9missions \u00ab\u00a0nulles nettes\u00a0\u00bb d&rsquo;ici 2050.<\/p>\n<p>Ces commentaires interviennent apr\u00e8s des discussions de Badenoch avec la Premi\u00e8re ministre italienne Giorgia Meloni, qui a plaid\u00e9 pour une r\u00e9duction des initiatives d&rsquo;interdiction au sein de l&rsquo;UE.<\/p>\n<\/div>\n<p>Kemi Badenoch a r\u00e9v\u00e9l\u00e9 que le Parti conservateur a l&rsquo;intention d&rsquo;abolir l&rsquo;interdiction des v\u00e9hicules \u00e0 essence et diesel, qui est pr\u00e9vue pour entrer en vigueur au Royaume-Uni, si le parti remporte les \u00e9lections \u00e0 venir.<\/p>\n<p>Dans un article publi\u00e9 dans le Sunday Telegraph, Badenoch a qualifi\u00e9 le mandat des V\u00e9hicules \u00e0 \u00c9missions Z\u00e9ro (ZEV) de \u00ab\u00a0loi noble mais finalement nuisible\u00a0\u00bb. Ce plan stipule qu&rsquo;\u00e0 partir de 2030, toutes les voitures nouvellement fabriqu\u00e9es devront \u00eatre soit \u00e9lectriques, soit hybrides, afin de contribuer \u00e0 l&rsquo;objectif l\u00e9gal du gouvernement d&rsquo;atteindre des \u00e9missions \u00ab\u00a0nulles nettes\u00a0\u00bb d&rsquo;ici 2050.<\/p>\n<p>Ces commentaires interviennent apr\u00e8s des discussions de Badenoch avec la Premi\u00e8re ministre italienne Giorgia Meloni, qui a plaid\u00e9 pour une r\u00e9duction des initiatives d&rsquo;interdiction au sein de l&rsquo;UE.<\/p>\n<div>\n<h2>Changement de l&rsquo;UE et implications nationales<\/h2>\n<p>Les \u00e9missions nulles nettes d\u00e9signent l&rsquo;\u00e9quilibre entre les gaz \u00e0 effet de serre \u00e9mis et ceux retir\u00e9s de l&rsquo;atmosph\u00e8re. R\u00e9cemment, six pays de l&rsquo;UE, dont l&rsquo;Italie, ont exhort\u00e9 leurs homologues \u00e0 reconsid\u00e9rer le calendrier pour l&rsquo;\u00e9limination des nouveaux v\u00e9hicules \u00e0 essence et diesel d&rsquo;ici 2035, avertissant qu&rsquo;un tel mouvement pourrait nuire \u00e0 leur comp\u00e9titivit\u00e9 industrielle.<\/p>\n<p>Badenoch a indiqu\u00e9 que l&rsquo;UE semblait revoir son interdiction stricte, affirmant : \u00ab\u00a0La r\u00e9alit\u00e9 est que le changement de position de l&rsquo;UE concernant les v\u00e9hicules \u00e9lectriques laissera le Parti travailliste de plus en plus isol\u00e9. En poursuivant ce mandat seul, nous risquons de d\u00e9savantager notre industrie nationale et de permettre \u00e0 d&rsquo;autres de dominer les cha\u00eenes d&rsquo;approvisionnement mondiales.\u00a0\u00bb<\/p>\n<blockquote>\n<p>\u00ab\u00a0Les seuls b\u00e9n\u00e9ficiaires de ce sabotage \u00e9conomique sont la Chine\u00a0\u00bb, a-t-elle ajout\u00e9.<\/p>\n<\/blockquote>\n<\/div>\n<h2>Changement de l&rsquo;UE et implications nationales<\/h2>\n<p>Les \u00e9missions nulles nettes d\u00e9signent l&rsquo;\u00e9quilibre entre les gaz \u00e0 effet de serre \u00e9mis et ceux retir\u00e9s de l&rsquo;atmosph\u00e8re. R\u00e9cemment, six pays de l&rsquo;UE, dont l&rsquo;Italie, ont exhort\u00e9 leurs homologues \u00e0 reconsid\u00e9rer le calendrier pour l&rsquo;\u00e9limination des nouveaux v\u00e9hicules \u00e0 essence et diesel d&rsquo;ici 2035, avertissant qu&rsquo;un tel mouvement pourrait nuire \u00e0 leur comp\u00e9titivit\u00e9 industrielle.<\/p>\n<p>Badenoch a indiqu\u00e9 que l&rsquo;UE semblait revoir son interdiction stricte, affirmant : \u00ab\u00a0La r\u00e9alit\u00e9 est que le changement de position de l&rsquo;UE concernant les v\u00e9hicules \u00e9lectriques laissera le Parti travailliste de plus en plus isol\u00e9. En poursuivant ce mandat seul, nous risquons de d\u00e9savantager notre industrie nationale et de permettre \u00e0 d&rsquo;autres de dominer les cha\u00eenes d&rsquo;approvisionnement mondiales.\u00a0\u00bb<\/p>\n<blockquote>\n<p>\u00ab\u00a0Les seuls b\u00e9n\u00e9ficiaires de ce sabotage \u00e9conomique sont la Chine\u00a0\u00bb, a-t-elle ajout\u00e9.<\/p>\n<\/blockquote>\n<p>\u00ab\u00a0Les seuls b\u00e9n\u00e9ficiaires de ce sabotage \u00e9conomique sont la Chine\u00a0\u00bb, a-t-elle ajout\u00e9.<\/p>\n<div>\n<p>Elle a soulign\u00e9 que son administration continuerait de viser une transition vers des transports plus propres, mais en mettant l&rsquo;accent sur \u00ab\u00a0l&rsquo;accessibilit\u00e9, la praticit\u00e9 et l&rsquo;avancement technologique\u00a0\u00bb plut\u00f4t que sur des mandats irr\u00e9alistes qui pourraient nuire \u00e0 la fabrication nationale et avantager des concurrents \u00e9trangers.<\/p>\n<p>Badenoch a soutenu que l&rsquo;abrogation du mandat cr\u00e9erait l&rsquo;espace n\u00e9cessaire pour revitaliser le secteur automobile du Royaume-Uni.<\/p>\n<\/div>\n<p>Elle a soulign\u00e9 que son administration continuerait de viser une transition vers des transports plus propres, mais en mettant l&rsquo;accent sur \u00ab\u00a0l&rsquo;accessibilit\u00e9, la praticit\u00e9 et l&rsquo;avancement technologique\u00a0\u00bb plut\u00f4t que sur des mandats irr\u00e9alistes qui pourraient nuire \u00e0 la fabrication nationale et avantager des concurrents \u00e9trangers.<\/p>\n<p>Badenoch a soutenu que l&rsquo;abrogation du mandat cr\u00e9erait l&rsquo;espace n\u00e9cessaire pour revitaliser le secteur automobile du Royaume-Uni.<\/p>\n<div>\n<h2>R\u00e9actions de l&rsquo;industrie et investissements futurs<\/h2>\n<p>Des rapports indiquent que les entreprises automobiles britanniques sont divis\u00e9es sur la date limite de 2030, certains plaidant en faveur d&rsquo;un soutien accru pour s&rsquo;adapter avec succ\u00e8s \u00e0 ces changements.<\/p>\n<p>Le gouvernement a r\u00e9cemment affect\u00e9 1,3 milliard de livres suppl\u00e9mentaires pour renforcer le programme de subventions pour voitures \u00e9lectriques du Royaume-Uni, visant \u00e0 inciter les conducteurs \u00e0 passer aux v\u00e9hicules \u00e9lectriques.<\/p>\n<p>La Chanceli\u00e8re Rachel Reeves a \u00e9galement r\u00e9v\u00e9l\u00e9 qu&rsquo;\u00e0 partir d&rsquo;avril 2028, les conducteurs de v\u00e9hicules \u00e9lectriques \u00e0 batterie, y compris les hybrides rechargeables, seront soumis \u00e0 une charge de 3 pence par mile dans le cadre de la Taxe sur les v\u00e9hicules \u00e9lectriques, une mesure que certains critiques estiment pourrait diminuer l&rsquo;attrait des voitures \u00e9lectriques.<\/p>\n<\/div>\n<h2>R\u00e9actions de l&rsquo;industrie et investissements futurs<\/h2>\n<p>Des rapports indiquent que les entreprises automobiles britanniques sont divis\u00e9es sur la date limite de 2030, certains plaidant en faveur d&rsquo;un soutien accru pour s&rsquo;adapter avec succ\u00e8s \u00e0 ces changements.<\/p>\n<p>Le gouvernement a r\u00e9cemment affect\u00e9 1,3 milliard de livres suppl\u00e9mentaires pour renforcer le programme de subventions pour voitures \u00e9lectriques du Royaume-Uni, visant \u00e0 inciter les conducteurs \u00e0 passer aux v\u00e9hicules \u00e9lectriques.<\/p>\n<p>La Chanceli\u00e8re Rachel Reeves a \u00e9galement r\u00e9v\u00e9l\u00e9 qu&rsquo;\u00e0 partir d&rsquo;avril 2028, les conducteurs de v\u00e9hicules \u00e9lectriques \u00e0 batterie, y compris les hybrides rechargeables, seront soumis \u00e0 une charge de 3 pence par mile dans le cadre de la Taxe sur les v\u00e9hicules \u00e9lectriques, une mesure que certains critiques estiment pourrait diminuer l&rsquo;attrait des voitures \u00e9lectriques.<\/p>\n<div>\n<h2>Contexte historique et engagements futurs<\/h2>\n<p>L&rsquo;interdiction de la vente de v\u00e9hicules \u00e0 essence et diesel a \u00e9t\u00e9 initialement introduite en 2020 par le Premier ministre de l&rsquo;\u00e9poque, Boris Johnson, un conservateur. \u00c0 ce moment-l\u00e0, Badenoch faisait partie du cabinet et s&rsquo;opposait \u00e0 l&rsquo;initiative.<\/p>\n<p>Rishi Sunak a ensuite report\u00e9 l&rsquo;interdiction \u00e0 2035, tandis que le Parti travailliste a promis d&rsquo;acc\u00e9l\u00e9rer le calendrier dans son manifeste pour les \u00e9lections de 2024.<\/p>\n<p>Un porte-parole du D\u00e9partement des Transports a r\u00e9it\u00e9r\u00e9 l&rsquo;engagement du gouvernement \u00e0 \u00e9liminer tous les nouveaux v\u00e9hicules non \u00e0 \u00e9missions nulles, d\u00e9clarant : \u00ab\u00a0Plus de conducteurs que jamais optent pour des voitures \u00e9lectriques.\u00a0\u00bb La prochaine \u00e9lection g\u00e9n\u00e9rale au Royaume-Uni doit avoir lieu d&rsquo;ici le<time>15 ao\u00fbt 2029<\/time>, mais le Premier ministre a la discr\u00e9tion de convoquer un vote plus t\u00f4t.<\/p>\n<\/div>\n<h2>Contexte historique et engagements futurs<\/h2>\n<p>L&rsquo;interdiction de la vente de v\u00e9hicules \u00e0 essence et diesel a \u00e9t\u00e9 initialement introduite en 2020 par le Premier ministre de l&rsquo;\u00e9poque, Boris Johnson, un conservateur. \u00c0 ce moment-l\u00e0, Badenoch faisait partie du cabinet et s&rsquo;opposait \u00e0 l&rsquo;initiative.<\/p>\n<p>Rishi Sunak a ensuite report\u00e9 l&rsquo;interdiction \u00e0 2035, tandis que le Parti travailliste a promis d&rsquo;acc\u00e9l\u00e9rer le calendrier dans son manifeste pour les \u00e9lections de 2024.<\/p>\n<p>Un porte-parole du D\u00e9partement des Transports a r\u00e9it\u00e9r\u00e9 l&rsquo;engagement du gouvernement \u00e0 \u00e9liminer tous les nouveaux v\u00e9hicules non \u00e0 \u00e9missions nulles, d\u00e9clarant : \u00ab\u00a0Plus de conducteurs que jamais optent pour des voitures \u00e9lectriques.\u00a0\u00bb La prochaine \u00e9lection g\u00e9n\u00e9rale au Royaume-Uni doit avoir lieu d&rsquo;ici le<time>15 ao\u00fbt 2029<\/time>, mais le Premier ministre a la discr\u00e9tion de convoquer un vote plus t\u00f4t.<\/p>\n<\/div>\n<p><\/body><\/p>\n","protected":false},"excerpt":{"rendered":"<p>Kemi Badenoch a r\u00e9v\u00e9l\u00e9 que le Parti conservateur a l&rsquo;intention d&rsquo;abolir l&rsquo;interdiction des v\u00e9hicules \u00e0 essence et diesel, qui est pr\u00e9vue pour entrer en vigueur au Royaume-Uni, si le parti remporte les \u00e9lections \u00e0 venir. Dans un article publi\u00e9 dans le Sunday Telegraph, Badenoch a qualifi\u00e9 le mandat des V\u00e9hicules \u00e0 \u00c9missions Z\u00e9ro (ZEV) de [&hellip;]<\/p>\n","protected":false},"author":23,"featured_media":166877,"comment_status":"open","ping_status":"open","sticky":false,"template":"","format":"standard","meta":{"_acf_changed":false,"inline_featured_image":false,"footnotes":""},"categories":[474],"tags":[],"class_list":["post-166898","post","type-post","status-publish","format-standard","has-post-thumbnail","hentry","category-politics-laws"],"acf":[],"_links":{"self":[{"href":"https:\/\/pointer-news.com\/fr\/wp-json\/wp\/v2\/posts\/166898","targetHints":{"allow":["GET"]}}],"collection":[{"href":"https:\/\/pointer-news.com\/fr\/wp-json\/wp\/v2\/posts"}],"about":[{"href":"https:\/\/pointer-news.com\/fr\/wp-json\/wp\/v2\/types\/post"}],"author":[{"embeddable":true,"href":"https:\/\/pointer-news.com\/fr\/wp-json\/wp\/v2\/users\/23"}],"replies":[{"embeddable":true,"href":"https:\/\/pointer-news.com\/fr\/wp-json\/wp\/v2\/comments?post=166898"}],"version-history":[{"count":1,"href":"https:\/\/pointer-news.com\/fr\/wp-json\/wp\/v2\/posts\/166898\/revisions"}],"predecessor-version":[{"id":166936,"href":"https:\/\/pointer-news.com\/fr\/wp-json\/wp\/v2\/posts\/166898\/revisions\/166936"}],"wp:featuredmedia":[{"embeddable":true,"href":"https:\/\/pointer-news.com\/fr\/wp-json\/wp\/v2\/media\/166877"}],"wp:attachment":[{"href":"https:\/\/pointer-news.com\/fr\/wp-json\/wp\/v2\/media?parent=166898"}],"wp:term":[{"taxonomy":"category","embeddable":true,"href":"https:\/\/pointer-news.com\/fr\/wp-json\/wp\/v2\/categories?post=166898"},{"taxonomy":"post_tag","embeddable":true,"href":"https:\/\/pointer-news.com\/fr\/wp-json\/wp\/v2\/tags?post=166898"}],"curies":[{"name":"wp","href":"https:\/\/api.w.org\/{rel}","templated":true}]}}