{"id":166982,"date":"2025-12-15T08:01:10","date_gmt":"2025-12-15T06:01:10","guid":{"rendered":"https:\/\/pointer-news.com\/?p=166982"},"modified":"2025-12-15T08:01:49","modified_gmt":"2025-12-15T06:01:49","slug":"cinq-personnes-arretees-en-allemagne-pour-complot-presume-dattaque-sur-un-marche-de-noel","status":"publish","type":"post","link":"https:\/\/pointer-news.com\/fr\/cinq-personnes-arretees-en-allemagne-pour-complot-presume-dattaque-sur-un-marche-de-noel\/","title":{"rendered":"Cinq personnes arr\u00eat\u00e9es en Allemagne pour complot pr\u00e9sum\u00e9 d&rsquo;attaque sur un march\u00e9 de No\u00ebl"},"content":{"rendered":"<p><body><\/p>\n<div class=\"article-content\">\n<div>\n<p>Dans une tournure alarmante des \u00e9v\u00e9nements, les autorit\u00e9s allemandes ont arr\u00eat\u00e9 cinq individus, soup\u00e7onn\u00e9s d&rsquo;avoir planifi\u00e9 une attaque sur un march\u00e9 de No\u00ebl en utilisant un v\u00e9hicule pour blesser ou tuer des participants.<\/p>\n<p>Ces interpellations, survenues vendredi, impliquent trois ressortissants marocains, un \u00e9gyptien et un syrien, tous soup\u00e7onn\u00e9s d&rsquo;avoir conspir\u00e9 contre un march\u00e9 situ\u00e9 dans la r\u00e9gion bavaroise du sud. Les responsables estiment que la motivation derri\u00e8re ce projet pourrait \u00eatre li\u00e9e \u00e0 des id\u00e9ologies extr\u00e9mistes.<\/p>\n<\/div>\n<div>\n<p>Selon les procureurs, l&rsquo;\u00e9gyptien de 56 ans est accus\u00e9 d&rsquo;avoir incit\u00e9 \u00e0 une attaque avec v\u00e9hicule visant \u00e0 maximiser les pertes humaines. Les trois suspects marocains, \u00e2g\u00e9s de 30, 28 et 22 ans, auraient conspir\u00e9 pour commettre un meurtre, tandis que le syrien de 37 ans est accus\u00e9 d&rsquo;encourager les autres dans leurs intentions criminelles.<\/p>\n<p>Les autorit\u00e9s n&rsquo;ont pas pr\u00e9cis\u00e9 la date exacte de l&rsquo;attaque pr\u00e9vue ni le march\u00e9 cibl\u00e9, mais elles ont signal\u00e9 qu&rsquo;il \u00e9tait probablement situ\u00e9 dans la r\u00e9gion de Dingolfing-Landau, au nord-est de Munich. Cet incident survient apr\u00e8s le renforcement des mesures de s\u00e9curit\u00e9 en Allemagne, en particulier apr\u00e8s l&rsquo;attaque tragique \u00e0 Berlin en 2016, qui a fait 12 victimes.<\/p>\n<\/div>\n<div>\n<p>Le ministre de l&rsquo;Int\u00e9rieur allemand, Joachim Herrmann, a soulign\u00e9 la collaboration efficace entre les services de s\u00e9curit\u00e9, qu&rsquo;il a cr\u00e9dit\u00e9e d&rsquo;avoir emp\u00each\u00e9 ce qui aurait pu \u00eatre un incident grave li\u00e9 \u00e0 l&rsquo;islamisme. Les cinq personnes arr\u00eat\u00e9es ont \u00e9t\u00e9 pr\u00e9sent\u00e9es \u00e0 un magistrat samedi et sont actuellement en d\u00e9tention.<\/p>\n<p>Les march\u00e9s de No\u00ebl repr\u00e9sentent une tradition pris\u00e9e en Allemagne, attirant d&rsquo;importantes foules et un tourisme florissant pendant la saison festive. \u00c0 la lumi\u00e8re des attaques pass\u00e9es, les protocoles de s\u00e9curit\u00e9 lors de tels \u00e9v\u00e9nements ont \u00e9t\u00e9 renforc\u00e9s afin d&rsquo;assurer la s\u00e9curit\u00e9 publique.<\/p>\n<\/div>\n<\/div>\n<p><\/body><\/p>\n","protected":false},"excerpt":{"rendered":"<p>Dans une tournure alarmante des \u00e9v\u00e9nements, les autorit\u00e9s allemandes ont arr\u00eat\u00e9 cinq individus, soup\u00e7onn\u00e9s d&rsquo;avoir planifi\u00e9 une attaque sur un march\u00e9 de No\u00ebl en utilisant un v\u00e9hicule pour blesser ou tuer des participants. Ces interpellations, survenues vendredi, impliquent trois ressortissants marocains, un \u00e9gyptien et un syrien, tous soup\u00e7onn\u00e9s d&rsquo;avoir conspir\u00e9 contre un march\u00e9 situ\u00e9 dans [&hellip;]<\/p>\n","protected":false},"author":23,"featured_media":166967,"comment_status":"open","ping_status":"open","sticky":false,"template":"","format":"standard","meta":{"_acf_changed":false,"inline_featured_image":false,"footnotes":""},"categories":[451],"tags":[],"class_list":["post-166982","post","type-post","status-publish","format-standard","has-post-thumbnail","hentry","category-world-news"],"acf":[],"_links":{"self":[{"href":"https:\/\/pointer-news.com\/fr\/wp-json\/wp\/v2\/posts\/166982","targetHints":{"allow":["GET"]}}],"collection":[{"href":"https:\/\/pointer-news.com\/fr\/wp-json\/wp\/v2\/posts"}],"about":[{"href":"https:\/\/pointer-news.com\/fr\/wp-json\/wp\/v2\/types\/post"}],"author":[{"embeddable":true,"href":"https:\/\/pointer-news.com\/fr\/wp-json\/wp\/v2\/users\/23"}],"replies":[{"embeddable":true,"href":"https:\/\/pointer-news.com\/fr\/wp-json\/wp\/v2\/comments?post=166982"}],"version-history":[{"count":1,"href":"https:\/\/pointer-news.com\/fr\/wp-json\/wp\/v2\/posts\/166982\/revisions"}],"predecessor-version":[{"id":166997,"href":"https:\/\/pointer-news.com\/fr\/wp-json\/wp\/v2\/posts\/166982\/revisions\/166997"}],"wp:featuredmedia":[{"embeddable":true,"href":"https:\/\/pointer-news.com\/fr\/wp-json\/wp\/v2\/media\/166967"}],"wp:attachment":[{"href":"https:\/\/pointer-news.com\/fr\/wp-json\/wp\/v2\/media?parent=166982"}],"wp:term":[{"taxonomy":"category","embeddable":true,"href":"https:\/\/pointer-news.com\/fr\/wp-json\/wp\/v2\/categories?post=166982"},{"taxonomy":"post_tag","embeddable":true,"href":"https:\/\/pointer-news.com\/fr\/wp-json\/wp\/v2\/tags?post=166982"}],"curies":[{"name":"wp","href":"https:\/\/api.w.org\/{rel}","templated":true}]}}