{"id":166983,"date":"2025-12-15T08:01:16","date_gmt":"2025-12-15T06:01:16","guid":{"rendered":"https:\/\/pointer-news.com\/?p=166983"},"modified":"2025-12-15T08:02:04","modified_gmt":"2025-12-15T06:02:04","slug":"cinq-individus-arretes-pour-un-plan-presume-dattaque-sur-un-marche-de-noel-en-allemagne","status":"publish","type":"post","link":"https:\/\/pointer-news.com\/fr\/cinq-individus-arretes-pour-un-plan-presume-dattaque-sur-un-marche-de-noel-en-allemagne\/","title":{"rendered":"Cinq individus arr\u00eat\u00e9s pour un plan pr\u00e9sum\u00e9 d&rsquo;attaque sur un march\u00e9 de No\u00ebl en Allemagne"},"content":{"rendered":"<p><body><\/p>\n<div class=\"article-content\">\n<div>\n<p>Les autorit\u00e9s allemandes ont proc\u00e9d\u00e9 \u00e0 l&rsquo;arrestation de cinq hommes en raison de soup\u00e7ons selon lesquels ils auraient \u00e9labor\u00e9 un plan visant \u00e0 percuter des participants d&rsquo;un march\u00e9 de No\u00ebl avec un v\u00e9hicule. Parmi les interpell\u00e9s, on trouve trois ressortissants marocains, un \u00e9gyptien et un syrien, tous appr\u00e9hend\u00e9s vendredi dans le cadre de l&rsquo;enqu\u00eate sur ce projet inqui\u00e9tant.<\/p>\n<p>Les responsables ont indiqu\u00e9 qu&rsquo;ils pensent que les suspects avaient un<strong>motif islamiste<\/strong>pour leurs intentions. Les procureurs ont affirm\u00e9 que l&rsquo;\u00e9gyptien de 56 ans avait appel\u00e9 \u00e0 une attaque utilisant un v\u00e9hicule, cherchant \u00e0 causer des blessures \u00e0 un maximum de personnes.<\/p>\n<p>Les suspects marocains, \u00e2g\u00e9s de 30, 28 et 22 ans, auraient accept\u00e9 de participer \u00e0 l&rsquo;attaque. Parall\u00e8lement, le syrien de 37 ans est accus\u00e9 d&rsquo;avoir incit\u00e9 le groupe \u00e0 poursuivre leurs intentions violentes. Les cinq hommes ont comparu devant un magistrat samedi et demeurent en d\u00e9tention.<\/p>\n<\/div>\n<div>\n<h2>Pr\u00e9occupations en mati\u00e8re de s\u00e9curit\u00e9 accrues<\/h2>\n<p>Les responsables ont exprim\u00e9 une vigilance renforc\u00e9e en Allemagne, surtout apr\u00e8s des attaques ant\u00e9rieures sur des march\u00e9s de No\u00ebl, y compris un incident tragique \u00e0 Magdebourg en d\u00e9cembre dernier qui a caus\u00e9 six morts. Bien que les autorit\u00e9s n&rsquo;aient pas r\u00e9v\u00e9l\u00e9 le moment pr\u00e9cis de l&rsquo;attaque pr\u00e9vue ni le march\u00e9 vis\u00e9, elles ont sugg\u00e9r\u00e9 qu&rsquo;il \u00e9tait probablement destin\u00e9 \u00e0 un endroit de la r\u00e9gion de Dingolfing-Landau, au nord-est de Munich.<\/p>\n<p>Joachim Herrmann, le ministre de l&rsquo;int\u00e9rieur de la Bavi\u00e8re, a soulign\u00e9 l&rsquo;efficacit\u00e9 de la collaboration entre les agences de s\u00e9curit\u00e9 qui a permis d&rsquo;\u00e9viter ce qui aurait pu \u00eatre une attaque islamiste s\u00e9rieuse. Des rapports indiquent que le suspect \u00e9gyptien servait comme imam dans une mosqu\u00e9e locale.<\/p>\n<\/div>\n<h2>Pr\u00e9occupations en mati\u00e8re de s\u00e9curit\u00e9 accrues<\/h2>\n<div>\n<h3>Mesures de s\u00e9curit\u00e9 renforc\u00e9es<\/h3>\n<p>Les march\u00e9s de No\u00ebl, pris\u00e9s pour leur atmosph\u00e8re festive, attirent de grandes foules et un tourisme significatif \u00e0 travers l&rsquo;Allemagne. Au cours des derni\u00e8res ann\u00e9es, les protocoles de s\u00e9curit\u00e9 lors de ces \u00e9v\u00e9nements ont \u00e9t\u00e9 renforc\u00e9s, en particulier apr\u00e8s l&rsquo;attaque de Berlin en 2016, lorsqu&rsquo;un camion a \u00e9t\u00e9 conduit dans un march\u00e9, entra\u00eenant la mort de douze personnes.<\/p>\n<\/div>\n<h3>Mesures de s\u00e9curit\u00e9 renforc\u00e9es<\/h3>\n<\/div>\n<p><\/body><\/p>\n","protected":false},"excerpt":{"rendered":"<p>Les autorit\u00e9s allemandes ont proc\u00e9d\u00e9 \u00e0 l&rsquo;arrestation de cinq hommes en raison de soup\u00e7ons selon lesquels ils auraient \u00e9labor\u00e9 un plan visant \u00e0 percuter des participants d&rsquo;un march\u00e9 de No\u00ebl avec un v\u00e9hicule. Parmi les interpell\u00e9s, on trouve trois ressortissants marocains, un \u00e9gyptien et un syrien, tous appr\u00e9hend\u00e9s vendredi dans le cadre de l&rsquo;enqu\u00eate sur [&hellip;]<\/p>\n","protected":false},"author":23,"featured_media":166966,"comment_status":"open","ping_status":"open","sticky":false,"template":"","format":"standard","meta":{"_acf_changed":false,"inline_featured_image":false,"footnotes":""},"categories":[451],"tags":[],"class_list":["post-166983","post","type-post","status-publish","format-standard","has-post-thumbnail","hentry","category-world-news"],"acf":[],"_links":{"self":[{"href":"https:\/\/pointer-news.com\/fr\/wp-json\/wp\/v2\/posts\/166983","targetHints":{"allow":["GET"]}}],"collection":[{"href":"https:\/\/pointer-news.com\/fr\/wp-json\/wp\/v2\/posts"}],"about":[{"href":"https:\/\/pointer-news.com\/fr\/wp-json\/wp\/v2\/types\/post"}],"author":[{"embeddable":true,"href":"https:\/\/pointer-news.com\/fr\/wp-json\/wp\/v2\/users\/23"}],"replies":[{"embeddable":true,"href":"https:\/\/pointer-news.com\/fr\/wp-json\/wp\/v2\/comments?post=166983"}],"version-history":[{"count":1,"href":"https:\/\/pointer-news.com\/fr\/wp-json\/wp\/v2\/posts\/166983\/revisions"}],"predecessor-version":[{"id":167009,"href":"https:\/\/pointer-news.com\/fr\/wp-json\/wp\/v2\/posts\/166983\/revisions\/167009"}],"wp:featuredmedia":[{"embeddable":true,"href":"https:\/\/pointer-news.com\/fr\/wp-json\/wp\/v2\/media\/166966"}],"wp:attachment":[{"href":"https:\/\/pointer-news.com\/fr\/wp-json\/wp\/v2\/media?parent=166983"}],"wp:term":[{"taxonomy":"category","embeddable":true,"href":"https:\/\/pointer-news.com\/fr\/wp-json\/wp\/v2\/categories?post=166983"},{"taxonomy":"post_tag","embeddable":true,"href":"https:\/\/pointer-news.com\/fr\/wp-json\/wp\/v2\/tags?post=166983"}],"curies":[{"name":"wp","href":"https:\/\/api.w.org\/{rel}","templated":true}]}}