{"id":166986,"date":"2025-12-15T08:01:15","date_gmt":"2025-12-15T06:01:15","guid":{"rendered":"https:\/\/pointer-news.com\/?p=166986"},"modified":"2025-12-15T08:02:03","modified_gmt":"2025-12-15T06:02:03","slug":"cinq-personnes-arretees-en-allemagne-pour-un-pretendu-complot-dattaque-sur-un-marche-de-noel","status":"publish","type":"post","link":"https:\/\/pointer-news.com\/fr\/cinq-personnes-arretees-en-allemagne-pour-un-pretendu-complot-dattaque-sur-un-marche-de-noel\/","title":{"rendered":"Cinq personnes arr\u00eat\u00e9es en Allemagne pour un pr\u00e9tendu complot d&rsquo;attaque sur un march\u00e9 de No\u00ebl"},"content":{"rendered":"<p><body><\/p>\n<div class=\"article-content\">\n<div>\n<p>Les autorit\u00e9s allemandes ont interpell\u00e9 cinq individus soup\u00e7onn\u00e9s d&rsquo;avoir planifi\u00e9 une attaque par v\u00e9hicule sur un march\u00e9 de No\u00ebl. Les arrestations ont eu lieu vendredi dans la r\u00e9gion du sud de la Bavi\u00e8re, o\u00f9 trois ressortissants marocains, un \u00c9gyptien et un Syrien auraient conspir\u00e9 pour viser des passants innocents.<\/p>\n<p>Les responsables soup\u00e7onnent que le motif de l&rsquo;attaque projet\u00e9e pourrait \u00eatre ancr\u00e9 dans une id\u00e9ologie islamiste. Selon les procureurs, l&rsquo;\u00c9gyptien de 56 ans est accus\u00e9 d&rsquo;avoir incit\u00e9 \u00e0 une attaque par v\u00e9hicule dans le but de provoquer un maximum de victimes.<\/p>\n<p>Des rapports indiquent que les suspects marocains, \u00e2g\u00e9s de 30, 28 et 22 ans, auraient consenti \u00e0 participer \u00e0 cet acte violent. Parall\u00e8lement, le Syrien de 37 ans est accus\u00e9 d&rsquo;avoir encourag\u00e9 les autres \u00e0 poursuivre leurs intentions malveillantes.<\/p>\n<\/div>\n<div>\n<p>Les autorit\u00e9s allemandes demeurent vigilantes apr\u00e8s des attaques ant\u00e9rieures sur des march\u00e9s de No\u00ebl, comme l&rsquo;incident tragique \u00e0 Magdebourg en d\u00e9cembre dernier, qui a fait six victimes. Bien que la date pr\u00e9cise de l&rsquo;attaque pr\u00e9vue et l&#8217;emplacement exact du march\u00e9 n&rsquo;aient pas \u00e9t\u00e9 r\u00e9v\u00e9l\u00e9s, les responsables soup\u00e7onnent qu&rsquo;elle visait un lieu dans le district de Dingolfing-Landau, au nord-est de Munich.<\/p>\n<p>Fait notable, les m\u00e9dias allemands ont rapport\u00e9 que le suspect \u00e9gyptien est imam dans une mosqu\u00e9e locale. Apr\u00e8s leur comparution devant le tribunal samedi, les cinq suspects ont \u00e9t\u00e9 plac\u00e9s en d\u00e9tention.<\/p>\n<p>Joachim Herrmann, le ministre de l&rsquo;Int\u00e9rieur de Bavi\u00e8re, a salu\u00e9 la collaboration efficace entre les agences de s\u00e9curit\u00e9 qui a permis d&rsquo;\u00e9viter ce qui aurait pu \u00eatre une attaque islamiste tragique. Les march\u00e9s de No\u00ebl, r\u00e9put\u00e9s pour leur attrait festif, attirent de grandes foules et un tourisme important, incitant \u00e0 des mesures de s\u00e9curit\u00e9 renforc\u00e9es depuis l&rsquo;attaque de Berlin en 2016 qui a co\u00fbt\u00e9 la vie \u00e0 12 personnes.<\/p>\n<\/div>\n<\/div>\n<p><\/body><\/p>\n","protected":false},"excerpt":{"rendered":"<p>Les autorit\u00e9s allemandes ont interpell\u00e9 cinq individus soup\u00e7onn\u00e9s d&rsquo;avoir planifi\u00e9 une attaque par v\u00e9hicule sur un march\u00e9 de No\u00ebl. Les arrestations ont eu lieu vendredi dans la r\u00e9gion du sud de la Bavi\u00e8re, o\u00f9 trois ressortissants marocains, un \u00c9gyptien et un Syrien auraient conspir\u00e9 pour viser des passants innocents. Les responsables soup\u00e7onnent que le motif [&hellip;]<\/p>\n","protected":false},"author":23,"featured_media":166968,"comment_status":"open","ping_status":"open","sticky":false,"template":"","format":"standard","meta":{"_acf_changed":false,"inline_featured_image":false,"footnotes":""},"categories":[451],"tags":[],"class_list":["post-166986","post","type-post","status-publish","format-standard","has-post-thumbnail","hentry","category-world-news"],"acf":[],"_links":{"self":[{"href":"https:\/\/pointer-news.com\/fr\/wp-json\/wp\/v2\/posts\/166986","targetHints":{"allow":["GET"]}}],"collection":[{"href":"https:\/\/pointer-news.com\/fr\/wp-json\/wp\/v2\/posts"}],"about":[{"href":"https:\/\/pointer-news.com\/fr\/wp-json\/wp\/v2\/types\/post"}],"author":[{"embeddable":true,"href":"https:\/\/pointer-news.com\/fr\/wp-json\/wp\/v2\/users\/23"}],"replies":[{"embeddable":true,"href":"https:\/\/pointer-news.com\/fr\/wp-json\/wp\/v2\/comments?post=166986"}],"version-history":[{"count":1,"href":"https:\/\/pointer-news.com\/fr\/wp-json\/wp\/v2\/posts\/166986\/revisions"}],"predecessor-version":[{"id":167005,"href":"https:\/\/pointer-news.com\/fr\/wp-json\/wp\/v2\/posts\/166986\/revisions\/167005"}],"wp:featuredmedia":[{"embeddable":true,"href":"https:\/\/pointer-news.com\/fr\/wp-json\/wp\/v2\/media\/166968"}],"wp:attachment":[{"href":"https:\/\/pointer-news.com\/fr\/wp-json\/wp\/v2\/media?parent=166986"}],"wp:term":[{"taxonomy":"category","embeddable":true,"href":"https:\/\/pointer-news.com\/fr\/wp-json\/wp\/v2\/categories?post=166986"},{"taxonomy":"post_tag","embeddable":true,"href":"https:\/\/pointer-news.com\/fr\/wp-json\/wp\/v2\/tags?post=166986"}],"curies":[{"name":"wp","href":"https:\/\/api.w.org\/{rel}","templated":true}]}}