{"id":166987,"date":"2025-12-15T08:01:29","date_gmt":"2025-12-15T06:01:29","guid":{"rendered":"https:\/\/pointer-news.com\/?p=166987"},"modified":"2025-12-15T08:02:12","modified_gmt":"2025-12-15T06:02:12","slug":"cinq-individus-arretes-en-lien-avec-un-complot-dattaque-sur-un-marche-de-noel-allemand","status":"publish","type":"post","link":"https:\/\/pointer-news.com\/fr\/cinq-individus-arretes-en-lien-avec-un-complot-dattaque-sur-un-marche-de-noel-allemand\/","title":{"rendered":"Cinq individus arr\u00eat\u00e9s en lien avec un complot d&rsquo;attaque sur un march\u00e9 de No\u00ebl allemand"},"content":{"rendered":"<p><body><\/p>\n<div class=\"article-content\">\n<div>\n<p>Dans un tournant pr\u00e9occupant, les autorit\u00e9s allemandes ont interpell\u00e9 cinq personnes soup\u00e7onn\u00e9es d&rsquo;\u00eatre impliqu\u00e9es dans une conspiration visant \u00e0 percuter des pi\u00e9tons sur un march\u00e9 de No\u00ebl. Parmi les personnes arr\u00eat\u00e9es se trouvent trois ressortissants marocains, un \u00e9gyptien et un syrien, tous appr\u00e9hend\u00e9s vendredi pour avoir pr\u00e9tendument planifi\u00e9 une attaque dans l&rsquo;\u00c9tat du sud de la Bavi\u00e8re.<\/p>\n<p>Les responsables ont indiqu\u00e9 que les suspects pourraient avoir \u00e9t\u00e9 motiv\u00e9s par des id\u00e9ologies islamistes. Les procureurs ont r\u00e9v\u00e9l\u00e9 qu&rsquo;un \u00e9gyptien \u00e2g\u00e9 de 56 ans \u00e9tait apparemment le cerveau derri\u00e8re l&rsquo;appel \u00e0 une attaque par v\u00e9hicule visant \u00e0 provoquer un maximum de victimes.<\/p>\n<p>D&rsquo;apr\u00e8s les sources, les suspects marocains, \u00e2g\u00e9s de 30, 28 et 22 ans, auraient convenu d&rsquo;ex\u00e9cuter l&rsquo;attaque, tandis que le syrien de 37 ans est accus\u00e9 d&rsquo;avoir incit\u00e9 le groupe \u00e0 commettre le crime. Il reste flou de savoir quand l&rsquo;attaque \u00e9tait cens\u00e9e avoir lieu ou quel march\u00e9 sp\u00e9cifique \u00e9tait cibl\u00e9, bien que les fonctionnaires soup\u00e7onnent un emplacement dans la r\u00e9gion de Dingolfing-Landau, au nord-est de Munich.<\/p>\n<\/div>\n<div>\n<p>Des sources m\u00e9diatiques allemandes ont identifi\u00e9 le d\u00e9tenu \u00e9gyptien comme \u00e9tant un imam affili\u00e9 \u00e0 une mosqu\u00e9e locale. Le renforcement de la s\u00e9curit\u00e9 en Allemagne survient en r\u00e9ponse \u00e0 des incidents ant\u00e9rieurs, y compris une tragique attaque \u00e0 Magdebourg en d\u00e9cembre dernier qui a fait six morts.<\/p>\n<p>Les suspects ont fait leur premi\u00e8re comparution devant le tribunal samedi et sont actuellement en d\u00e9tention. Le ministre de l&rsquo;int\u00e9rieur de Bavi\u00e8re, Joachim Herrmann, a salu\u00e9 la collaboration efficace entre les services de s\u00e9curit\u00e9 qui a permis de contrecarrer ce qui aurait pu \u00eatre une attaque islamiste d\u00e9vastatrice. Les march\u00e9s de No\u00ebl, r\u00e9put\u00e9s pour leur charme festif, attirent de grandes foules et un tourisme significatif, rendant ainsi n\u00e9cessaires des mesures de s\u00e9curit\u00e9 accrues depuis l&rsquo;attaque de Berlin en 2016, qui a co\u00fbt\u00e9 la vie \u00e0 douze personnes.<\/p>\n<\/div>\n<\/div>\n<p><\/body><\/p>\n","protected":false},"excerpt":{"rendered":"<p>Dans un tournant pr\u00e9occupant, les autorit\u00e9s allemandes ont interpell\u00e9 cinq personnes soup\u00e7onn\u00e9es d&rsquo;\u00eatre impliqu\u00e9es dans une conspiration visant \u00e0 percuter des pi\u00e9tons sur un march\u00e9 de No\u00ebl. Parmi les personnes arr\u00eat\u00e9es se trouvent trois ressortissants marocains, un \u00e9gyptien et un syrien, tous appr\u00e9hend\u00e9s vendredi pour avoir pr\u00e9tendument planifi\u00e9 une attaque dans l&rsquo;\u00c9tat du sud de [&hellip;]<\/p>\n","protected":false},"author":23,"featured_media":166969,"comment_status":"open","ping_status":"open","sticky":false,"template":"","format":"standard","meta":{"_acf_changed":false,"inline_featured_image":false,"footnotes":""},"categories":[451],"tags":[],"class_list":["post-166987","post","type-post","status-publish","format-standard","has-post-thumbnail","hentry","category-world-news"],"acf":[],"_links":{"self":[{"href":"https:\/\/pointer-news.com\/fr\/wp-json\/wp\/v2\/posts\/166987","targetHints":{"allow":["GET"]}}],"collection":[{"href":"https:\/\/pointer-news.com\/fr\/wp-json\/wp\/v2\/posts"}],"about":[{"href":"https:\/\/pointer-news.com\/fr\/wp-json\/wp\/v2\/types\/post"}],"author":[{"embeddable":true,"href":"https:\/\/pointer-news.com\/fr\/wp-json\/wp\/v2\/users\/23"}],"replies":[{"embeddable":true,"href":"https:\/\/pointer-news.com\/fr\/wp-json\/wp\/v2\/comments?post=166987"}],"version-history":[{"count":1,"href":"https:\/\/pointer-news.com\/fr\/wp-json\/wp\/v2\/posts\/166987\/revisions"}],"predecessor-version":[{"id":167016,"href":"https:\/\/pointer-news.com\/fr\/wp-json\/wp\/v2\/posts\/166987\/revisions\/167016"}],"wp:featuredmedia":[{"embeddable":true,"href":"https:\/\/pointer-news.com\/fr\/wp-json\/wp\/v2\/media\/166969"}],"wp:attachment":[{"href":"https:\/\/pointer-news.com\/fr\/wp-json\/wp\/v2\/media?parent=166987"}],"wp:term":[{"taxonomy":"category","embeddable":true,"href":"https:\/\/pointer-news.com\/fr\/wp-json\/wp\/v2\/categories?post=166987"},{"taxonomy":"post_tag","embeddable":true,"href":"https:\/\/pointer-news.com\/fr\/wp-json\/wp\/v2\/tags?post=166987"}],"curies":[{"name":"wp","href":"https:\/\/api.w.org\/{rel}","templated":true}]}}