{"id":166990,"date":"2025-12-15T08:01:59","date_gmt":"2025-12-15T06:01:59","guid":{"rendered":"https:\/\/pointer-news.com\/?p=166990"},"modified":"2025-12-15T08:02:28","modified_gmt":"2025-12-15T06:02:28","slug":"cinq-individus-arretes-en-allemagne-pour-un-complot-presume-dattaque-de-marche-de-noel","status":"publish","type":"post","link":"https:\/\/pointer-news.com\/fr\/cinq-individus-arretes-en-allemagne-pour-un-complot-presume-dattaque-de-marche-de-noel\/","title":{"rendered":"Cinq individus arr\u00eat\u00e9s en Allemagne pour un complot pr\u00e9sum\u00e9 d&rsquo;attaque de march\u00e9 de No\u00ebl"},"content":{"rendered":"<p><body><\/p>\n<div class=\"article-content\">\n<div>\n<p>Les autorit\u00e9s allemandes ont proc\u00e9d\u00e9 \u00e0 l&rsquo;arrestation de cinq hommes soup\u00e7onn\u00e9s d&rsquo;avoir planifi\u00e9 une attaque \u00e0 la voiture contre un march\u00e9 de No\u00ebl. Ces arrestations ont eu lieu vendredi et concernent trois ressortissants marocains, un \u00e9gyptien et un syrien, tous consid\u00e9r\u00e9s comme ayant l&rsquo;intention de cibler un march\u00e9 dans la r\u00e9gion sud de la Bavi\u00e8re.<\/p>\n<p>Les responsables ont indiqu\u00e9 que les suspects pourraient avoir \u00e9t\u00e9 motiv\u00e9s par un \u00ab motif islamiste \u00bb. Selon les procureurs, l&rsquo;\u00e9gyptien, \u00e2g\u00e9 de 56 ans, aurait plaid\u00e9 en faveur d&rsquo;une attaque \u00e0 la voiture visant \u00e0 provoquer un maximum de victimes.<\/p>\n<p>Les trois hommes marocains, \u00e2g\u00e9s de 30, 28 et 22 ans, sont accus\u00e9s de complot en vue de commettre un meurtre, tandis que le syrien de 37 ans est accus\u00e9 d&rsquo;avoir encourag\u00e9 leurs projets, ce qui complique davantage l&rsquo;affaire. Les individus d\u00e9tenus ont \u00e9t\u00e9 pr\u00e9sent\u00e9s \u00e0 un magistrat samedi et sont actuellement en d\u00e9tention.<\/p>\n<\/div>\n<p>Les autorit\u00e9s allemandes ont proc\u00e9d\u00e9 \u00e0 l&rsquo;arrestation de cinq hommes soup\u00e7onn\u00e9s d&rsquo;avoir planifi\u00e9 une attaque \u00e0 la voiture contre un march\u00e9 de No\u00ebl. Ces arrestations ont eu lieu vendredi et concernent trois ressortissants marocains, un \u00e9gyptien et un syrien, tous consid\u00e9r\u00e9s comme ayant l&rsquo;intention de cibler un march\u00e9 dans la r\u00e9gion sud de la Bavi\u00e8re.<\/p>\n<p>Les responsables ont indiqu\u00e9 que les suspects pourraient avoir \u00e9t\u00e9 motiv\u00e9s par un \u00ab motif islamiste \u00bb. Selon les procureurs, l&rsquo;\u00e9gyptien, \u00e2g\u00e9 de 56 ans, aurait plaid\u00e9 en faveur d&rsquo;une attaque \u00e0 la voiture visant \u00e0 provoquer un maximum de victimes.<\/p>\n<p>Les trois hommes marocains, \u00e2g\u00e9s de 30, 28 et 22 ans, sont accus\u00e9s de complot en vue de commettre un meurtre, tandis que le syrien de 37 ans est accus\u00e9 d&rsquo;avoir encourag\u00e9 leurs projets, ce qui complique davantage l&rsquo;affaire. Les individus d\u00e9tenus ont \u00e9t\u00e9 pr\u00e9sent\u00e9s \u00e0 un magistrat samedi et sont actuellement en d\u00e9tention.<\/p>\n<div>\n<h2>Mesures de s\u00e9curit\u00e9 renforc\u00e9es<\/h2>\n<p>Les agences de s\u00e9curit\u00e9 allemandes sont en \u00e9tat d&rsquo;alerte accrue apr\u00e8s des incidents ant\u00e9rieurs sur des march\u00e9s de No\u00ebl, notamment l&rsquo;attaque tragique \u00e0 Magdebourg en d\u00e9cembre dernier, qui a caus\u00e9 six morts. Cependant, les autorit\u00e9s n&rsquo;ont pas pr\u00e9cis\u00e9 la date pr\u00e9vue de l&rsquo;attaque ni le march\u00e9 sp\u00e9cifique cibl\u00e9, bien qu&rsquo;elles soup\u00e7onnent qu&rsquo;il se trouvait dans la zone de Dingolfing-Landau, situ\u00e9e au nord-est de Munich.<\/p>\n<p>Joachim Herrmann, le ministre de l&rsquo;int\u00e9rieur de Bavi\u00e8re, a salu\u00e9 la coordination efficace entre les services de s\u00e9curit\u00e9 qui a potentiellement emp\u00each\u00e9 ce qui aurait pu \u00eatre une attaque d\u00e9vastatrice inspir\u00e9e par l&rsquo;islamisme. Le suspect \u00e9gyptien serait un imam affili\u00e9 \u00e0 une mosqu\u00e9e locale, ajoutant une autre dimension \u00e0 l&rsquo;enqu\u00eate.<\/p>\n<\/div>\n<h2>Mesures de s\u00e9curit\u00e9 renforc\u00e9es<\/h2>\n<p>Les agences de s\u00e9curit\u00e9 allemandes sont en \u00e9tat d&rsquo;alerte accrue apr\u00e8s des incidents ant\u00e9rieurs sur des march\u00e9s de No\u00ebl, notamment l&rsquo;attaque tragique \u00e0 Magdebourg en d\u00e9cembre dernier, qui a caus\u00e9 six morts. Cependant, les autorit\u00e9s n&rsquo;ont pas pr\u00e9cis\u00e9 la date pr\u00e9vue de l&rsquo;attaque ni le march\u00e9 sp\u00e9cifique cibl\u00e9, bien qu&rsquo;elles soup\u00e7onnent qu&rsquo;il se trouvait dans la zone de Dingolfing-Landau, situ\u00e9e au nord-est de Munich.<\/p>\n<p>Joachim Herrmann, le ministre de l&rsquo;int\u00e9rieur de Bavi\u00e8re, a salu\u00e9 la coordination efficace entre les services de s\u00e9curit\u00e9 qui a potentiellement emp\u00each\u00e9 ce qui aurait pu \u00eatre une attaque d\u00e9vastatrice inspir\u00e9e par l&rsquo;islamisme. Le suspect \u00e9gyptien serait un imam affili\u00e9 \u00e0 une mosqu\u00e9e locale, ajoutant une autre dimension \u00e0 l&rsquo;enqu\u00eate.<\/p>\n<div>\n<h3>Les march\u00e9s de No\u00ebl : une cible pour les attaques<\/h3>\n<p>Les march\u00e9s de No\u00ebl constituent une tradition pris\u00e9e en Allemagne, attirant de grandes foules et du tourisme durant la saison des f\u00eates. En raison des attaques pass\u00e9es, les mesures de s\u00e9curit\u00e9 ont \u00e9t\u00e9 renforc\u00e9es lors de ces rassemblements festifs, notamment apr\u00e8s l&rsquo;assaut de Berlin en 2016, o\u00f9 un camion a \u00e9t\u00e9 conduit dans un march\u00e9, faisant 12 victimes.<\/p>\n<\/div>\n<h3>Les march\u00e9s de No\u00ebl : une cible pour les attaques<\/h3>\n<p>Les march\u00e9s de No\u00ebl constituent une tradition pris\u00e9e en Allemagne, attirant de grandes foules et du tourisme durant la saison des f\u00eates. En raison des attaques pass\u00e9es, les mesures de s\u00e9curit\u00e9 ont \u00e9t\u00e9 renforc\u00e9es lors de ces rassemblements festifs, notamment apr\u00e8s l&rsquo;assaut de Berlin en 2016, o\u00f9 un camion a \u00e9t\u00e9 conduit dans un march\u00e9, faisant 12 victimes.<\/p>\n<\/div>\n<p><\/body><\/p>\n","protected":false},"excerpt":{"rendered":"<p>Les autorit\u00e9s allemandes ont proc\u00e9d\u00e9 \u00e0 l&rsquo;arrestation de cinq hommes soup\u00e7onn\u00e9s d&rsquo;avoir planifi\u00e9 une attaque \u00e0 la voiture contre un march\u00e9 de No\u00ebl. Ces arrestations ont eu lieu vendredi et concernent trois ressortissants marocains, un \u00e9gyptien et un syrien, tous consid\u00e9r\u00e9s comme ayant l&rsquo;intention de cibler un march\u00e9 dans la r\u00e9gion sud de la Bavi\u00e8re. [&hellip;]<\/p>\n","protected":false},"author":23,"featured_media":166972,"comment_status":"open","ping_status":"open","sticky":false,"template":"","format":"standard","meta":{"_acf_changed":false,"inline_featured_image":false,"footnotes":""},"categories":[451],"tags":[],"class_list":["post-166990","post","type-post","status-publish","format-standard","has-post-thumbnail","hentry","category-world-news"],"acf":[],"_links":{"self":[{"href":"https:\/\/pointer-news.com\/fr\/wp-json\/wp\/v2\/posts\/166990","targetHints":{"allow":["GET"]}}],"collection":[{"href":"https:\/\/pointer-news.com\/fr\/wp-json\/wp\/v2\/posts"}],"about":[{"href":"https:\/\/pointer-news.com\/fr\/wp-json\/wp\/v2\/types\/post"}],"author":[{"embeddable":true,"href":"https:\/\/pointer-news.com\/fr\/wp-json\/wp\/v2\/users\/23"}],"replies":[{"embeddable":true,"href":"https:\/\/pointer-news.com\/fr\/wp-json\/wp\/v2\/comments?post=166990"}],"version-history":[{"count":1,"href":"https:\/\/pointer-news.com\/fr\/wp-json\/wp\/v2\/posts\/166990\/revisions"}],"predecessor-version":[{"id":167023,"href":"https:\/\/pointer-news.com\/fr\/wp-json\/wp\/v2\/posts\/166990\/revisions\/167023"}],"wp:featuredmedia":[{"embeddable":true,"href":"https:\/\/pointer-news.com\/fr\/wp-json\/wp\/v2\/media\/166972"}],"wp:attachment":[{"href":"https:\/\/pointer-news.com\/fr\/wp-json\/wp\/v2\/media?parent=166990"}],"wp:term":[{"taxonomy":"category","embeddable":true,"href":"https:\/\/pointer-news.com\/fr\/wp-json\/wp\/v2\/categories?post=166990"},{"taxonomy":"post_tag","embeddable":true,"href":"https:\/\/pointer-news.com\/fr\/wp-json\/wp\/v2\/tags?post=166990"}],"curies":[{"name":"wp","href":"https:\/\/api.w.org\/{rel}","templated":true}]}}