{"id":167020,"date":"2025-12-15T08:03:11","date_gmt":"2025-12-15T06:03:11","guid":{"rendered":"https:\/\/pointer-news.com\/?p=167020"},"modified":"2025-12-15T08:03:27","modified_gmt":"2025-12-15T06:03:27","slug":"une-frappe-aerienne-israelienne-tue-un-dirigeant-senior-du-hamas-a-gaza","status":"publish","type":"post","link":"https:\/\/pointer-news.com\/fr\/une-frappe-aerienne-israelienne-tue-un-dirigeant-senior-du-hamas-a-gaza\/","title":{"rendered":"Une frappe a\u00e9rienne isra\u00e9lienne tue un dirigeant senior du Hamas \u00e0 Gaza"},"content":{"rendered":"<p><body><\/p>\n<div class=\"article-content\">\n<div>\n<p>Ce samedi, Isra\u00ebl a annonc\u00e9 avoir cibl\u00e9 avec succ\u00e8s un commandant de haut rang du Hamas lors d&rsquo;une op\u00e9ration militaire par le biais d&rsquo;une frappe a\u00e9rienne sur un v\u00e9hicule \u00e0 Gaza.<\/p>\n<p>Les Forces de d\u00e9fense isra\u00e9liennes, en collaboration avec le service de s\u00e9curit\u00e9 Shin Bet, ont confirm\u00e9 le d\u00e9c\u00e8s de Raed Saad, qui occupait le poste de responsable de la fabrication d&rsquo;armes pour la faction arm\u00e9e du Hamas, les Brigades Qassam, \u00e0 Gaza City.<\/p>\n<p>Consid\u00e9r\u00e9 comme une figure cl\u00e9 parmi les commandants Qassam, Saad a jou\u00e9 un r\u00f4le majeur dans l&rsquo;organisation des attaques contre les implantations isra\u00e9liennes survenues le<time>07:10 UTC<\/time>.<\/p>\n<\/div>\n<p>Ce samedi, Isra\u00ebl a annonc\u00e9 avoir cibl\u00e9 avec succ\u00e8s un commandant de haut rang du Hamas lors d&rsquo;une op\u00e9ration militaire par le biais d&rsquo;une frappe a\u00e9rienne sur un v\u00e9hicule \u00e0 Gaza.<\/p>\n<p>Les Forces de d\u00e9fense isra\u00e9liennes, en collaboration avec le service de s\u00e9curit\u00e9 Shin Bet, ont confirm\u00e9 le d\u00e9c\u00e8s de Raed Saad, qui occupait le poste de responsable de la fabrication d&rsquo;armes pour la faction arm\u00e9e du Hamas, les Brigades Qassam, \u00e0 Gaza City.<\/p>\n<p>Consid\u00e9r\u00e9 comme une figure cl\u00e9 parmi les commandants Qassam, Saad a jou\u00e9 un r\u00f4le majeur dans l&rsquo;organisation des attaques contre les implantations isra\u00e9liennes survenues le<time>07:10 UTC<\/time>.<\/p>\n<div>\n<p>D&rsquo;apr\u00e8s un porte-parole de la D\u00e9fense civile du Hamas, Mahmoud Basal, la frappe a\u00e9rienne a caus\u00e9 la mort de quatre personnes, plusieurs passants ayant \u00e9galement \u00e9t\u00e9 bless\u00e9s par l&rsquo;explosion.<\/p>\n<p>Un repr\u00e9sentant local du Hamas a indiqu\u00e9 qu&rsquo;en plus de Saad, l&rsquo;attaque avait \u00e9galement co\u00fbt\u00e9 la vie \u00e0 son aide et \u00e0 un autre officiel subalterne, identifi\u00e9 comme Abu Imad al-Laban.<\/p>\n<p>La v\u00e9rification ind\u00e9pendante de ces affirmations demeure impossible en raison des restrictions impos\u00e9es par Isra\u00ebl sur le reportage depuis Gaza.<\/p>\n<\/div>\n<p>D&rsquo;apr\u00e8s un porte-parole de la D\u00e9fense civile du Hamas, Mahmoud Basal, la frappe a\u00e9rienne a caus\u00e9 la mort de quatre personnes, plusieurs passants ayant \u00e9galement \u00e9t\u00e9 bless\u00e9s par l&rsquo;explosion.<\/p>\n<p>Un repr\u00e9sentant local du Hamas a indiqu\u00e9 qu&rsquo;en plus de Saad, l&rsquo;attaque avait \u00e9galement co\u00fbt\u00e9 la vie \u00e0 son aide et \u00e0 un autre officiel subalterne, identifi\u00e9 comme Abu Imad al-Laban.<\/p>\n<p>La v\u00e9rification ind\u00e9pendante de ces affirmations demeure impossible en raison des restrictions impos\u00e9es par Isra\u00ebl sur le reportage depuis Gaza.<\/p>\n<div>\n<p>Dans un communiqu\u00e9 des IDF et de l&rsquo;ISA, il a \u00e9t\u00e9 soulign\u00e9 que Saad \u00e9tait li\u00e9 \u00e0 de nombreux d\u00e9c\u00e8s parmi les soldats dans la bande de Gaza, principalement en raison de l&rsquo;utilisation de dispositifs explosifs.<\/p>\n<p>Il \u00e9tait consid\u00e9r\u00e9 comme membre d&rsquo;un nouveau conseil militaire de direction de cinq membres cr\u00e9\u00e9 apr\u00e8s le cessez-le-feu instaur\u00e9 en octobre.<\/p>\n<p>Isra\u00ebl a tent\u00e9 \u00e0 plusieurs reprises de mettre fin \u00e0 la vie de Saad au fil des ans, notamment lors d&rsquo;une op\u00e9ration en mars 2024, o\u00f9 il a \u00e9chapp\u00e9 de justesse \u00e0 une capture lors d&rsquo;un raid surprise \u00e0 Gaza City.<\/p>\n<\/div>\n<p>Dans un communiqu\u00e9 des IDF et de l&rsquo;ISA, il a \u00e9t\u00e9 soulign\u00e9 que Saad \u00e9tait li\u00e9 \u00e0 de nombreux d\u00e9c\u00e8s parmi les soldats dans la bande de Gaza, principalement en raison de l&rsquo;utilisation de dispositifs explosifs.<\/p>\n<p>Il \u00e9tait consid\u00e9r\u00e9 comme membre d&rsquo;un nouveau conseil militaire de direction de cinq membres cr\u00e9\u00e9 apr\u00e8s le cessez-le-feu instaur\u00e9 en octobre.<\/p>\n<p>Isra\u00ebl a tent\u00e9 \u00e0 plusieurs reprises de mettre fin \u00e0 la vie de Saad au fil des ans, notamment lors d&rsquo;une op\u00e9ration en mars 2024, o\u00f9 il a \u00e9chapp\u00e9 de justesse \u00e0 une capture lors d&rsquo;un raid surprise \u00e0 Gaza City.<\/p>\n<div>\n<p>Depuis plus de deux d\u00e9cennies, il figure parmi les membres du Hamas les plus recherch\u00e9s par Isra\u00ebl.<\/p>\n<p>La r\u00e9cente frappe a eu lieu dans la zone administr\u00e9e par les Palestiniens situ\u00e9e le long de la ligne jaune contest\u00e9e, qui divise Gaza depuis qu&rsquo;un cessez-le-feu instable a \u00e9t\u00e9 n\u00e9goci\u00e9 le<time>10:00 UTC<\/time>.<\/p>\n<p>Les forces isra\u00e9liennes contr\u00f4lent la r\u00e9gion \u00e0 l&rsquo;est de cette ligne, qui constitue l\u00e9g\u00e8rement plus de la moiti\u00e9 de la bande de Gaza.<\/p>\n<\/div>\n<p>Depuis plus de deux d\u00e9cennies, il figure parmi les membres du Hamas les plus recherch\u00e9s par Isra\u00ebl.<\/p>\n<p>La r\u00e9cente frappe a eu lieu dans la zone administr\u00e9e par les Palestiniens situ\u00e9e le long de la ligne jaune contest\u00e9e, qui divise Gaza depuis qu&rsquo;un cessez-le-feu instable a \u00e9t\u00e9 n\u00e9goci\u00e9 le<time>10:00 UTC<\/time>.<\/p>\n<p>Les forces isra\u00e9liennes contr\u00f4lent la r\u00e9gion \u00e0 l&rsquo;est de cette ligne, qui constitue l\u00e9g\u00e8rement plus de la moiti\u00e9 de la bande de Gaza.<\/p>\n<div>\n<p>La premi\u00e8re phase du plan de paix en 20 points propos\u00e9 par l&rsquo;ancien pr\u00e9sident am\u00e9ricain Donald Trump stipule le retour de tous les otages vivants et d\u00e9c\u00e9d\u00e9s pris lors de l&rsquo;assaut men\u00e9 par le Hamas contre le sud d&rsquo;Isra\u00ebl le<time>07:00 UTC<\/time>.<\/p>\n<p>Environ 1 200 personnes ont perdu la vie lors de cette attaque, et plus de 250 ont \u00e9t\u00e9 enlev\u00e9es en tant qu&rsquo;otages, \u00e0 l&rsquo;exception des restes de l&rsquo;officier de police isra\u00e9lien Ran Gvili, 24 ans, dont on croit qu&rsquo;il est mort en confrontant des tireurs du Hamas \u00e0 Kibbutz Alumim.<\/p>\n<p>Depuis lors, des rapports du minist\u00e8re de la sant\u00e9 contr\u00f4l\u00e9 par le Hamas \u00e0 Gaza indiquent que les actions militaires isra\u00e9liennes ont entra\u00een\u00e9 la mort de plus de 70 000 Palestiniens.<\/p>\n<\/div>\n<p>La premi\u00e8re phase du plan de paix en 20 points propos\u00e9 par l&rsquo;ancien pr\u00e9sident am\u00e9ricain Donald Trump stipule le retour de tous les otages vivants et d\u00e9c\u00e9d\u00e9s pris lors de l&rsquo;assaut men\u00e9 par le Hamas contre le sud d&rsquo;Isra\u00ebl le<time>07:00 UTC<\/time>.<\/p>\n<p>Environ 1 200 personnes ont perdu la vie lors de cette attaque, et plus de 250 ont \u00e9t\u00e9 enlev\u00e9es en tant qu&rsquo;otages, \u00e0 l&rsquo;exception des restes de l&rsquo;officier de police isra\u00e9lien Ran Gvili, 24 ans, dont on croit qu&rsquo;il est mort en confrontant des tireurs du Hamas \u00e0 Kibbutz Alumim.<\/p>\n<p>Depuis lors, des rapports du minist\u00e8re de la sant\u00e9 contr\u00f4l\u00e9 par le Hamas \u00e0 Gaza indiquent que les actions militaires isra\u00e9liennes ont entra\u00een\u00e9 la mort de plus de 70 000 Palestiniens.<\/p>\n<div>\n<p>Le dialogue diplomatique en cours se concentre maintenant sur la phase suivante de la strat\u00e9gie du pr\u00e9sident Trump, qui vise le d\u00e9sarmement du Hamas dans le cadre d&rsquo;une initiative plus large de d\u00e9radicalisation et de reconstruction \u00e0 Gaza.<\/p>\n<p>Cette \u00e9tape envisage un gouvernement \u00e0 Gaza dirig\u00e9 par un comit\u00e9 palestinien temporaire et non partisan, supervis\u00e9 par un \u00ab Conseil de la paix \u00bb, qui serait pr\u00e9sid\u00e9 par Trump.<\/p>\n<p>Des arrangements de s\u00e9curit\u00e9 devraient \u00eatre g\u00e9r\u00e9s par une Force internationale de stabilisation, bien que sa composition reste incertaine.<\/p>\n<\/div>\n<p>Le dialogue diplomatique en cours se concentre maintenant sur la phase suivante de la strat\u00e9gie du pr\u00e9sident Trump, qui vise le d\u00e9sarmement du Hamas dans le cadre d&rsquo;une initiative plus large de d\u00e9radicalisation et de reconstruction \u00e0 Gaza.<\/p>\n<p>Cette \u00e9tape envisage un gouvernement \u00e0 Gaza dirig\u00e9 par un comit\u00e9 palestinien temporaire et non partisan, supervis\u00e9 par un \u00ab Conseil de la paix \u00bb, qui serait pr\u00e9sid\u00e9 par Trump.<\/p>\n<p>Des arrangements de s\u00e9curit\u00e9 devraient \u00eatre g\u00e9r\u00e9s par une Force internationale de stabilisation, bien que sa composition reste incertaine.<\/p>\n<div>\n<p>L&rsquo;objectif ultime est qu&rsquo;une Autorit\u00e9 palestinienne r\u00e9form\u00e9e gouverne la r\u00e9gion, conduisant au retrait des forces isra\u00e9liennes, cr\u00e9ant ainsi des conditions favorables \u00e0 l&rsquo;autod\u00e9termination et \u00e0 l&rsquo;\u00c9tat palestinien.<\/p>\n<p>Cependant, de nombreux \u00e9l\u00e9ments de ce plan suscitent des controverses en Isra\u00ebl, le Premier ministre Benjamin Netanyahu s&rsquo;opposant syst\u00e9matiquement \u00e0 l&rsquo;\u00e9tablissement d&rsquo;un \u00c9tat palestinien.<\/p>\n<p>Trump doit rencontrer Netanyahu aux \u00c9tats-Unis le<time>29:00 UTC<\/time>pour discuter plus avant du plan.<\/p>\n<\/div>\n<p>L&rsquo;objectif ultime est qu&rsquo;une Autorit\u00e9 palestinienne r\u00e9form\u00e9e gouverne la r\u00e9gion, conduisant au retrait des forces isra\u00e9liennes, cr\u00e9ant ainsi des conditions favorables \u00e0 l&rsquo;autod\u00e9termination et \u00e0 l&rsquo;\u00c9tat palestinien.<\/p>\n<p>Cependant, de nombreux \u00e9l\u00e9ments de ce plan suscitent des controverses en Isra\u00ebl, le Premier ministre Benjamin Netanyahu s&rsquo;opposant syst\u00e9matiquement \u00e0 l&rsquo;\u00e9tablissement d&rsquo;un \u00c9tat palestinien.<\/p>\n<p>Trump doit rencontrer Netanyahu aux \u00c9tats-Unis le<time>29:00 UTC<\/time>pour discuter plus avant du plan.<\/p>\n<\/div>\n<p><\/body><\/p>\n","protected":false},"excerpt":{"rendered":"<p>Ce samedi, Isra\u00ebl a annonc\u00e9 avoir cibl\u00e9 avec succ\u00e8s un commandant de haut rang du Hamas lors d&rsquo;une op\u00e9ration militaire par le biais d&rsquo;une frappe a\u00e9rienne sur un v\u00e9hicule \u00e0 Gaza. Les Forces de d\u00e9fense isra\u00e9liennes, en collaboration avec le service de s\u00e9curit\u00e9 Shin Bet, ont confirm\u00e9 le d\u00e9c\u00e8s de Raed Saad, qui occupait le [&hellip;]<\/p>\n","protected":false},"author":23,"featured_media":166978,"comment_status":"open","ping_status":"open","sticky":false,"template":"","format":"standard","meta":{"_acf_changed":false,"inline_featured_image":false,"footnotes":""},"categories":[451],"tags":[],"class_list":["post-167020","post","type-post","status-publish","format-standard","has-post-thumbnail","hentry","category-world-news"],"acf":[],"_links":{"self":[{"href":"https:\/\/pointer-news.com\/fr\/wp-json\/wp\/v2\/posts\/167020","targetHints":{"allow":["GET"]}}],"collection":[{"href":"https:\/\/pointer-news.com\/fr\/wp-json\/wp\/v2\/posts"}],"about":[{"href":"https:\/\/pointer-news.com\/fr\/wp-json\/wp\/v2\/types\/post"}],"author":[{"embeddable":true,"href":"https:\/\/pointer-news.com\/fr\/wp-json\/wp\/v2\/users\/23"}],"replies":[{"embeddable":true,"href":"https:\/\/pointer-news.com\/fr\/wp-json\/wp\/v2\/comments?post=167020"}],"version-history":[{"count":1,"href":"https:\/\/pointer-news.com\/fr\/wp-json\/wp\/v2\/posts\/167020\/revisions"}],"predecessor-version":[{"id":167032,"href":"https:\/\/pointer-news.com\/fr\/wp-json\/wp\/v2\/posts\/167020\/revisions\/167032"}],"wp:featuredmedia":[{"embeddable":true,"href":"https:\/\/pointer-news.com\/fr\/wp-json\/wp\/v2\/media\/166978"}],"wp:attachment":[{"href":"https:\/\/pointer-news.com\/fr\/wp-json\/wp\/v2\/media?parent=167020"}],"wp:term":[{"taxonomy":"category","embeddable":true,"href":"https:\/\/pointer-news.com\/fr\/wp-json\/wp\/v2\/categories?post=167020"},{"taxonomy":"post_tag","embeddable":true,"href":"https:\/\/pointer-news.com\/fr\/wp-json\/wp\/v2\/tags?post=167020"}],"curies":[{"name":"wp","href":"https:\/\/api.w.org\/{rel}","templated":true}]}}