{"id":167029,"date":"2025-12-15T08:04:04","date_gmt":"2025-12-15T06:04:04","guid":{"rendered":"https:\/\/pointer-news.com\/?p=167029"},"modified":"2025-12-15T08:04:18","modified_gmt":"2025-12-15T06:04:18","slug":"une-frappe-aerienne-israelienne-elimine-un-leader-senior-du-hamas-a-gaza","status":"publish","type":"post","link":"https:\/\/pointer-news.com\/fr\/une-frappe-aerienne-israelienne-elimine-un-leader-senior-du-hamas-a-gaza\/","title":{"rendered":"Une frappe a\u00e9rienne isra\u00e9lienne \u00e9limine un leader senior du Hamas \u00e0 Gaza"},"content":{"rendered":"<p><body><\/p>\n<div class=\"article-content\">\n<div>\n<p>Ce samedi, les forces isra\u00e9liennes ont r\u00e9v\u00e9l\u00e9 avoir \u00e9limin\u00e9 un commandant de haut rang du Hamas lors d&rsquo;une frappe a\u00e9rienne cibl\u00e9e sur un v\u00e9hicule situ\u00e9 \u00e0 Gaza.<\/p>\n<p>Selon un communiqu\u00e9 conjoint des Forces de d\u00e9fense isra\u00e9liennes (FDI) et de l&rsquo;agence de s\u00e9curit\u00e9 Shin Bet, Raed Saad, responsable de la production d&rsquo;armements pour l&rsquo;organe militaire du Hamas, connu sous le nom de Brigades Qassam, a \u00e9t\u00e9 abattu \u00e0 Gaza City.<\/p>\n<p>Saad s&rsquo;\u00e9tait forg\u00e9 une r\u00e9putation en tant que figure \u00e9minente au sein des Brigades Qassam, ayant dirig\u00e9 plusieurs unit\u00e9s durant les attaques contre des quartiers isra\u00e9liens survenues le 7 octobre.<\/p>\n<\/div>\n<div>\n<p>Mahmoud Basal, porte-parole de la D\u00e9fense civile sous le Hamas, a rapport\u00e9 que la frappe a\u00e9rienne avait caus\u00e9 la mort de quatre personnes, plusieurs passants ayant \u00e9galement \u00e9t\u00e9 bless\u00e9s par l&rsquo;explosion.<\/p>\n<p>Un repr\u00e9sentant local du Hamas a confirm\u00e9 que l&rsquo;un des aides de Saad faisait partie des d\u00e9funts, ainsi qu&rsquo;un autre responsable de rang inf\u00e9rieur connu sous le nom d&rsquo;Abu Imad al-Laban.<\/p>\n<p>En raison des restrictions impos\u00e9es par Isra\u00ebl, la v\u00e9rification ind\u00e9pendante de cet incident par des m\u00e9dias ext\u00e9rieurs reste impossible.<\/p>\n<\/div>\n<div>\n<p>Dans leur annonce conjointe, les FDI et le Shin Bet ont pr\u00e9cis\u00e9 que Saad \u00e9tait responsable de la mort de nombreux soldats tu\u00e9s dans la bande de Gaza par l&rsquo;utilisation d&rsquo;engins explosifs.<\/p>\n<p>On pense qu&rsquo;il fait partie d&rsquo;un nouveau conseil de direction militaire compos\u00e9 de cinq membres, actif depuis l&rsquo;entr\u00e9e en vigueur du cessez-le-feu en octobre.<\/p>\n<p>Isra\u00ebl a d\u00e9j\u00e0 tent\u00e9 de mettre fin \u00e0 ses jours par le pass\u00e9, une op\u00e9ration notable ayant eu lieu en mars 2024, lorsque les forces isra\u00e9liennes ont essay\u00e9 de le capturer ou de l&rsquo;\u00e9liminer lors d&rsquo;un raid \u00e0 Gaza City. Des sources ont indiqu\u00e9 qu&rsquo;il se trouvait dans la zone cibl\u00e9e mais a r\u00e9ussi \u00e0 \u00e9chapper \u00e0 l&rsquo;arrestation juste avant le d\u00e9but de l&rsquo;op\u00e9ration.<\/p>\n<\/div>\n<div>\n<p>Depuis plus de vingt ans, il est consid\u00e9r\u00e9 comme l&rsquo;un des individus les plus recherch\u00e9s par les autorit\u00e9s isra\u00e9liennes au sein de l&rsquo;organisation Hamas.<\/p>\n<p>La frappe r\u00e9cente s&rsquo;est produite du c\u00f4t\u00e9 administr\u00e9 par les Palestiniens de la Ligne Jaune, qui s\u00e9pare Gaza depuis un cessez-le-feu instable orchestr\u00e9 par les \u00c9tats-Unis, mis en place le 10 octobre.<\/p>\n<p>Les forces militaires isra\u00e9liennes maintiennent le contr\u00f4le sur le territoire \u00e0 l&rsquo;est de cette ligne, qui couvre l\u00e9g\u00e8rement plus de la moiti\u00e9 de la bande de Gaza.<\/p>\n<\/div>\n<div>\n<p>La premi\u00e8re phase de la proposition de paix en 20 points du pr\u00e9sident Donald Trump exigeait le retour de tous les otages vivants et d\u00e9c\u00e9d\u00e9s pris lors de l&rsquo;attaque men\u00e9e par le Hamas contre le sud d&rsquo;Isra\u00ebl le 7 octobre 2023.<\/p>\n<p>Cette attaque a co\u00fbt\u00e9 la vie \u00e0 environ 1 200 personnes, avec plus de 250 prises en otage.<\/p>\n<p>\u00c0 ce jour, tous les otages ont \u00e9t\u00e9 lib\u00e9r\u00e9s, \u00e0 l&rsquo;exception des restes d&rsquo;un policier isra\u00e9lien, Ran Gvili, 24 ans, pr\u00e9sum\u00e9 tu\u00e9 lors des combats contre des militants du Hamas \u00e0 Kibbutz Alumim.<\/p>\n<\/div>\n<div>\n<p>Selon les rapports du minist\u00e8re de la sant\u00e9 de Gaza, contr\u00f4l\u00e9 par le Hamas, les actions militaires isra\u00e9liennes ont entra\u00een\u00e9 la mort de plus de 70 000 Palestiniens depuis l&rsquo;escalade du conflit.<\/p>\n<p>Alors que les efforts diplomatiques avancent, l&rsquo;attention se tourne maintenant vers la phase suivante de l&rsquo;initiative du pr\u00e9sident Trump, qui inclut le d\u00e9sarmement du Hamas dans le cadre d&rsquo;une strat\u00e9gie plus large de d\u00e9radicalisation et de r\u00e9am\u00e9nagement de Gaza.<\/p>\n<p>Ce plan envisage une gouvernance de Gaza sous un comit\u00e9 palestinien temporaire et non politique, supervis\u00e9 par un<\/p>\n<\/div>\n<\/div>\n<p><\/body><\/p>\n","protected":false},"excerpt":{"rendered":"<p>Ce samedi, les forces isra\u00e9liennes ont r\u00e9v\u00e9l\u00e9 avoir \u00e9limin\u00e9 un commandant de haut rang du Hamas lors d&rsquo;une frappe a\u00e9rienne cibl\u00e9e sur un v\u00e9hicule situ\u00e9 \u00e0 Gaza. Selon un communiqu\u00e9 conjoint des Forces de d\u00e9fense isra\u00e9liennes (FDI) et de l&rsquo;agence de s\u00e9curit\u00e9 Shin Bet, Raed Saad, responsable de la production d&rsquo;armements pour l&rsquo;organe militaire du [&hellip;]<\/p>\n","protected":false},"author":23,"featured_media":166975,"comment_status":"open","ping_status":"open","sticky":false,"template":"","format":"standard","meta":{"_acf_changed":false,"inline_featured_image":false,"footnotes":""},"categories":[451],"tags":[],"class_list":["post-167029","post","type-post","status-publish","format-standard","has-post-thumbnail","hentry","category-world-news"],"acf":[],"_links":{"self":[{"href":"https:\/\/pointer-news.com\/fr\/wp-json\/wp\/v2\/posts\/167029","targetHints":{"allow":["GET"]}}],"collection":[{"href":"https:\/\/pointer-news.com\/fr\/wp-json\/wp\/v2\/posts"}],"about":[{"href":"https:\/\/pointer-news.com\/fr\/wp-json\/wp\/v2\/types\/post"}],"author":[{"embeddable":true,"href":"https:\/\/pointer-news.com\/fr\/wp-json\/wp\/v2\/users\/23"}],"replies":[{"embeddable":true,"href":"https:\/\/pointer-news.com\/fr\/wp-json\/wp\/v2\/comments?post=167029"}],"version-history":[{"count":1,"href":"https:\/\/pointer-news.com\/fr\/wp-json\/wp\/v2\/posts\/167029\/revisions"}],"predecessor-version":[{"id":167039,"href":"https:\/\/pointer-news.com\/fr\/wp-json\/wp\/v2\/posts\/167029\/revisions\/167039"}],"wp:featuredmedia":[{"embeddable":true,"href":"https:\/\/pointer-news.com\/fr\/wp-json\/wp\/v2\/media\/166975"}],"wp:attachment":[{"href":"https:\/\/pointer-news.com\/fr\/wp-json\/wp\/v2\/media?parent=167029"}],"wp:term":[{"taxonomy":"category","embeddable":true,"href":"https:\/\/pointer-news.com\/fr\/wp-json\/wp\/v2\/categories?post=167029"},{"taxonomy":"post_tag","embeddable":true,"href":"https:\/\/pointer-news.com\/fr\/wp-json\/wp\/v2\/tags?post=167029"}],"curies":[{"name":"wp","href":"https:\/\/api.w.org\/{rel}","templated":true}]}}