{"id":167079,"date":"2025-12-15T09:02:44","date_gmt":"2025-12-15T07:02:44","guid":{"rendered":"https:\/\/pointer-news.com\/?p=167079"},"modified":"2025-12-15T09:03:27","modified_gmt":"2025-12-15T07:03:27","slug":"amorim-reconnait-le-sous-performance-a-manchester-united","status":"publish","type":"post","link":"https:\/\/pointer-news.com\/fr\/amorim-reconnait-le-sous-performance-a-manchester-united\/","title":{"rendered":"Amorim Reconna\u00eet le Sous-Performance \u00e0 Manchester United"},"content":{"rendered":"<p><body><\/p>\n<div class=\"article-content\">\n<div>\n<p>Ruben Amorim, l&rsquo;entra\u00eeneur principal de Manchester United, a reconnu sans r\u00e9serve que le club ne r\u00e9pond pas aux attentes, surtout face aux critiques de joueurs embl\u00e9matiques du pass\u00e9.<\/p>\n<p>Amorim a soulign\u00e9 que cette attention est le r\u00e9sultat naturel de la performance actuelle de l&rsquo;\u00e9quipe, insistant sur le fait que l&rsquo;effectif n&rsquo;atteint pas son plein potentiel.<\/p>\n<p>Dans ses d\u00e9clarations, il a r\u00e9fl\u00e9chi \u00e0 l&rsquo;importance de ces critiques, en reconnaissant l&rsquo;h\u00e9ritage de ceux qui ont pr\u00e9c\u00e9demment port\u00e9 le maillot rouge.<\/p>\n<\/div>\n<p>Ruben Amorim, l&rsquo;entra\u00eeneur principal de Manchester United, a reconnu sans r\u00e9serve que le club ne r\u00e9pond pas aux attentes, surtout face aux critiques de joueurs embl\u00e9matiques du pass\u00e9.<\/p>\n<p>Amorim a soulign\u00e9 que cette attention est le r\u00e9sultat naturel de la performance actuelle de l&rsquo;\u00e9quipe, insistant sur le fait que l&rsquo;effectif n&rsquo;atteint pas son plein potentiel.<\/p>\n<p>Dans ses d\u00e9clarations, il a r\u00e9fl\u00e9chi \u00e0 l&rsquo;importance de ces critiques, en reconnaissant l&rsquo;h\u00e9ritage de ceux qui ont pr\u00e9c\u00e9demment port\u00e9 le maillot rouge.<\/p>\n<div>\n<h2>Affronter les D\u00e9fis<\/h2>\n<p>Alors que Manchester United poursuit sa campagne, Amorim est pleinement conscient des pressions associ\u00e9es \u00e0 son r\u00f4le. Il a not\u00e9 que l&rsquo;\u00e9quipe doit s&rsquo;efforcer d&rsquo;am\u00e9liorer ses performances et d&rsquo;obtenir de meilleurs r\u00e9sultats pour satisfaire \u00e0 la fois les supporters et l&rsquo;histoire prestigieuse du club.<\/p>\n<p>Avec de grandes ambitions, il a soulign\u00e9 l&rsquo;importance de prendre en compte les retours constructifs, dans le but d&rsquo;\u00e9lever le niveau de jeu de l&rsquo;\u00e9quipe lors des prochains matchs.<\/p>\n<\/div>\n<h2>Affronter les D\u00e9fis<\/h2>\n<p>Alors que Manchester United poursuit sa campagne, Amorim est pleinement conscient des pressions associ\u00e9es \u00e0 son r\u00f4le. Il a not\u00e9 que l&rsquo;\u00e9quipe doit s&rsquo;efforcer d&rsquo;am\u00e9liorer ses performances et d&rsquo;obtenir de meilleurs r\u00e9sultats pour satisfaire \u00e0 la fois les supporters et l&rsquo;histoire prestigieuse du club.<\/p>\n<p>Avec de grandes ambitions, il a soulign\u00e9 l&rsquo;importance de prendre en compte les retours constructifs, dans le but d&rsquo;\u00e9lever le niveau de jeu de l&rsquo;\u00e9quipe lors des prochains matchs.<\/p>\n<div>\n<h2>Engagement pour le Progr\u00e8s<\/h2>\n<p>En fin de compte, Amorim a conclu que la voie \u00e0 suivre n\u00e9cessite un effort collectif de la part des joueurs, du personnel d&rsquo;encadrement et de l&rsquo;ensemble de l&rsquo;organisation.<\/p>\n<p>Il reste optimiste qu&rsquo;avec d\u00e9vouement et travail acharn\u00e9, Manchester United pourra inverser la tendance et retrouver son statut parmi l&rsquo;\u00e9lite du football.<\/p>\n<\/div>\n<h2>Engagement pour le Progr\u00e8s<\/h2>\n<p>En fin de compte, Amorim a conclu que la voie \u00e0 suivre n\u00e9cessite un effort collectif de la part des joueurs, du personnel d&rsquo;encadrement et de l&rsquo;ensemble de l&rsquo;organisation.<\/p>\n<p>Il reste optimiste qu&rsquo;avec d\u00e9vouement et travail acharn\u00e9, Manchester United pourra inverser la tendance et retrouver son statut parmi l&rsquo;\u00e9lite du football.<\/p>\n<\/div>\n<p><\/body><\/p>\n","protected":false},"excerpt":{"rendered":"<p>Ruben Amorim, l&rsquo;entra\u00eeneur principal de Manchester United, a reconnu sans r\u00e9serve que le club ne r\u00e9pond pas aux attentes, surtout face aux critiques de joueurs embl\u00e9matiques du pass\u00e9. Amorim a soulign\u00e9 que cette attention est le r\u00e9sultat naturel de la performance actuelle de l&rsquo;\u00e9quipe, insistant sur le fait que l&rsquo;effectif n&rsquo;atteint pas son plein potentiel. [&hellip;]<\/p>\n","protected":false},"author":23,"featured_media":167052,"comment_status":"open","ping_status":"open","sticky":false,"template":"","format":"standard","meta":{"_acf_changed":false,"inline_featured_image":false,"footnotes":""},"categories":[468],"tags":[538],"class_list":["post-167079","post","type-post","status-publish","format-standard","has-post-thumbnail","hentry","category-sports-health","tag-soccer"],"acf":[],"_links":{"self":[{"href":"https:\/\/pointer-news.com\/fr\/wp-json\/wp\/v2\/posts\/167079","targetHints":{"allow":["GET"]}}],"collection":[{"href":"https:\/\/pointer-news.com\/fr\/wp-json\/wp\/v2\/posts"}],"about":[{"href":"https:\/\/pointer-news.com\/fr\/wp-json\/wp\/v2\/types\/post"}],"author":[{"embeddable":true,"href":"https:\/\/pointer-news.com\/fr\/wp-json\/wp\/v2\/users\/23"}],"replies":[{"embeddable":true,"href":"https:\/\/pointer-news.com\/fr\/wp-json\/wp\/v2\/comments?post=167079"}],"version-history":[{"count":1,"href":"https:\/\/pointer-news.com\/fr\/wp-json\/wp\/v2\/posts\/167079\/revisions"}],"predecessor-version":[{"id":167106,"href":"https:\/\/pointer-news.com\/fr\/wp-json\/wp\/v2\/posts\/167079\/revisions\/167106"}],"wp:featuredmedia":[{"embeddable":true,"href":"https:\/\/pointer-news.com\/fr\/wp-json\/wp\/v2\/media\/167052"}],"wp:attachment":[{"href":"https:\/\/pointer-news.com\/fr\/wp-json\/wp\/v2\/media?parent=167079"}],"wp:term":[{"taxonomy":"category","embeddable":true,"href":"https:\/\/pointer-news.com\/fr\/wp-json\/wp\/v2\/categories?post=167079"},{"taxonomy":"post_tag","embeddable":true,"href":"https:\/\/pointer-news.com\/fr\/wp-json\/wp\/v2\/tags?post=167079"}],"curies":[{"name":"wp","href":"https:\/\/api.w.org\/{rel}","templated":true}]}}