{"id":167213,"date":"2025-12-15T14:00:14","date_gmt":"2025-12-15T12:00:14","guid":{"rendered":"https:\/\/pointer-news.com\/?p=167213"},"modified":"2025-12-15T14:00:57","modified_gmt":"2025-12-15T12:00:57","slug":"oneill-exprime-sa-volonte-de-continuer-en-tant-quentraineur-du-celtic","status":"publish","type":"post","link":"https:\/\/pointer-news.com\/fr\/oneill-exprime-sa-volonte-de-continuer-en-tant-quentraineur-du-celtic\/","title":{"rendered":"O&rsquo;Neill exprime sa volont\u00e9 de continuer en tant qu&rsquo;entra\u00eeneur du Celtic"},"content":{"rendered":"<p><body><\/p>\n<div class=\"article-content\">\n<div>\n<p>Martin O&rsquo;Neill a affirm\u00e9 qu&rsquo;il aurait \u00e9t\u00e9 plus que dispos\u00e9 \u00e0 poursuivre son r\u00f4le d&rsquo;entra\u00eeneur du Celtic apr\u00e8s une p\u00e9riode int\u00e9rimaire fructueuse, o\u00f9 son \u00e9quipe a enregistr\u00e9 sept victoires sur huit matchs.<\/p>\n<p>En repensant \u00e0 son passage \u00e0 la t\u00eate de l&rsquo;\u00e9quipe, O&rsquo;Neill a soulign\u00e9 la satisfaction qu&rsquo;il a ressentie durant cette br\u00e8ve p\u00e9riode. Ses performances solides avec le groupe l&rsquo;ont laiss\u00e9 enthousiaste quant \u00e0 la possibilit\u00e9 de prolonger son s\u00e9jour.<\/p>\n<p>Une telle s\u00e9rie de succ\u00e8s a sans aucun doute amplifi\u00e9 l&rsquo;anticipation parmi les supporters concernant son avenir potentiel au sein du club. L&rsquo;impact d&rsquo;O&rsquo;Neill a \u00e9t\u00e9 significatif, d\u00e9montrant sa capacit\u00e9 \u00e0 mener l&rsquo;\u00e9quipe avec efficacit\u00e9.<\/p>\n<p>Pour conclure, les commentaires d&rsquo;O&rsquo;Neill r\u00e9v\u00e8lent un lien profond avec le Celtic, indiquant qu&rsquo;il aurait accueilli l&rsquo;opportunit\u00e9 de capitaliser sur l&rsquo;\u00e9lan qu&rsquo;il a cr\u00e9\u00e9 durant son court mandat.<\/p>\n<\/div>\n<\/div>\n<p><\/body><\/p>\n","protected":false},"excerpt":{"rendered":"<p>Martin O&rsquo;Neill a affirm\u00e9 qu&rsquo;il aurait \u00e9t\u00e9 plus que dispos\u00e9 \u00e0 poursuivre son r\u00f4le d&rsquo;entra\u00eeneur du Celtic apr\u00e8s une p\u00e9riode int\u00e9rimaire fructueuse, o\u00f9 son \u00e9quipe a enregistr\u00e9 sept victoires sur huit matchs. En repensant \u00e0 son passage \u00e0 la t\u00eate de l&rsquo;\u00e9quipe, O&rsquo;Neill a soulign\u00e9 la satisfaction qu&rsquo;il a ressentie durant cette br\u00e8ve p\u00e9riode. Ses [&hellip;]<\/p>\n","protected":false},"author":23,"featured_media":167208,"comment_status":"open","ping_status":"open","sticky":false,"template":"","format":"standard","meta":{"_acf_changed":false,"inline_featured_image":false,"footnotes":""},"categories":[468],"tags":[],"class_list":["post-167213","post","type-post","status-publish","format-standard","has-post-thumbnail","hentry","category-sports-health"],"acf":[],"_links":{"self":[{"href":"https:\/\/pointer-news.com\/fr\/wp-json\/wp\/v2\/posts\/167213","targetHints":{"allow":["GET"]}}],"collection":[{"href":"https:\/\/pointer-news.com\/fr\/wp-json\/wp\/v2\/posts"}],"about":[{"href":"https:\/\/pointer-news.com\/fr\/wp-json\/wp\/v2\/types\/post"}],"author":[{"embeddable":true,"href":"https:\/\/pointer-news.com\/fr\/wp-json\/wp\/v2\/users\/23"}],"replies":[{"embeddable":true,"href":"https:\/\/pointer-news.com\/fr\/wp-json\/wp\/v2\/comments?post=167213"}],"version-history":[{"count":1,"href":"https:\/\/pointer-news.com\/fr\/wp-json\/wp\/v2\/posts\/167213\/revisions"}],"predecessor-version":[{"id":167229,"href":"https:\/\/pointer-news.com\/fr\/wp-json\/wp\/v2\/posts\/167213\/revisions\/167229"}],"wp:featuredmedia":[{"embeddable":true,"href":"https:\/\/pointer-news.com\/fr\/wp-json\/wp\/v2\/media\/167208"}],"wp:attachment":[{"href":"https:\/\/pointer-news.com\/fr\/wp-json\/wp\/v2\/media?parent=167213"}],"wp:term":[{"taxonomy":"category","embeddable":true,"href":"https:\/\/pointer-news.com\/fr\/wp-json\/wp\/v2\/categories?post=167213"},{"taxonomy":"post_tag","embeddable":true,"href":"https:\/\/pointer-news.com\/fr\/wp-json\/wp\/v2\/tags?post=167213"}],"curies":[{"name":"wp","href":"https:\/\/api.w.org\/{rel}","templated":true}]}}