{"id":167369,"date":"2025-12-15T19:03:14","date_gmt":"2025-12-15T17:03:14","guid":{"rendered":"https:\/\/pointer-news.com\/?p=167369"},"modified":"2025-12-15T19:03:30","modified_gmt":"2025-12-15T17:03:30","slug":"le-gouvernement-sapproche-de-lachevement-de-la-definition-de-la-haine-anti-musulmane","status":"publish","type":"post","link":"https:\/\/pointer-news.com\/fr\/le-gouvernement-sapproche-de-lachevement-de-la-definition-de-la-haine-anti-musulmane\/","title":{"rendered":"Le gouvernement s&rsquo;approche de l&rsquo;ach\u00e8vement de la d\u00e9finition de la haine anti-musulmane"},"content":{"rendered":"<p><body><\/p>\n<div class=\"article-content\">\n<div>\n<p>Le gouvernement progresse vers l&rsquo;ach\u00e8vement d&rsquo;une d\u00e9finition de la haine anti-musulmane, en omettant notamment le terme \u00ab islamophobie \u00bb. Ce projet, \u00e9labor\u00e9 par le groupe de travail sur l&rsquo;islamophobie et la haine anti-musulmane, a \u00e9t\u00e9 partag\u00e9 avec divers acteurs pour recueillir des retours.<\/p>\n<p>Les d\u00e9fenseurs de la libert\u00e9 d&rsquo;expression tirent la sonnette d&rsquo;alarme, soutenant que la protection du terme \u00ab islamophobie \u00bb pourrait entraver la capacit\u00e9 de critiquer la religion elle-m\u00eame. Les membres du groupe de travail affirment que leur d\u00e9finition prot\u00e8ge efficacement les individus tout en emp\u00eachant des interpr\u00e9tations excessives.<\/p>\n<p>Cr\u00e9\u00e9 en f\u00e9vrier, le groupe de travail avait pour mission de d\u00e9finir la haine anti-musulmane et l&rsquo;islamophobie. Ils ont pr\u00e9sent\u00e9 leurs recommandations au gouvernement en octobre, qui serviront de ligne directrice non contraignante, ce qui signifie qu&rsquo;elles n&rsquo;auront pas force de loi, mais pourront \u00eatre adopt\u00e9es par des organismes publics.<\/p>\n<\/div>\n<div>\n<h2>Comprendre la d\u00e9finition propos\u00e9e<\/h2>\n<p>Le langage propos\u00e9 d\u00e9finit l&rsquo;hostilit\u00e9 anti-musulmane comme des actions qui promeuvent ou incitent \u00e0 un comportement criminel, y compris la violence, les dommages mat\u00e9riels et le harc\u00e8lement, qu&rsquo;ils soient exprim\u00e9s physiquement, verbalement, par \u00e9crit ou \u00e9lectroniquement, \u00e0 l&rsquo;encontre des musulmans ou des personnes per\u00e7ues comme telles, en raison de leur foi, de leur ethnie ou de leur apparence.<\/p>\n<p>De plus, cela englobe des st\u00e9r\u00e9otypes nuisibles et la racialisation des musulmans en tant qu&rsquo;entit\u00e9 collective dot\u00e9e de traits fixes, destin\u00e9e \u00e0 alimenter l&rsquo;animosit\u00e9, ind\u00e9pendamment des croyances ou des actions r\u00e9elles des individus. La d\u00e9finition aborde \u00e9galement les pratiques discriminatoires visant \u00e0 d\u00e9savantager les musulmans dans les sph\u00e8res publique et \u00e9conomique.<\/p>\n<\/div>\n<h2>Comprendre la d\u00e9finition propos\u00e9e<\/h2>\n<div>\n<h2>D\u00e9bat et discussion au sein du groupe de travail<\/h2>\n<p>La semaine derni\u00e8re, le groupe de travail s&rsquo;est r\u00e9uni pour discuter des r\u00e9visions potentielles sugg\u00e9r\u00e9es par le minist\u00e8re du Logement, des Communaut\u00e9s et du Gouvernement local. Un point de controverse semble \u00eatre l&rsquo;inclusion du terme \u00ab racialisation \u00bb dans la d\u00e9finition propos\u00e9e.<\/p>\n<p>La baronne Gohir, membre du groupe de travail, a exprim\u00e9 que leur soumission trouve un juste \u00e9quilibre en prot\u00e9geant les individus sans exc\u00e8s. Elle a ajout\u00e9 que la d\u00e9finition reconna\u00eet que les musulmans sont souvent victimes de discrimination non seulement en raison de leurs croyances, mais \u00e9galement \u00e0 cause de leur apparence, de leur ethnie ou d&rsquo;autres caract\u00e9ristiques.<\/p>\n<blockquote>\n<p>\u00ab L&rsquo;incorporation de l&rsquo;aspect de la racialisation affirme ces exp\u00e9riences v\u00e9cues \u00bb, a-t-elle soulign\u00e9.<\/p>\n<\/blockquote>\n<\/div>\n<h2>D\u00e9bat et discussion au sein du groupe de travail<\/h2>\n<div>\n<h2>Pr\u00e9occupations concernant la libert\u00e9 d&rsquo;expression<\/h2>\n<p>Le Free Speech Union a exprim\u00e9 des inqui\u00e9tudes quant au fait qu&rsquo;une d\u00e9finition de la haine anti-musulmane pourrait potentiellement restreindre la libert\u00e9 d&rsquo;expression et introduire involontairement une loi sur le blasph\u00e8me. Lord Toby Young, directeur du groupe de campagne, a soulign\u00e9 que la d\u00e9finition est redondante puisque susciter la haine religieuse est d\u00e9j\u00e0 une infraction p\u00e9nale, et la discrimination fond\u00e9e sur la religion ou la croyance est ill\u00e9gale.<\/p>\n<p>Il a averti que donner aux musulmans des protections qui ne sont pas disponibles pour d&rsquo;autres confessions pourrait paradoxalement intensifier les sentiments anti-musulmans plut\u00f4t que de les diminuer.<\/p>\n<p>Dominic Grieve, ancien procureur g\u00e9n\u00e9ral et pr\u00e9sident du groupe de travail, a fermement d\u00e9clar\u00e9 que le langage propos\u00e9 n&#8217;empi\u00e8te pas sur le droit \u00e0 la libert\u00e9 d&rsquo;expression. Il a remarqu\u00e9 :<\/p>\n<blockquote>\n<p>\u00ab Le cadre \u00e9tabli par le groupe de travail garantit qu&rsquo;aucune d\u00e9finition de la haine anti-musulmane n&rsquo;affectera n\u00e9gativement la libert\u00e9 d&rsquo;expression, y compris le droit de critiquer l&rsquo;islam et ses pratiques. \u00bb<\/p>\n<\/blockquote>\n<\/div>\n<h2>Pr\u00e9occupations concernant la libert\u00e9 d&rsquo;expression<\/h2>\n<div>\n<h2>Engagement du gouvernement \u00e0 lutter contre les crimes de haine<\/h2>\n<p>Un porte-parole du minist\u00e8re du Logement, des Communaut\u00e9s et du Gouvernement local s&rsquo;est abstenu de commenter les fuites, mais a soulign\u00e9 leur engagement \u00e0 lutter contre la haine et l&rsquo;extr\u00e9misme sous toutes leurs formes. Ils ont d\u00e9clar\u00e9 : \u00ab Avec la hausse des crimes de haine, en particulier ceux visant les musulmans, nous nous concentrons sur la r\u00e9solution de ce probl\u00e8me de mani\u00e8re exhaustive. \u00bb<\/p>\n<p>Les statistiques indiquent une augmentation de<strong>19%<\/strong>des crimes de haine religieux contre les musulmans au cours de l&rsquo;ann\u00e9e pass\u00e9e, avec des pics notables apr\u00e8s les meurtres de Southport et les \u00e9meutes qui ont suivi l&rsquo;\u00e9t\u00e9 dernier.<\/p>\n<p>Le Parti travailliste avait pr\u00e9c\u00e9demment promis d&rsquo;\u00e9tablir une nouvelle d\u00e9finition de l&rsquo;islamophobie apr\u00e8s qu&rsquo;une proposition interpartis ait \u00e9t\u00e9 rejet\u00e9e par le dernier gouvernement conservateur en<time>2019<\/time>. Le groupe parlementaire multipartite sur les musulmans britanniques avait d\u00e9crit l&rsquo;islamophobie comme \u00ab enracin\u00e9e dans le racisme \u00bb et comme une forme de racisme visant les expressions de l&rsquo;identit\u00e9 musulmane.<\/p>\n<p>Cependant, les critiques ont soutenu que cette d\u00e9finition \u00e9tait excessivement vague et pourrait \u00e9touffer la libert\u00e9 d&rsquo;expression. Le projet actuel examin\u00e9 par le gouvernement repr\u00e9sente un d\u00e9part par rapport \u00e0 cette proposition ant\u00e9rieure, qui avait \u00e9t\u00e9 officiellement adopt\u00e9e par le Parti travailliste pendant son temps dans l&rsquo;opposition.<\/p>\n<\/div>\n<h2>Engagement du gouvernement \u00e0 lutter contre les crimes de haine<\/h2>\n<\/div>\n<p><\/body><\/p>\n","protected":false},"excerpt":{"rendered":"<p>Le gouvernement progresse vers l&rsquo;ach\u00e8vement d&rsquo;une d\u00e9finition de la haine anti-musulmane, en omettant notamment le terme \u00ab islamophobie \u00bb. Ce projet, \u00e9labor\u00e9 par le groupe de travail sur l&rsquo;islamophobie et la haine anti-musulmane, a \u00e9t\u00e9 partag\u00e9 avec divers acteurs pour recueillir des retours. Les d\u00e9fenseurs de la libert\u00e9 d&rsquo;expression tirent la sonnette d&rsquo;alarme, soutenant que [&hellip;]<\/p>\n","protected":false},"author":23,"featured_media":167344,"comment_status":"open","ping_status":"open","sticky":false,"template":"","format":"standard","meta":{"_acf_changed":false,"inline_featured_image":false,"footnotes":""},"categories":[474],"tags":[],"class_list":["post-167369","post","type-post","status-publish","format-standard","has-post-thumbnail","hentry","category-politics-laws"],"acf":[],"_links":{"self":[{"href":"https:\/\/pointer-news.com\/fr\/wp-json\/wp\/v2\/posts\/167369","targetHints":{"allow":["GET"]}}],"collection":[{"href":"https:\/\/pointer-news.com\/fr\/wp-json\/wp\/v2\/posts"}],"about":[{"href":"https:\/\/pointer-news.com\/fr\/wp-json\/wp\/v2\/types\/post"}],"author":[{"embeddable":true,"href":"https:\/\/pointer-news.com\/fr\/wp-json\/wp\/v2\/users\/23"}],"replies":[{"embeddable":true,"href":"https:\/\/pointer-news.com\/fr\/wp-json\/wp\/v2\/comments?post=167369"}],"version-history":[{"count":1,"href":"https:\/\/pointer-news.com\/fr\/wp-json\/wp\/v2\/posts\/167369\/revisions"}],"predecessor-version":[{"id":167395,"href":"https:\/\/pointer-news.com\/fr\/wp-json\/wp\/v2\/posts\/167369\/revisions\/167395"}],"wp:featuredmedia":[{"embeddable":true,"href":"https:\/\/pointer-news.com\/fr\/wp-json\/wp\/v2\/media\/167344"}],"wp:attachment":[{"href":"https:\/\/pointer-news.com\/fr\/wp-json\/wp\/v2\/media?parent=167369"}],"wp:term":[{"taxonomy":"category","embeddable":true,"href":"https:\/\/pointer-news.com\/fr\/wp-json\/wp\/v2\/categories?post=167369"},{"taxonomy":"post_tag","embeddable":true,"href":"https:\/\/pointer-news.com\/fr\/wp-json\/wp\/v2\/tags?post=167369"}],"curies":[{"name":"wp","href":"https:\/\/api.w.org\/{rel}","templated":true}]}}