{"id":169038,"date":"2025-12-27T09:01:29","date_gmt":"2025-12-27T07:01:29","guid":{"rendered":"https:\/\/pointer-news.com\/?p=169038"},"modified":"2025-12-27T09:01:37","modified_gmt":"2025-12-27T07:01:37","slug":"la-thailande-et-le-cambodge-parviennent-a-un-accord-de-cessez-le-feu-apres-des-conflits-mortels-a-la","status":"publish","type":"post","link":"https:\/\/pointer-news.com\/fr\/la-thailande-et-le-cambodge-parviennent-a-un-accord-de-cessez-le-feu-apres-des-conflits-mortels-a-la\/","title":{"rendered":"La Tha\u00eflande et le Cambodge parviennent \u00e0 un accord de cessez-le-feu apr\u00e8s des conflits mortels \u00e0 la fronti\u00e8re"},"content":{"rendered":"<p><body><\/p>\n<div class=\"article-content\">\n<p>Dans une avanc\u00e9e majeure, la Tha\u00eflande et le Cambodge ont d\u00e9clar\u00e9 un cessez-le-feu, comme l&rsquo;ont confirm\u00e9 les ministres de la d\u00e9fense des deux nations dans une d\u00e9claration conjointe publi\u00e9e samedi.<\/p>\n<p>Les deux pays ont convenu de suspendre tous les mouvements de troupes et de faciliter le retour s\u00e9curis\u00e9 des civils vivant dans les zones frontali\u00e8res, mettant ainsi fin \u00e0 des semaines de violents affrontements qui ont entra\u00een\u00e9 au moins<strong style=\"margin-left: 0.3em; margin-right: 0.3em;\">41 morts<\/strong>et pr\u00e8s d&rsquo;un million de personnes d\u00e9plac\u00e9es.<\/p>\n<p>Le cessez-le-feu est entr\u00e9 en vigueur \u00e0 midi heure locale (05:00 UTC), et si celui-ci reste en place pendant<strong style=\"margin-left: 0.3em; margin-right: 0.3em;\">72 heures<\/strong>, la d\u00e9claration a indiqu\u00e9 que<strong style=\"margin-left: 0.3em; margin-right: 0.3em;\">18 soldats cambodgiens<\/strong>actuellement d\u00e9tenus par la Tha\u00eflande seront lib\u00e9r\u00e9s.<\/p>\n<p>Cette perc\u00e9e a suivi plusieurs jours de discussions entre les responsables tha\u00eflandais et cambodgiens visant \u00e0 r\u00e9soudre les hostilit\u00e9s r\u00e9centes.<\/p>\n<h2>D\u00e9tails de l&rsquo;accord de cessez-le-feu<\/h2>\n<p>La d\u00e9claration conjointe pr\u00e9cise les conditions de d\u00e9sescalade, qui incluent un arr\u00eat imm\u00e9diat des attaques contre les civils, les infrastructures civiles et les cibles militaires de part et d&rsquo;autre.<\/p>\n<p>De plus, les deux parties doivent s&rsquo;abstenir de tout tir non provoqu\u00e9 ou mouvement de troupes vers les positions adverses, comme soulign\u00e9 dans la d\u00e9claration.<\/p>\n<p>La lib\u00e9ration des<strong style=\"margin-left: 0.3em; margin-right: 0.3em;\">18 soldats cambodgiens<\/strong>doit \u00eatre effectu\u00e9e \u00ab dans l&rsquo;esprit de la D\u00e9claration de Kuala Lumpur \u00bb, un accord sign\u00e9 par les deux pays lors d&rsquo;une c\u00e9r\u00e9monie \u00e0 laquelle assistait le pr\u00e9sident am\u00e9ricain Donald Trump en octobre de l&rsquo;ann\u00e9e pr\u00e9c\u00e9dente.<\/p>\n<h2>Contexte des r\u00e9centes tensions<\/h2>\n<p>Au d\u00e9but de ce mois, l&rsquo;accord de cessez-le-feu a \u00e9t\u00e9 viol\u00e9, d\u00e9clenchant une nouvelle flamb\u00e9e de combats entre les deux nations, chacune s&rsquo;accusant mutuellement de l&rsquo;\u00e9chec de la tr\u00eave.<\/p>\n<p>Les forces militaires tha\u00eflandaises ont rapport\u00e9 qu&rsquo;elles r\u00e9agissaient \u00e0 des tirs en provenance du Cambodge dans la province de Si Sa Ket, ce qui a provoqu\u00e9 des blessures \u00e0 deux soldats tha\u00eflandais.<\/p>\n<p>Inversement, le minist\u00e8re de la d\u00e9fense cambodgien a affirm\u00e9 que les troupes tha\u00eflandaises avaient initi\u00e9 l&rsquo;attaque dans la province de Preah Vihear, insistant sur le fait que le Cambodge n&rsquo;avait pas ripost\u00e9.<\/p>\n<p>Tout au long de d\u00e9cembre, les escarmouches se sont poursuivies, et vendredi, la Tha\u00eflande a men\u00e9 des frappes a\u00e9riennes dans une zone frontali\u00e8re contest\u00e9e du Cambodge.<\/p>\n<p>La force a\u00e9rienne tha\u00eflandaise a d\u00e9clar\u00e9 avoir cibl\u00e9 un site cambodgien.<\/p>\n<\/div>\n<p><\/body><\/p>\n","protected":false},"excerpt":{"rendered":"<p>Dans une avanc\u00e9e majeure, la Tha\u00eflande et le Cambodge ont d\u00e9clar\u00e9 un cessez-le-feu, comme l&rsquo;ont confirm\u00e9 les ministres de la d\u00e9fense des deux nations dans une d\u00e9claration conjointe publi\u00e9e samedi. Les deux pays ont convenu de suspendre tous les mouvements de troupes et de faciliter le retour s\u00e9curis\u00e9 des civils vivant dans les zones frontali\u00e8res, [&hellip;]<\/p>\n","protected":false},"author":23,"featured_media":169035,"comment_status":"open","ping_status":"open","sticky":false,"template":"","format":"standard","meta":{"_acf_changed":false,"inline_featured_image":false,"footnotes":""},"categories":[451],"tags":[],"class_list":["post-169038","post","type-post","status-publish","format-standard","has-post-thumbnail","hentry","category-world-news"],"acf":[],"_links":{"self":[{"href":"https:\/\/pointer-news.com\/fr\/wp-json\/wp\/v2\/posts\/169038","targetHints":{"allow":["GET"]}}],"collection":[{"href":"https:\/\/pointer-news.com\/fr\/wp-json\/wp\/v2\/posts"}],"about":[{"href":"https:\/\/pointer-news.com\/fr\/wp-json\/wp\/v2\/types\/post"}],"author":[{"embeddable":true,"href":"https:\/\/pointer-news.com\/fr\/wp-json\/wp\/v2\/users\/23"}],"replies":[{"embeddable":true,"href":"https:\/\/pointer-news.com\/fr\/wp-json\/wp\/v2\/comments?post=169038"}],"version-history":[{"count":1,"href":"https:\/\/pointer-news.com\/fr\/wp-json\/wp\/v2\/posts\/169038\/revisions"}],"predecessor-version":[{"id":169042,"href":"https:\/\/pointer-news.com\/fr\/wp-json\/wp\/v2\/posts\/169038\/revisions\/169042"}],"wp:featuredmedia":[{"embeddable":true,"href":"https:\/\/pointer-news.com\/fr\/wp-json\/wp\/v2\/media\/169035"}],"wp:attachment":[{"href":"https:\/\/pointer-news.com\/fr\/wp-json\/wp\/v2\/media?parent=169038"}],"wp:term":[{"taxonomy":"category","embeddable":true,"href":"https:\/\/pointer-news.com\/fr\/wp-json\/wp\/v2\/categories?post=169038"},{"taxonomy":"post_tag","embeddable":true,"href":"https:\/\/pointer-news.com\/fr\/wp-json\/wp\/v2\/tags?post=169038"}],"curies":[{"name":"wp","href":"https:\/\/api.w.org\/{rel}","templated":true}]}}