{"id":169167,"date":"2025-12-28T22:01:09","date_gmt":"2025-12-28T20:01:09","guid":{"rendered":"https:\/\/pointer-news.com\/?p=169167"},"modified":"2025-12-28T22:01:22","modified_gmt":"2025-12-28T20:01:22","slug":"le-royaume-uni-met-en-oeuvre-des-restrictions-de-visa-pour-la-rdc-au-milieu-des-disputes-sur-la-polit","status":"publish","type":"post","link":"https:\/\/pointer-news.com\/fr\/le-royaume-uni-met-en-oeuvre-des-restrictions-de-visa-pour-la-rdc-au-milieu-des-disputes-sur-la-polit\/","title":{"rendered":"Le Royaume-Uni met en \u0153uvre des restrictions de visa pour la RDC au milieu des disputes sur la politique migratoire"},"content":{"rendered":"<p><body><\/p>\n<div class=\"article-content\">\n<p>Le Royaume-Uni s&rsquo;appr\u00eate \u00e0 imposer de nouvelles restrictions de visa pour les individus en provenance de la R\u00e9publique D\u00e9mocratique du Congo (RDC) en raison de l&rsquo;incapacit\u00e9 du gouvernement congolais \u00e0 accepter des mesures facilitant le retour des migrants en situation irr\u00e9guli\u00e8re et des d\u00e9linquants \u00e9trangers.<\/p>\n<p>Les autorit\u00e9s ont pr\u00e9cis\u00e9 que la RDC n&rsquo;a pas satisfait aux crit\u00e8res requis \u00e9tablis apr\u00e8s l&rsquo;introduction de r\u00e9glementations d&rsquo;asile plus strictes en novembre.<\/p>\n<p>En cons\u00e9quence, la proc\u00e9dure de visa acc\u00e9l\u00e9r\u00e9e ne sera plus disponible pour les ressortissants de la RDC, et le minist\u00e8re de l&rsquo;Int\u00e9rieur a confirm\u00e9 que les visiteurs de haut niveau et les politiciens ne b\u00e9n\u00e9ficieront plus d&rsquo;un traitement pr\u00e9f\u00e9rentiel lors de leur entr\u00e9e au Royaume-Uni.<\/p>\n<h2>Coop\u00e9ration des pays voisins<\/h2>\n<p>\u00c0 l&rsquo;inverse, le minist\u00e8re de l&rsquo;Int\u00e9rieur a annonc\u00e9 qu&rsquo;Angola et Namibie ont promis d&rsquo;intensifier leurs efforts pour accepter le retour de leurs citoyens, ayant fait face \u00e0 des menaces de sanctions similaires \u00e0 celles dirig\u00e9es contre la RDC.<\/p>\n<p>Un porte-parole du gouvernement a indiqu\u00e9 que la secr\u00e9taire d&rsquo;\u00c9tat \u00e0 l&rsquo;Int\u00e9rieur, Shabana Mahmood, est pr\u00eate \u00e0 imposer des p\u00e9nalit\u00e9s de visa \u00e0 tout autre pays qui refuserait d&rsquo;accueillir ses citoyens de retour.<\/p>\n<p>L&rsquo;accord r\u00e9cent avec l&rsquo;Angola et la Namibie est salu\u00e9 comme un succ\u00e8s pr\u00e9coce remarquable suite aux r\u00e9formes du syst\u00e8me d&rsquo;asile du mois dernier.<\/p>\n<h2>Cons\u00e9quences du non-respect<\/h2>\n<p>Le gouvernement britannique avait pr\u00e9c\u00e9demment mis en garde qu&rsquo;il suspendrait l&rsquo;octroi de visas pour les individus venant d&rsquo;Angola, de Namibie et de la RDC si ces nations n&rsquo;am\u00e9lioraient pas rapidement leur coop\u00e9ration en mati\u00e8re d&rsquo;expulsions.<\/p>\n<p>Une source au sein du minist\u00e8re de l&rsquo;Int\u00e9rieur a indiqu\u00e9 que ces accords pourraient potentiellement aboutir \u00e0 l&rsquo;\u00e9loignement et \u00e0 l&rsquo;expulsion de milliers de personnes.<\/p>\n<h2>Modifications des politiques d&rsquo;asile<\/h2>\n<p>Dans le cadre de la r\u00e9vision du cadre d&rsquo;asile au Royaume-Uni, le statut de r\u00e9fugi\u00e9 sera requalifi\u00e9 en d\u00e9signation temporaire, le soutien au logement garanti pour les demandeurs d&rsquo;asile sera interrompu, et de nouveaux plafonds seront mis en place.<\/p>\n<\/div>\n<p><\/body><\/p>\n","protected":false},"excerpt":{"rendered":"<p>Le Royaume-Uni s&rsquo;appr\u00eate \u00e0 imposer de nouvelles restrictions de visa pour les individus en provenance de la R\u00e9publique D\u00e9mocratique du Congo (RDC) en raison de l&rsquo;incapacit\u00e9 du gouvernement congolais \u00e0 accepter des mesures facilitant le retour des migrants en situation irr\u00e9guli\u00e8re et des d\u00e9linquants \u00e9trangers. Les autorit\u00e9s ont pr\u00e9cis\u00e9 que la RDC n&rsquo;a pas satisfait [&hellip;]<\/p>\n","protected":false},"author":23,"featured_media":169164,"comment_status":"open","ping_status":"open","sticky":false,"template":"","format":"standard","meta":{"_acf_changed":false,"inline_featured_image":false,"footnotes":""},"categories":[474],"tags":[],"class_list":["post-169167","post","type-post","status-publish","format-standard","has-post-thumbnail","hentry","category-politics-laws"],"acf":[],"_links":{"self":[{"href":"https:\/\/pointer-news.com\/fr\/wp-json\/wp\/v2\/posts\/169167","targetHints":{"allow":["GET"]}}],"collection":[{"href":"https:\/\/pointer-news.com\/fr\/wp-json\/wp\/v2\/posts"}],"about":[{"href":"https:\/\/pointer-news.com\/fr\/wp-json\/wp\/v2\/types\/post"}],"author":[{"embeddable":true,"href":"https:\/\/pointer-news.com\/fr\/wp-json\/wp\/v2\/users\/23"}],"replies":[{"embeddable":true,"href":"https:\/\/pointer-news.com\/fr\/wp-json\/wp\/v2\/comments?post=169167"}],"version-history":[{"count":1,"href":"https:\/\/pointer-news.com\/fr\/wp-json\/wp\/v2\/posts\/169167\/revisions"}],"predecessor-version":[{"id":169171,"href":"https:\/\/pointer-news.com\/fr\/wp-json\/wp\/v2\/posts\/169167\/revisions\/169171"}],"wp:featuredmedia":[{"embeddable":true,"href":"https:\/\/pointer-news.com\/fr\/wp-json\/wp\/v2\/media\/169164"}],"wp:attachment":[{"href":"https:\/\/pointer-news.com\/fr\/wp-json\/wp\/v2\/media?parent=169167"}],"wp:term":[{"taxonomy":"category","embeddable":true,"href":"https:\/\/pointer-news.com\/fr\/wp-json\/wp\/v2\/categories?post=169167"},{"taxonomy":"post_tag","embeddable":true,"href":"https:\/\/pointer-news.com\/fr\/wp-json\/wp\/v2\/tags?post=169167"}],"curies":[{"name":"wp","href":"https:\/\/api.w.org\/{rel}","templated":true}]}}