{"id":169583,"date":"2025-12-30T22:19:13","date_gmt":"2025-12-30T20:19:13","guid":{"rendered":"https:\/\/pointer-news.com\/?p=169583"},"modified":"2025-12-30T22:19:21","modified_gmt":"2025-12-30T20:19:21","slug":"lactiviste-britannique-egyptien-semble-soutenir-les-allegations-dune-campagne-de-diffamation","status":"publish","type":"post","link":"https:\/\/pointer-news.com\/fr\/lactiviste-britannique-egyptien-semble-soutenir-les-allegations-dune-campagne-de-diffamation\/","title":{"rendered":"L&rsquo;activiste britannique-\u00e9gyptien semble soutenir les all\u00e9gations d&rsquo;une &lsquo;campagne de diffamation&rsquo;"},"content":{"rendered":"<p><body><\/p>\n<div class=\"article-content\">\n<p>L&rsquo;activiste britannique-\u00e9gyptien, au c\u0153ur d&rsquo;une controverse politique, semble avoir apport\u00e9 son soutien \u00e0 des all\u00e9gations r\u00e9centes non v\u00e9rifi\u00e9es, affirmant qu&rsquo;il est la cible d&rsquo;une &lsquo;campagne de diffamation&rsquo;.<\/p>\n<p>Alaa Abd El Fattah est arriv\u00e9 au Royaume-Uni vendredi, retrouvant sa famille pour la premi\u00e8re fois depuis 12 ans, apr\u00e8s avoir \u00e9t\u00e9 lib\u00e9r\u00e9 d&rsquo;une prison \u00e9gyptienne o\u00f9 des organisations de d\u00e9fense des droits de l&rsquo;homme ont pr\u00e9tendu qu&rsquo;il avait \u00e9t\u00e9 incarc\u00e9r\u00e9 de mani\u00e8re injuste.<\/p>\n<p>Le Premier ministre a exprim\u00e9 son soutien au retour d&rsquo;Abd El Fattah dans un post sur X, mais a rapidement fait face \u00e0 des critiques lorsque d&rsquo;anciens commentaires sur les r\u00e9seaux sociaux ont refait surface, dans lesquels Abd El Fattah pr\u00f4nait la violence contre les sionistes et les policiers.<\/p>\n<p>En r\u00e9action \u00e0 la r\u00e9apparition de ces publications, Sir Keir Starmer a d\u00e9clar\u00e9 qu&rsquo;il n&rsquo;\u00e9tait pas au courant des commentaires &lsquo;absolument odieux&rsquo;, pour lesquels Abd El Fattah a depuis exprim\u00e9 des remords. Il a mentionn\u00e9 que le gouvernement examine actuellement les lacunes d&rsquo;information li\u00e9es \u00e0 cette affaire.<\/p>\n<blockquote>\n<p>&lsquo;Avec la mont\u00e9e de l&rsquo;antis\u00e9mitisme et les r\u00e9centes attaques horribles, je reconnais que cela a intensifi\u00e9 la d\u00e9tresse de nombreux membres de la communaut\u00e9 juive au Royaume-Uni,&rsquo; a-t-il observ\u00e9.<\/p>\n<\/blockquote>\n<p>La secr\u00e9taire d&rsquo;\u00c9tat aux affaires \u00e9trang\u00e8res, Yvette Cooper, a charg\u00e9 un haut fonctionnaire d&rsquo;enqu\u00eater sur les raisons pour lesquelles les ministres actuels et pr\u00e9c\u00e9dents n&rsquo;\u00e9taient pas inform\u00e9s des d\u00e9clarations ant\u00e9rieures d&rsquo;Abd El Fattah.<\/p>\n<p>Dans une d\u00e9claration publi\u00e9e t\u00f4t lundi, Abd El Fattah a reconnu le caract\u00e8re &lsquo;choquant et blessant&rsquo; de ses remarques pass\u00e9es, pr\u00e9cisant qu&rsquo;elles n&rsquo;\u00e9taient que des &lsquo;expressions de la col\u00e8re d&rsquo;un jeune homme.&rsquo;<\/p>\n<p>Le porte-parole du Premier ministre a accueilli les excuses, les qualifiant de &lsquo;reconnaissance plut\u00f4t compl\u00e8te d&rsquo;une faute, ce qui est sans aucun doute la d\u00e9marche appropri\u00e9e.&rsquo;<\/p>\n<p>Cependant, peu apr\u00e8s ces excuses, la BBC a d\u00e9couvert que le compte Facebook d&rsquo;Abd El Fattah avait aim\u00e9 un post d&rsquo;un autre utilisateur qui qualifiait les critiques \u00e0 son encontre de &lsquo;campagne de diffamation implacable&rsquo; orchestr\u00e9e par &lsquo;l&rsquo;homme le plus riche du monde, plusieurs agences de renseignement du Moyen-Orient et quelques organisations sionistes.&rsquo;<\/p>\n<p>Le secr\u00e9taire d&rsquo;\u00c9tat \u00e0 la justice de l&rsquo;ombre, Robert Jenrick, a fait r\u00e9f\u00e9rence \u00e0 un second post aim\u00e9 par le compte Facebook d&rsquo;Abd El Fattah le m\u00eame jour, qui affirmait qu&rsquo;il \u00e9tait victime d&rsquo;une campagne dirig\u00e9e par les sionistes. Bien que la BBC ait document\u00e9 une capture d&rsquo;\u00e9cran de ce post, le message original a depuis \u00e9t\u00e9 supprim\u00e9.<\/p>\n<p>Jenrick a affirm\u00e9 que ces deux publications &lsquo;d\u00e9montrent que les excuses d&rsquo;Abd El Fattah \u00e9taient malhonn\u00eates et pr\u00e9m\u00e9dit\u00e9es.&rsquo; Il a ajout\u00e9, &lsquo;Au lieu de se distancier de ses opinions extr\u00e9mistes, il semble les r\u00e9affirmer, se pr\u00e9sentant comme la cible d&rsquo;une conspiration plut\u00f4t que d&rsquo;exprimer un v\u00e9ritable contrition.&rsquo;<\/p>\n<p>Il a ajout\u00e9 que ces commentaires &lsquo;indiquent que les crit\u00e8res pour r\u00e9voquer sa citoyennet\u00e9 pourraient avoir \u00e9t\u00e9 remplis, \u00e9tant donn\u00e9 qu&rsquo;il repr\u00e9sente une menace pour la s\u00e9curit\u00e9 nationale et que sa pr\u00e9sence au Royaume-Uni n&rsquo;est manifestement pas b\u00e9n\u00e9fique pour le bien public.&rsquo;<\/p>\n<p>Le compte Facebook d&rsquo;Abd El Fattah avait pr\u00e9c\u00e9demment partag\u00e9 une photo \u00e9mouvante de ses retrouvailles avec son fils Khaled, \u00e2g\u00e9 de 14 ans, \u00e0 son arriv\u00e9e au Royaume-Uni.<\/p>\n<p>L&rsquo;activiste, qui a endur\u00e9 plus d&rsquo;une d\u00e9cennie d&#8217;emprisonnement, s&rsquo;est fait conna\u00eetre lors de l&rsquo;insurrection de 2011 qui a conduit au renversement de l&rsquo;ancien pr\u00e9sident \u00e9gyptien Hosni Moubarak.<\/p>\n<p>En 2021, il a \u00e9t\u00e9 condamn\u00e9 pour &lsquo;diffusion de fausses informations&rsquo; apr\u00e8s avoir partag\u00e9 un post Facebook concernant la torture, un proc\u00e8s largement critiqu\u00e9 par les d\u00e9fenseurs des droits de l&rsquo;homme comme \u00e9tant injuste.<\/p>\n<p>Il a acquis la citoyennet\u00e9 britannique en d\u00e9cembre 2021, sous le gouvernement conservateur, en se qualifiant par sa m\u00e8re, n\u00e9e \u00e0 Londres.<\/p>\n<p>Suite \u00e0 l&rsquo;\u00e9mergence de ses anciens tweets, les conservateurs et Reform UK ont exhort\u00e9 le gouvernement \u00e0 r\u00e9voquer sa citoyennet\u00e9 britannique et \u00e0 le d\u00e9porter.<\/p>\n<p>Bien que le secr\u00e9taire d&rsquo;\u00c9tat \u00e0 l&rsquo;int\u00e9rieur ait le pouvoir de r\u00e9voquer la citoyennet\u00e9 des ressortissants doubles s&rsquo;il est jug\u00e9 &lsquo;non propice au bien public&rsquo;, de telles d\u00e9cisions ont g\u00e9n\u00e9ralement \u00e9t\u00e9 r\u00e9serv\u00e9es \u00e0 des affaires li\u00e9es au terrorisme ou \u00e0 la criminalit\u00e9 organis\u00e9e grave o\u00f9 les individus sont consid\u00e9r\u00e9s comme des menaces pour la s\u00e9curit\u00e9 nationale.<\/p>\n<p>Il est admis que Downing Street estime que ce seuil \u00e9lev\u00e9 n&rsquo;est pas applicable dans cette situation. De plus, toute tentative de r\u00e9voquer la citoyennet\u00e9 devrait probablement faire face \u00e0 des d\u00e9fis juridiques \u00e9tendus et co\u00fbteux.<\/p>\n<p>L&rsquo;activiste avait \u00e9t\u00e9 retir\u00e9 de la s\u00e9lection pour un prix des droits de l&rsquo;homme il y a dix ans en raison de commentaires qu&rsquo;il avait faits en ligne sur Isra\u00ebl en 2012.<\/p>\n<p>Le ministre des Transports, Lord Hendy, a d\u00e9clar\u00e9 qu&rsquo;il est appropri\u00e9 que le gouvernement enqu\u00eate sur les raisons pour lesquelles les ministres n&rsquo;\u00e9taient pas au courant de ces d\u00e9clarations auparavant.<\/p>\n<blockquote>\n<p>&lsquo;Ce qu&rsquo;il a exprim\u00e9 \u00e9tait sans aucun doute assez troublant. Personne, surtout pas le gouvernement, ne soutiendrait de telles opinions. Une enqu\u00eate du minist\u00e8re des affaires \u00e9trang\u00e8res est actuellement en cours pour d\u00e9terminer comment ces tweets ont \u00e9chapp\u00e9 \u00e0 l&rsquo;attention,&rsquo; a-t-il d\u00e9clar\u00e9.<\/p>\n<\/blockquote>\n<\/div>\n<p><\/body><\/p>\n","protected":false},"excerpt":{"rendered":"<p>L&rsquo;activiste britannique-\u00e9gyptien, au c\u0153ur d&rsquo;une controverse politique, semble avoir apport\u00e9 son soutien \u00e0 des all\u00e9gations r\u00e9centes non v\u00e9rifi\u00e9es, affirmant qu&rsquo;il est la cible d&rsquo;une &lsquo;campagne de diffamation&rsquo;. Alaa Abd El Fattah est arriv\u00e9 au Royaume-Uni vendredi, retrouvant sa famille pour la premi\u00e8re fois depuis 12 ans, apr\u00e8s avoir \u00e9t\u00e9 lib\u00e9r\u00e9 d&rsquo;une prison \u00e9gyptienne o\u00f9 des [&hellip;]<\/p>\n","protected":false},"author":23,"featured_media":169580,"comment_status":"open","ping_status":"open","sticky":false,"template":"","format":"standard","meta":{"_acf_changed":false,"inline_featured_image":false,"footnotes":""},"categories":[474],"tags":[],"class_list":["post-169583","post","type-post","status-publish","format-standard","has-post-thumbnail","hentry","category-politics-laws"],"acf":[],"_links":{"self":[{"href":"https:\/\/pointer-news.com\/fr\/wp-json\/wp\/v2\/posts\/169583","targetHints":{"allow":["GET"]}}],"collection":[{"href":"https:\/\/pointer-news.com\/fr\/wp-json\/wp\/v2\/posts"}],"about":[{"href":"https:\/\/pointer-news.com\/fr\/wp-json\/wp\/v2\/types\/post"}],"author":[{"embeddable":true,"href":"https:\/\/pointer-news.com\/fr\/wp-json\/wp\/v2\/users\/23"}],"replies":[{"embeddable":true,"href":"https:\/\/pointer-news.com\/fr\/wp-json\/wp\/v2\/comments?post=169583"}],"version-history":[{"count":1,"href":"https:\/\/pointer-news.com\/fr\/wp-json\/wp\/v2\/posts\/169583\/revisions"}],"predecessor-version":[{"id":169587,"href":"https:\/\/pointer-news.com\/fr\/wp-json\/wp\/v2\/posts\/169583\/revisions\/169587"}],"wp:featuredmedia":[{"embeddable":true,"href":"https:\/\/pointer-news.com\/fr\/wp-json\/wp\/v2\/media\/169580"}],"wp:attachment":[{"href":"https:\/\/pointer-news.com\/fr\/wp-json\/wp\/v2\/media?parent=169583"}],"wp:term":[{"taxonomy":"category","embeddable":true,"href":"https:\/\/pointer-news.com\/fr\/wp-json\/wp\/v2\/categories?post=169583"},{"taxonomy":"post_tag","embeddable":true,"href":"https:\/\/pointer-news.com\/fr\/wp-json\/wp\/v2\/tags?post=169583"}],"curies":[{"name":"wp","href":"https:\/\/api.w.org\/{rel}","templated":true}]}}