{"id":169858,"date":"2026-01-01T09:01:59","date_gmt":"2026-01-01T07:01:59","guid":{"rendered":"https:\/\/pointer-news.com\/?p=169858"},"modified":"2026-01-01T09:02:09","modified_gmt":"2026-01-01T07:02:09","slug":"les-couts-de-lenergie-augmentent-legerement-pour-des-millions-de-foyers-alors-que-lhiver-sinstalle","status":"publish","type":"post","link":"https:\/\/pointer-news.com\/fr\/les-couts-de-lenergie-augmentent-legerement-pour-des-millions-de-foyers-alors-que-lhiver-sinstalle\/","title":{"rendered":"Les co\u00fbts de l&rsquo;\u00e9nergie augmentent l\u00e9g\u00e8rement pour des millions de foyers alors que l&rsquo;hiver s&rsquo;installe"},"content":{"rendered":"<p><body><\/p>\n<div class=\"article-content\">\n<p>Alors que la nouvelle ann\u00e9e commence, les m\u00e9nages d&rsquo;Angleterre, d&rsquo;\u00c9cosse et du Pays de Galles se pr\u00e9parent \u00e0 une hausse des co\u00fbts de l&rsquo;\u00e9nergie, suite \u00e0 un l\u00e9ger ajustement du plafond des prix par Ofgem. Ce changement se traduit par une augmentation modeste de<strong style=\"margin-left: 0.3em; margin-right: 0.3em;\">0,2%<\/strong>pour ceux qui ont des tarifs variables, ce qui correspond \u00e0 un co\u00fbt suppl\u00e9mentaire de<strong style=\"margin-left: 0.3em; margin-right: 0.3em;\">3 \u00a3<\/strong>par an pour les foyers consommant une quantit\u00e9 moyenne de gaz et d&rsquo;\u00e9lectricit\u00e9.<\/p>\n<p>Les d\u00e9fenseurs des consommateurs mettent en garde que cette hausse, bien que minime, survient juste au moment o\u00f9 de nombreuses familles doivent affronter les temp\u00e9ratures hivernales les plus rigoureuses. Le calendrier de cet ajustement signifie que les consommateurs risquent de subir une nouvelle saison de d\u00e9penses \u00e9nerg\u00e9tiques \u00e9lev\u00e9es.<\/p>\n<p>Cependant, des changements \u00e0 venir dans le Budget devraient entra\u00eener une baisse des co\u00fbts de l&rsquo;\u00e9nergie \u00e0 partir d&rsquo;avril. Le plafond des prix d&rsquo;Ofgem d\u00e9termine le co\u00fbt maximum par unit\u00e9 de gaz et d&rsquo;\u00e9lectricit\u00e9 pour les clients ayant des tarifs variables, influen\u00e7ant ce que les m\u00e9nages paient en fonction de leur consommation \u00e9nerg\u00e9tique plut\u00f4t qu&rsquo;un montant forfaitaire.<\/p>\n<p>Ce cadre r\u00e9glementaire est bas\u00e9 sur la consommation annuelle typique d&rsquo;un m\u00e9nage de<strong style=\"margin-left: 0.3em; margin-right: 0.3em;\">11 500 kWh<\/strong>de gaz et de<strong style=\"margin-left: 0.3em; margin-right: 0.3em;\">2 700 kWh<\/strong>d&rsquo;\u00e9lectricit\u00e9, g\u00e9n\u00e9ralement r\u00e9gl\u00e9 par pr\u00e9l\u00e8vement automatique. Pour un tel m\u00e9nage, l&rsquo;augmentation de leur facture annuelle passera de<strong style=\"margin-left: 0.3em; margin-right: 0.3em;\">1 755 \u00a3<\/strong>\u00e0<strong style=\"margin-left: 0.3em; margin-right: 0.3em;\">1 758 \u00a3<\/strong>.<\/p>\n<p>Cependant, la consommation r\u00e9elle d&rsquo;\u00e9nergie varie consid\u00e9rablement entre les foyers, rendant essentiel pour les consommateurs d&rsquo;\u00e9valuer leurs factures individuelles afin de comprendre le changement de pourcentage sp\u00e9cifique qu&rsquo;ils subiront.<\/p>\n<h2>Frais suppl\u00e9mentaires et impacts<\/h2>\n<p>Les frais fixes, qui comprennent les co\u00fbts op\u00e9rationnels du r\u00e9seau \u00e9nerg\u00e9tique ainsi que les pr\u00e9l\u00e8vements gouvernementaux, vont \u00e9galement augmenter. Les frais fixes d&rsquo;\u00e9lectricit\u00e9 augmenteront de<strong style=\"margin-left: 0.3em; margin-right: 0.3em;\">2%<\/strong>, tandis que les frais fixes de gaz conna\u00eetront une hausse de<strong style=\"margin-left: 0.3em; margin-right: 0.3em;\">3%<\/strong>, contribuant ainsi \u00e0 l&rsquo;augmentation globale des factures.<\/p>\n<p>Alors que les tarifs unitaires de l&rsquo;\u00e9lectricit\u00e9 augmentent, il y a une l\u00e9g\u00e8re baisse des tarifs du gaz, ce qui signifie que les m\u00e9nages ayant une consommation d&rsquo;\u00e9lectricit\u00e9 plus \u00e9lev\u00e9e ressentiront la pression financi\u00e8re la plus importante. Il est important de noter que le plafond des prix s&rsquo;applique \u00e0 l&rsquo;Angleterre, au Pays de Galles et \u00e0 l&rsquo;\u00c9cosse, tandis que le march\u00e9 de l&rsquo;\u00e9nergie en Irlande du Nord fonctionne sous des r\u00e9glementations distinctes.<\/p>\n<p>Ofgem a sugg\u00e9r\u00e9 que les consommateurs pourraient r\u00e9aliser des \u00e9conomies en optant pour des tarifs fixes, qui garantissent les prix unitaires pour une p\u00e9riode d\u00e9termin\u00e9e. Ceux qui sont d\u00e9j\u00e0 sous contrat fixe ne verront pas de changements imm\u00e9diats.<\/p>\n<blockquote><p>Emily Seymour, r\u00e9dactrice en \u00e9nergie au sein d&rsquo;un groupe de d\u00e9fense des consommateurs, a d\u00e9clar\u00e9 : \u00ab En r\u00e8gle g\u00e9n\u00e9rale, nous recommandons de rechercher des offres moins ch\u00e8res que le plafond des prix actuel, d&rsquo;une dur\u00e9e ne d\u00e9passant pas<strong style=\"margin-left: 0.3em; margin-right: 0.3em;\">12 mois<\/strong>et sans frais de r\u00e9siliation significatifs. \u00bb<\/p><\/blockquote>\n<p>Avec l&rsquo;arriv\u00e9e de janvier et f\u00e9vrier, de nombreux m\u00e9nages compteront sur leurs syst\u00e8mes de chauffage pendant de longues p\u00e9riodes, surtout avec des alertes de neige et de verglas en vigueur dans diverses r\u00e9gions. Les familles vuln\u00e9rables dans certaines zones d&rsquo;Angleterre, du Pays de Galles et d&rsquo;Irlande du Nord peuvent recevoir des paiements pour temps froid de<strong style=\"margin-left: 0.3em; margin-right: 0.3em;\">25 \u00a3<\/strong>par semaine si les temp\u00e9ratures locales sont en moyenne \u00e0<strong style=\"margin-left: 0.3em; margin-right: 0.3em;\">0\u00b0C<\/strong>ou moins pendant sept jours cons\u00e9cutifs.<\/p>\n<p>Les m\u00e9nages peuvent v\u00e9rifier leur \u00e9ligibilit\u00e9 via un service en ligne du gouvernement, tandis que l&rsquo;\u00c9cosse dispose de son propre sch\u00e9ma de paiement pour le chauffage hivernal. De plus, le gouvernement a \u00e9largi le Discount Warm Home de<strong style=\"margin-left: 0.3em; margin-right: 0.3em;\">150 \u00a3<\/strong>\u00e0 un plus grand nombre de m\u00e9nages \u00e0 faible revenu.<\/p>\n<p>Simon Francis, de la Coalition End Fuel Poverty, a soulign\u00e9 la n\u00e9cessit\u00e9 d&rsquo;une aide plus substantielle pour ceux qui luttent avec les co\u00fbts \u00e9nerg\u00e9tiques. Il a d\u00e9clar\u00e9 : \u00ab Chaque petite chose compte&#8230; nous devons voir des factures beaucoup plus basses mais aussi des mesures pour garder les maisons des gens plus chaudes chaque hiver. \u00bb<\/p>\n<p>James Jones et sa femme Christine, comme de nombreux autres retrait\u00e9s, ont accueilli le r\u00e9tablissement de leur paiement de combustible d&rsquo;hiver apr\u00e8s un r\u00e9cent retournement du gouvernement sur la restriction de cette allocation. M. Jones a d\u00e9clar\u00e9 : \u00ab \u00c9videmment, nous en avons besoin pour les mois froids. Nous utilisons plus le chauffage central. Cela fait une grande diff\u00e9rence. Vous savez que cela arrive, donc c&rsquo;est votre solution de secours. \u00bb Cependant, ils continuent de faire des sacrifices pour g\u00e9rer leurs d\u00e9penses.<\/p>\n<p>Malgr\u00e9 une augmentation de sa pension, M. Jones a soulign\u00e9 que la hausse des co\u00fbts alimentaires, de l&rsquo;essence et d&rsquo;autres produits essentiels annule tout avantage. En regardant vers l&rsquo;avenir, un optimisme prudent se dessine alors que la Chanceli\u00e8re Rachel Reeves a annonc\u00e9 dans le Budget que plusieurs pr\u00e9l\u00e8vements sur les factures d&rsquo;\u00e9nergie seraient supprim\u00e9s, ce qui pourrait r\u00e9duire les co\u00fbts pour des millions de personnes de<strong style=\"margin-left: 0.3em; margin-right: 0.3em;\">150 \u00a3<\/strong>par an \u00e0 partir d&rsquo;avril.<\/p>\n<p>Cela inclut la suppression d&rsquo;un programme visant \u00e0 r\u00e9duire la pauvret\u00e9 \u00e9nerg\u00e9tique et \u00e0 diminuer les \u00e9missions de carbone, en d\u00e9pla\u00e7ant certaines d\u00e9penses vers la fiscalit\u00e9 g\u00e9n\u00e9rale. Le gouvernement a confirm\u00e9 que ceux ayant des contrats fixes b\u00e9n\u00e9ficieraient \u00e9galement de ces changements en avril.<\/p>\n<p>Cependant, environ<strong style=\"margin-left: 0.3em; margin-right: 0.3em;\">30 \u00a3<\/strong>seront d\u00e9duits de ces \u00e9conomies anticip\u00e9es pour maintenir les r\u00e9seaux de gaz et am\u00e9liorer l&rsquo;infrastructure de transmission d&rsquo;\u00e9lectricit\u00e9. De plus, les analystes de la soci\u00e9t\u00e9 de conseil en \u00e9nergie Cornwall Insight ont pr\u00e9vu une r\u00e9duction de<strong style=\"margin-left: 0.3em; margin-right: 0.3em;\">8%<\/strong>du plafond des prix pour avril, ce qui pourrait entra\u00eener une diminution de<strong style=\"margin-left: 0.3em; margin-right: 0.3em;\">138 \u00a3<\/strong>, abaissant le co\u00fbt annuel pour un m\u00e9nage typique \u00e0<strong style=\"margin-left: 0.3em; margin-right: 0.3em;\">1 620 \u00a3<\/strong>.<\/p>\n<\/div>\n<p><\/body><\/p>\n","protected":false},"excerpt":{"rendered":"<p>Alors que la nouvelle ann\u00e9e commence, les m\u00e9nages d&rsquo;Angleterre, d&rsquo;\u00c9cosse et du Pays de Galles se pr\u00e9parent \u00e0 une hausse des co\u00fbts de l&rsquo;\u00e9nergie, suite \u00e0 un l\u00e9ger ajustement du plafond des prix par Ofgem. Ce changement se traduit par une augmentation modeste de0,2%pour ceux qui ont des tarifs variables, ce qui correspond \u00e0 un [&hellip;]<\/p>\n","protected":false},"author":23,"featured_media":169855,"comment_status":"open","ping_status":"open","sticky":false,"template":"","format":"standard","meta":{"_acf_changed":false,"inline_featured_image":false,"footnotes":""},"categories":[457],"tags":[],"class_list":["post-169858","post","type-post","status-publish","format-standard","has-post-thumbnail","hentry","category-business-finance"],"acf":[],"_links":{"self":[{"href":"https:\/\/pointer-news.com\/fr\/wp-json\/wp\/v2\/posts\/169858","targetHints":{"allow":["GET"]}}],"collection":[{"href":"https:\/\/pointer-news.com\/fr\/wp-json\/wp\/v2\/posts"}],"about":[{"href":"https:\/\/pointer-news.com\/fr\/wp-json\/wp\/v2\/types\/post"}],"author":[{"embeddable":true,"href":"https:\/\/pointer-news.com\/fr\/wp-json\/wp\/v2\/users\/23"}],"replies":[{"embeddable":true,"href":"https:\/\/pointer-news.com\/fr\/wp-json\/wp\/v2\/comments?post=169858"}],"version-history":[{"count":1,"href":"https:\/\/pointer-news.com\/fr\/wp-json\/wp\/v2\/posts\/169858\/revisions"}],"predecessor-version":[{"id":169862,"href":"https:\/\/pointer-news.com\/fr\/wp-json\/wp\/v2\/posts\/169858\/revisions\/169862"}],"wp:featuredmedia":[{"embeddable":true,"href":"https:\/\/pointer-news.com\/fr\/wp-json\/wp\/v2\/media\/169855"}],"wp:attachment":[{"href":"https:\/\/pointer-news.com\/fr\/wp-json\/wp\/v2\/media?parent=169858"}],"wp:term":[{"taxonomy":"category","embeddable":true,"href":"https:\/\/pointer-news.com\/fr\/wp-json\/wp\/v2\/categories?post=169858"},{"taxonomy":"post_tag","embeddable":true,"href":"https:\/\/pointer-news.com\/fr\/wp-json\/wp\/v2\/tags?post=169858"}],"curies":[{"name":"wp","href":"https:\/\/api.w.org\/{rel}","templated":true}]}}