{"id":170608,"date":"2026-01-04T22:02:22","date_gmt":"2026-01-04T20:02:22","guid":{"rendered":"https:\/\/pointer-news.com\/?p=170608"},"modified":"2026-01-04T22:02:30","modified_gmt":"2026-01-04T20:02:30","slug":"starmer-affirme-son-engagement-face-aux-defis-politiques","status":"publish","type":"post","link":"https:\/\/pointer-news.com\/fr\/starmer-affirme-son-engagement-face-aux-defis-politiques\/","title":{"rendered":"Starmer affirme son engagement face aux d\u00e9fis politiques"},"content":{"rendered":"<p><body><\/p>\n<div class=\"article-content\">\n<p>Au cours de notre entretien, Sir Keir Starmer a d\u00e9clar\u00e9 avec assurance : \u00ab Je serai assis ici d&rsquo;ici 2027 \u00bb, ajoutant une remarque humoristique sugg\u00e9rant que si notre \u00e9change se d\u00e9roulait bien, il nous inviterait \u00e0 revenir \u00e0 Downing Street l&rsquo;ann\u00e9e prochaine.<\/p>\n<p>Les premiers ministres n&rsquo;ont que rarement une v\u00e9ritable pause dans leurs responsabilit\u00e9s. Juste une heure avant notre rencontre, Sir Keir avait \u00e9t\u00e9 engag\u00e9 dans des discussions avec le pr\u00e9sident ukrainien Volodymyr Zelensky, tout en devant \u00e9galement faire face \u00e0 la situation tumultueuse au Venezuela, o\u00f9 son alli\u00e9 politique, le pr\u00e9sident am\u00e9ricain Donald Trump, venait de lancer une offensive contre son dirigeant, Nicol\u00e1s Maduro.<\/p>\n<p>\u00c0 la fin de notre longue interview, Maduro faisait face \u00e0 des accusations \u00e0 New York, mettant en lumi\u00e8re l&rsquo;\u00e9volution rapide du paysage politique. \u00c0 l&rsquo;approche de 2027, Sir Keir semble revigor\u00e9, peut-\u00eatre m\u00eame rajeuni apr\u00e8s avoir pass\u00e9 du temps de qualit\u00e9 avec sa famille \u00e0 Chequers, la r\u00e9sidence de campagne du Premier ministre.<\/p>\n<p>Cette nouvelle \u00e9nergie semble avoir rehauss\u00e9 son moral comparativement \u00e0 la fin d\u00e9sastreuse de 2025, une ann\u00e9e difficile pour lui sur le plan politique. Cependant, il est l\u00e9gitime de se demander s&rsquo;il et ses partisans ne sont pas trop optimistes quant \u00e0 un \u00e9ventuel tournant dans sa situation.<\/p>\n<p>La dure r\u00e9alit\u00e9 pour Sir Keir est que beaucoup au sein de son parti remettent en question son efficacit\u00e9 en tant que leader. Plusieurs coll\u00e8gues pourraient pr\u00e9f\u00e9rer prendre le risque de le remplacer plut\u00f4t que de le maintenir en poste trop longtemps.<\/p>\n<p>Lors de notre discussion samedi matin, il a fermement insist\u00e9 sur le fait qu&rsquo;il serait \u00ab \u00e9valu\u00e9 lors des \u00e9lections g\u00e9n\u00e9rales \u00bb, soulignant que personne ne pouvait lui retirer son mandat de cinq ans, m\u00eame si l&rsquo;option la plus viable pour emp\u00eacher Nigel Farage et Reform UK d&rsquo;atteindre le num\u00e9ro 10 pourrait impliquer un changement de direction au sein du Parti travailliste.<\/p>\n<blockquote><p>\u00ab C&rsquo;est le combat de notre \u00e9poque et j&rsquo;ai l&rsquo;intention de nous mener \u00bb, a-t-il affirm\u00e9.<\/p><\/blockquote>\n<p>Cependant, Sir Keir doit faire face \u00e0 un examen avant cette \u00e9lection g\u00e9n\u00e9rale, avec des \u00e9lections locales importantes pr\u00e9vues pour mai \u00e0 travers le Royaume-Uni. Bien qu&rsquo;il ait tent\u00e9 de minimiser leur importance, soutenant qu&rsquo;elles concernaient les conseils locaux et les gouvernements \u00e0 Holyrood ou Cardiff, il est ind\u00e9niable que le num\u00e9ro 10 sera \u00e9galement \u00e9valu\u00e9 en fonction de ces \u00e9lections.<\/p>\n<p>N\u00e9anmoins, Sir Keir a maintenu qu&rsquo;il ne consid\u00e9rerait pas l&rsquo;id\u00e9e de d\u00e9missionner, m\u00eame si son parti faisait face \u00e0 une issue difficile lors de ces \u00e9lections. Il a attribu\u00e9 son impopularit\u00e9 \u00e0 l&rsquo;impatience compr\u00e9hensible du public pour le progr\u00e8s, s&rsquo;effor\u00e7ant de convaincre \u00e0 la fois moi-m\u00eame et le public plus large que cette ann\u00e9e produirait des r\u00e9sultats diff\u00e9rents.<\/p>\n<p>Il s&rsquo;est montr\u00e9 optimiste quant aux am\u00e9liorations \u00e9conomiques, malgr\u00e9 l&rsquo;augmentation des niveaux de ch\u00f4mage, alors que les initiatives de la premi\u00e8re ann\u00e9e tumultueuse du gouvernement commencent \u00e0 porter leurs fruits. De plus, il a promis d&rsquo;\u00e9liminer les h\u00f4tels pour demandeurs d&rsquo;asile avant l&rsquo;\u00e9ch\u00e9ance de 2029, bien qu&rsquo;il ait \u00e9vit\u00e9 de pr\u00e9ciser une date.<\/p>\n<p>En outre, il a laiss\u00e9 entendre, bien que prudemment, qu&rsquo;un accord de paix en Ukraine semble plus plausible que jamais depuis l&rsquo;invasion \u00e0 grande \u00e9chelle de la Russie. Pour la premi\u00e8re fois, il a r\u00e9v\u00e9l\u00e9 que les alli\u00e9s occidentaux \u00e9taient engag\u00e9s dans des discussions visant \u00e0 int\u00e9grer les forces am\u00e9ricaines et europ\u00e9ennes pour assurer la s\u00e9curit\u00e9 de l&rsquo;Ukraine alors qu&rsquo;un \u00e9ventuel arrangement de paix se dessine.<\/p>\n<blockquote><p>\u00ab Cette ann\u00e9e, nous allons tourner la page \u00bb, a-t-il d\u00e9clar\u00e9 avec emphase.<\/p><\/blockquote>\n<p>Alors que le Premier ministre a manifest\u00e9 plus d&rsquo;enthousiasme au cours de notre \u00e9change que je ne l&rsquo;avais observ\u00e9 depuis un certain temps &#8211; peut-\u00eatre se sentant plus \u00e0 l&rsquo;aise &#8211; ses arguments familiers pour une approche plus vigoureuse de la gouvernance demeurent. En p\u00e9riode de turbulences politiques, est-il temps pour lui d&rsquo;adopter un nouveau r\u00e9cit ?<\/p>\n<p>Aucune administration, en particulier celle aux prises avec une impopularit\u00e9 prolong\u00e9e, ne peut s&rsquo;attendre \u00e0 dicter les conditions sans contestation. Les difficult\u00e9s de Sir Keir proviennent non seulement des d\u00e9fis inh\u00e9rents \u00e0 la gouvernance, mais aussi des erreurs commises par lui et son \u00e9quipe ces derni\u00e8res semaines.<\/p>\n<p>Il a exprim\u00e9 des regrets concernant sa d\u00e9claration ant\u00e9rieure sur son \u00ab plaisir \u00bb d&rsquo;accueillir de nouveau l&rsquo;activiste \u00e9gypto-britannique Alaa Abd El Fattah au Royaume-Uni, \u00e0 la suite des r\u00e9actions suscit\u00e9es par des commentaires qu&rsquo;il avait faits, incluant des appels \u00e0 la violence contre la police et les sionistes. Sir Keir a attribu\u00e9 cette n\u00e9gligence au \u00ab syst\u00e8me \u00bb, un euph\u00e9misme pour d\u00e9tourner la responsabilit\u00e9 de lui-m\u00eame.<\/p>\n<p>Alors que l&rsquo;ann\u00e9e commence, il prend des risques politiques consid\u00e9rables. Son association avec le pr\u00e9sident am\u00e9ricain s&rsquo;est compliqu\u00e9e apr\u00e8s les actions de Trump au Venezuela. Ayant interview\u00e9 Sir Keir Starmer au fil des ans, il semble peu probable qu&rsquo;il soutienne de telles actions militaires, compte tenu de son pass\u00e9 en tant qu&rsquo;avocat des droits de l&rsquo;homme qui s&rsquo;est oppos\u00e9 \u00e0 la guerre en Irak.<\/p>\n<p>Il s&rsquo;est d\u00e9crit comme un \u00ab fervent d\u00e9fenseur du droit international \u00bb, mais a reconnu que le contexte complet de la situation reste flou. Certains ont appel\u00e9 \u00e0 ce qu&rsquo;il d\u00e9nonce ces actions avant notre discussion de samedi matin, et le gouvernement sera probablement soumis \u00e0 une pression croissante pour articuler une position claire au Parlement prochainement.<\/p>\n<p>De plus, au sein du Parti travailliste, il existe une demande persistante pour revisiter ou remodeler certains aspects du Brexit. Bien que Sir Keir nie toute intention d&rsquo;annuler les d\u00e9cisions prises pendant cette p\u00e9riode, son engagement r\u00e9cent \u00e0 s&rsquo;aligner plus \u00e9troitement sur le march\u00e9 unique &#8211; la vaste zone commerciale europ\u00e9enne &#8211; pourrait susciter des accusations selon lesquelles il revient sur ses promesses de maintenir les r\u00e9sultats du Brexit.<\/p>\n<p>Son intention de renforcer les liens avec le march\u00e9 unique pourrait s\u00e9duire certains membres de son parti, mais elle fournit \u00e9galement amplement de munitions aux partisans de Reform et aux conservateurs pour affirmer qu&rsquo;il renie ses engagements. L&rsquo;ann\u00e9e derni\u00e8re, Sir Keir a \u00e9t\u00e9 critiqu\u00e9 pour son optimisme excessif.<\/p>\n<p>Ce week-end, il semble d\u00e9termin\u00e9 \u00e0 s&rsquo;\u00e9loigner de ce r\u00e9cit. Cependant, compte tenu de la gravit\u00e9 de ses d\u00e9fis politiques, je m&rsquo;interroge sur le fait que ses tentatives d&rsquo;optimisme pourraient sembler d\u00e9connect\u00e9es de la r\u00e9alit\u00e9, tant publiquement qu&rsquo;aupr\u00e8s de certains alli\u00e9s.<\/p>\n<p>Sir Keir est connu pour son approche politique prudente. Il a fait remarquer au cours de notre dialogue : \u00ab Il y a toujours un caveat avec moi. \u00bb Ses partisans voient cela comme une stabilit\u00e9 admirable, tandis que ses d\u00e9tracteurs soutiennent que cela refl\u00e8te un manque des instincts aigus exhib\u00e9s par les politiciens les plus habiles.<\/p>\n<p>Ce week-end, le Premier ministre affirme qu&rsquo;il va affronter l&rsquo;ann\u00e9e \u00e0 venir et que des jours meilleurs sont \u00e0 l&rsquo;horizon. Le caveat majeur ? Il ne peut garantir que son parti et, plus important encore, le public, partageront sa vision.<\/p>\n<\/div>\n<p><\/body><\/p>\n","protected":false},"excerpt":{"rendered":"<p>Au cours de notre entretien, Sir Keir Starmer a d\u00e9clar\u00e9 avec assurance : \u00ab Je serai assis ici d&rsquo;ici 2027 \u00bb, ajoutant une remarque humoristique sugg\u00e9rant que si notre \u00e9change se d\u00e9roulait bien, il nous inviterait \u00e0 revenir \u00e0 Downing Street l&rsquo;ann\u00e9e prochaine. Les premiers ministres n&rsquo;ont que rarement une v\u00e9ritable pause dans leurs responsabilit\u00e9s. [&hellip;]<\/p>\n","protected":false},"author":23,"featured_media":170605,"comment_status":"open","ping_status":"open","sticky":false,"template":"","format":"standard","meta":{"_acf_changed":false,"inline_featured_image":false,"footnotes":""},"categories":[474],"tags":[],"class_list":["post-170608","post","type-post","status-publish","format-standard","has-post-thumbnail","hentry","category-politics-laws"],"acf":[],"_links":{"self":[{"href":"https:\/\/pointer-news.com\/fr\/wp-json\/wp\/v2\/posts\/170608","targetHints":{"allow":["GET"]}}],"collection":[{"href":"https:\/\/pointer-news.com\/fr\/wp-json\/wp\/v2\/posts"}],"about":[{"href":"https:\/\/pointer-news.com\/fr\/wp-json\/wp\/v2\/types\/post"}],"author":[{"embeddable":true,"href":"https:\/\/pointer-news.com\/fr\/wp-json\/wp\/v2\/users\/23"}],"replies":[{"embeddable":true,"href":"https:\/\/pointer-news.com\/fr\/wp-json\/wp\/v2\/comments?post=170608"}],"version-history":[{"count":1,"href":"https:\/\/pointer-news.com\/fr\/wp-json\/wp\/v2\/posts\/170608\/revisions"}],"predecessor-version":[{"id":170612,"href":"https:\/\/pointer-news.com\/fr\/wp-json\/wp\/v2\/posts\/170608\/revisions\/170612"}],"wp:featuredmedia":[{"embeddable":true,"href":"https:\/\/pointer-news.com\/fr\/wp-json\/wp\/v2\/media\/170605"}],"wp:attachment":[{"href":"https:\/\/pointer-news.com\/fr\/wp-json\/wp\/v2\/media?parent=170608"}],"wp:term":[{"taxonomy":"category","embeddable":true,"href":"https:\/\/pointer-news.com\/fr\/wp-json\/wp\/v2\/categories?post=170608"},{"taxonomy":"post_tag","embeddable":true,"href":"https:\/\/pointer-news.com\/fr\/wp-json\/wp\/v2\/tags?post=170608"}],"curies":[{"name":"wp","href":"https:\/\/api.w.org\/{rel}","templated":true}]}}