{"id":171575,"date":"2026-01-10T14:02:05","date_gmt":"2026-01-10T12:02:05","guid":{"rendered":"https:\/\/pointer-news.com\/?p=171575"},"modified":"2026-01-10T14:02:14","modified_gmt":"2026-01-10T12:02:14","slug":"lunion-europeenne-finalise-un-accord-commercial-avec-lamerique-du-sud-apres-25-ans-de-negociations","status":"publish","type":"post","link":"https:\/\/pointer-news.com\/fr\/lunion-europeenne-finalise-un-accord-commercial-avec-lamerique-du-sud-apres-25-ans-de-negociations\/","title":{"rendered":"L&rsquo;Union Europ\u00e9enne Finalise un Accord Commercial avec l&rsquo;Am\u00e9rique du Sud Apr\u00e8s 25 Ans de N\u00e9gociations"},"content":{"rendered":"<p><body><\/p>\n<div class=\"article-content\">\n<p>Apr\u00e8s un quart de si\u00e8cle de pourparlers, l&rsquo;Union Europ\u00e9enne a r\u00e9ussi \u00e0 \u00e9tablir un accord de libre-\u00e9change avec les nations d&rsquo;Am\u00e9rique du Sud, en surmontant une r\u00e9sistance significative de la part des secteurs agricoles de plusieurs pays membres.<\/p>\n<p>Ce pacte avec le bloc Mercosur, qui inclut le Br\u00e9sil, l&rsquo;Argentine, le Paraguay et l&rsquo;Uruguay, attend d\u00e9sormais la ratification du Parlement Europ\u00e9en dans les mois \u00e0 venir.<\/p>\n<h2>Le Br\u00e9sil C\u00e9l\u00e8bre un Jalonnement<\/h2>\n<p>Le Pr\u00e9sident br\u00e9silien Luiz Inacio Lula da Silva a qualifi\u00e9 cette occasion de \u00ab moment historique pour le multilat\u00e9ralisme \u00bb suite \u00e0 la finalisation de l&rsquo;accord \u00e0 Bruxelles par les quatre nations sud-am\u00e9ricaines participantes.<\/p>\n<p>Cette annonce survient dans un contexte mondial marqu\u00e9 par les tarifs impos\u00e9s par le Pr\u00e9sident am\u00e9ricain Donald Trump, affectant plusieurs pays, ainsi que par ses r\u00e9centes actions militaires au Venezuela.<\/p>\n<h2>Le Plus Grand Accord Commercial de l&rsquo;UE \u00e0 ce Jour<\/h2>\n<p>L&rsquo;UE a d\u00e9clar\u00e9 que cet accord est son plus important \u00e0 ce jour, le qualifiant de situation \u00ab gagnant-gagnant \u00bb. N\u00e9anmoins, des critiques expriment des inqui\u00e9tudes quant \u00e0 un afflux d&rsquo;importations bon march\u00e9 qui pourrait nuire aux agriculteurs europ\u00e9ens, en particulier dans des secteurs tels que la viande bovine, le volaille et le sucre.<\/p>\n<blockquote><p>\u00ab Dans un monde de plus en plus tourn\u00e9 vers le protectionnisme, cet accord repr\u00e9sente un fort soutien au commerce international comme catalyseur de progr\u00e8s \u00e9conomique, profitant aux deux r\u00e9gions \u00bb, a d\u00e9clar\u00e9 le Pr\u00e9sident Lula sur X.<\/p><\/blockquote>\n<p>Ursula von der Leyen, Pr\u00e9sidente de la Commission Europ\u00e9enne, a soulign\u00e9 que cet accord devrait apporter des avantages consid\u00e9rables aux consommateurs et aux entreprises des deux c\u00f4t\u00e9s de l&rsquo;Atlantique.<\/p>\n<h2>Des Manifestations \u00c9clatent \u00e0 Travers l&rsquo;Europe<\/h2>\n<p>En r\u00e9action \u00e0 cet accord, des agriculteurs de diverses nations europ\u00e9ennes ont organis\u00e9 des manifestations urgentes, avec des d\u00e9monstrations comportant des tracteurs tant en France qu&rsquo;en Belgique.<\/p>\n<p>\u00ab Il y a beaucoup de douleur \u00bb, a d\u00e9clar\u00e9 Judy Peeters, porte-parole d&rsquo;une organisation de jeunes agriculteurs belges, lors d&rsquo;une manifestation sur une autoroute au sud de Bruxelles. \u00ab Il y a beaucoup de col\u00e8re au sein de notre communaut\u00e9. \u00bb<\/p>\n<h2>R\u00e9pondre aux Inqui\u00e9tudes des Agriculteurs<\/h2>\n<p>Von der Leyen a assur\u00e9 que la Commission avait pris en compte les pr\u00e9occupations des agriculteurs, en mettant en \u0153uvre des \u00ab mesures de protection robustes \u00bb destin\u00e9es \u00e0 sauvegarder leurs moyens de subsistance dans le cadre de cet accord.<\/p>\n<p>Au-del\u00e0 de l&rsquo;am\u00e9lioration des relations commerciales et des partenariats politiques, la Commission Europ\u00e9enne a mis en avant que cet accord vise \u00e0 lutter contre le changement climatique \u00e0 travers des engagements pour pr\u00e9venir la d\u00e9forestation et garantir un approvisionnement fiable en mati\u00e8res premi\u00e8res essentielles pour la transition verte mondiale.<\/p>\n<h2>Implications \u00c9conomiques<\/h2>\n<p>Selon la Commission, cet accord devrait permettre aux entreprises locales d&rsquo;\u00e9conomiser environ<strong style=\"margin-left: 0.3em; margin-right: 0.3em;\">4 milliards d&rsquo;euros<\/strong>(soit<strong style=\"margin-left: 0.3em; margin-right: 0.3em;\">4,7 milliards de dollars<\/strong>,<strong style=\"margin-left: 0.3em; margin-right: 0.3em;\">3,5 milliards de livres<\/strong>) par an en droits d&rsquo;exportation.<\/p>\n<p>Les nations sud-am\u00e9ricaines poss\u00e8dent d&rsquo;importantes r\u00e9serves d&rsquo;or, de cuivre et d&rsquo;autres min\u00e9raux critiques essentiels pour les \u00e9nergies renouvelables et les technologies de batteries.<\/p>\n<h2>Signification G\u00e9opolitique<\/h2>\n<p>Cecilia Malmstr\u00f6m, ancienne Commissaire Europ\u00e9enne au Commerce ayant supervis\u00e9 les n\u00e9gociations commerciales de l&rsquo;UE pendant cinq ans, a d\u00e9clar\u00e9 que certains \u00e9l\u00e9ments de l&rsquo;accord commercial pourraient \u00eatre suspendus si les pays du Mercosur ne respectaient pas leurs engagements environnementaux.<\/p>\n<blockquote><p>\u00ab Cet accord envoie \u00e9galement un puissant message g\u00e9opolitique \u00e0 d&rsquo;autres nations qui ne partagent pas notre engagement envers un commerce bas\u00e9 sur des r\u00e8gles \u00bb, a-t-elle observ\u00e9.<\/p><\/blockquote>\n<p>Vendredi apr\u00e8s-midi, une large majorit\u00e9 des \u00c9tats membres de l&rsquo;UE a exprim\u00e9 son soutien \u00e0 l&rsquo;accord de libre-\u00e9change ; cependant, il n\u00e9cessite encore l&rsquo;approbation du Parlement Europ\u00e9en pour entrer en vigueur.<\/p>\n<p>Jack Allen-Reynolds, \u00e9conomiste adjoint en chef de la zone euro chez Capital Economics, a indiqu\u00e9 que bien que le vote au Parlement devrait \u00eatre tr\u00e8s disput\u00e9, la pr\u00e9occupation majeure r\u00e9side dans l&rsquo;impact r\u00e9el de l&rsquo;accord.<\/p>\n<p>Il a not\u00e9 que les propres estimations de la Commission sugg\u00e8rent que cet accord pourrait n&rsquo;entra\u00eener qu&rsquo;une augmentation de la production \u00e9conomique de l&rsquo;UE de seulement<strong style=\"margin-left: 0.3em; margin-right: 0.3em;\">0,05 %<\/strong>.<\/p>\n<p>\u00ab En fin de compte, m\u00eame si l&rsquo;accord est mis en \u0153uvre, il pourrait ne pas avoir un poids macro\u00e9conomique significatif \u00bb, a-t-il conclu. \u00ab Et comme il sera mis en place sur une p\u00e9riode de<strong style=\"margin-left: 0.3em; margin-right: 0.3em;\">15 ans<\/strong>, tout b\u00e9n\u00e9fice est peu probable avant au moins<strong style=\"margin-left: 0.3em; margin-right: 0.3em;\">2040<\/strong>. \u00bb<\/p>\n<\/div>\n<p><\/body><\/p>\n","protected":false},"excerpt":{"rendered":"<p>Apr\u00e8s un quart de si\u00e8cle de pourparlers, l&rsquo;Union Europ\u00e9enne a r\u00e9ussi \u00e0 \u00e9tablir un accord de libre-\u00e9change avec les nations d&rsquo;Am\u00e9rique du Sud, en surmontant une r\u00e9sistance significative de la part des secteurs agricoles de plusieurs pays membres. Ce pacte avec le bloc Mercosur, qui inclut le Br\u00e9sil, l&rsquo;Argentine, le Paraguay et l&rsquo;Uruguay, attend d\u00e9sormais [&hellip;]<\/p>\n","protected":false},"author":23,"featured_media":171572,"comment_status":"open","ping_status":"open","sticky":false,"template":"","format":"standard","meta":{"_acf_changed":false,"inline_featured_image":false,"footnotes":""},"categories":[457],"tags":[],"class_list":["post-171575","post","type-post","status-publish","format-standard","has-post-thumbnail","hentry","category-business-finance"],"acf":[],"_links":{"self":[{"href":"https:\/\/pointer-news.com\/fr\/wp-json\/wp\/v2\/posts\/171575","targetHints":{"allow":["GET"]}}],"collection":[{"href":"https:\/\/pointer-news.com\/fr\/wp-json\/wp\/v2\/posts"}],"about":[{"href":"https:\/\/pointer-news.com\/fr\/wp-json\/wp\/v2\/types\/post"}],"author":[{"embeddable":true,"href":"https:\/\/pointer-news.com\/fr\/wp-json\/wp\/v2\/users\/23"}],"replies":[{"embeddable":true,"href":"https:\/\/pointer-news.com\/fr\/wp-json\/wp\/v2\/comments?post=171575"}],"version-history":[{"count":1,"href":"https:\/\/pointer-news.com\/fr\/wp-json\/wp\/v2\/posts\/171575\/revisions"}],"predecessor-version":[{"id":171579,"href":"https:\/\/pointer-news.com\/fr\/wp-json\/wp\/v2\/posts\/171575\/revisions\/171579"}],"wp:featuredmedia":[{"embeddable":true,"href":"https:\/\/pointer-news.com\/fr\/wp-json\/wp\/v2\/media\/171572"}],"wp:attachment":[{"href":"https:\/\/pointer-news.com\/fr\/wp-json\/wp\/v2\/media?parent=171575"}],"wp:term":[{"taxonomy":"category","embeddable":true,"href":"https:\/\/pointer-news.com\/fr\/wp-json\/wp\/v2\/categories?post=171575"},{"taxonomy":"post_tag","embeddable":true,"href":"https:\/\/pointer-news.com\/fr\/wp-json\/wp\/v2\/tags?post=171575"}],"curies":[{"name":"wp","href":"https:\/\/api.w.org\/{rel}","templated":true}]}}