{"id":171727,"date":"2026-01-11T22:02:36","date_gmt":"2026-01-11T20:02:36","guid":{"rendered":"https:\/\/pointer-news.com\/?p=171727"},"modified":"2026-01-11T22:02:45","modified_gmt":"2026-01-11T20:02:45","slug":"mandelson-affirme-quepstein-la-tenu-eloigne-de-ses-activites-sexuelles-en-raison-de-son-orientation","status":"publish","type":"post","link":"https:\/\/pointer-news.com\/fr\/mandelson-affirme-quepstein-la-tenu-eloigne-de-ses-activites-sexuelles-en-raison-de-son-orientation\/","title":{"rendered":"Mandelson affirme qu&rsquo;Epstein l&rsquo;a tenu \u00e9loign\u00e9 de ses activit\u00e9s sexuelles en raison de son orientation sexuelle"},"content":{"rendered":"<p><body><\/p>\n<div class=\"article-content\">\n<p>Lors d&rsquo;une r\u00e9cente interview, Lord Mandelson a d\u00e9clar\u00e9 qu&rsquo;il n&rsquo;avait jamais crois\u00e9 de jeunes femmes lors de ses visites chez Jeffrey Epstein. Il a \u00e9vit\u00e9 de montrer des remords envers les victimes du financier d\u00e9c\u00e9d\u00e9, affirmant qu&rsquo;il n&rsquo;\u00e9tait pas au courant des actions d&rsquo;Epstein.<\/p>\n<p>Ceci constitue le premier commentaire public de Mandelson depuis son \u00e9viction en tant qu&rsquo;envoy\u00e9 du Royaume-Uni aux \u00c9tats-Unis, une d\u00e9cision li\u00e9e \u00e0 ses liens avec Epstein. Il a indiqu\u00e9 \u00e0 l&rsquo;intervieweur que son orientation sexuelle avait probablement contribu\u00e9 \u00e0 le tenir \u00e0 l&rsquo;\u00e9cart des scandales sexuels notoires d&rsquo;Epstein.<\/p>\n<p>Son licenciement a eu lieu apr\u00e8s la publication d&#8217;emails r\u00e9v\u00e9lant des \u00e9changes de soutien qu&rsquo;il avait envoy\u00e9s \u00e0 Epstein apr\u00e8s la condamnation de ce dernier pour sollicitation d&rsquo;un mineur \u00e0 des fins de prostitution. Mandelson a d\u00e9clar\u00e9 que les seules personnes pr\u00e9sentes dans les propri\u00e9t\u00e9s d&rsquo;Epstein \u00e9taient des \u00ab femmes de m\u00e9nage d&rsquo;\u00e2ge moyen \u00bb, niant la pr\u00e9sence de jeunes femmes.<\/p>\n<p>Interrog\u00e9 sur la possibilit\u00e9 de s&rsquo;excuser aupr\u00e8s des victimes d&rsquo;Epstein pour avoir maintenu son amiti\u00e9 avec le financier apr\u00e8s sa condamnation, il a exprim\u00e9 son souhait de s&rsquo;excuser pour les \u00e9checs syst\u00e9miques qui ont emp\u00each\u00e9 ces femmes de s&rsquo;exprimer et de recevoir la protection qui leur \u00e9tait due. Il a soulign\u00e9 qu&rsquo;il ne pr\u00e9senterait des excuses que s&rsquo;il avait \u00e9t\u00e9 en quelque sorte complice, ce qu&rsquo;il a fermement ni\u00e9.<\/p>\n<p>En r\u00e9fl\u00e9chissant \u00e0 sa relation avec Epstein, Mandelson a not\u00e9 que son statut d&rsquo;homme homosexuel pouvait avoir contribu\u00e9 \u00e0 son d\u00e9tachement des aspects sexuels de la vie d&rsquo;Epstein. Il a pr\u00e9cis\u00e9 qu&rsquo;il \u00e9tait probablement per\u00e7u comme moins conscient des activit\u00e9s inappropri\u00e9es qui se d\u00e9roulaient.<\/p>\n<p>Mandelson a \u00e9voqu\u00e9 de rares exp\u00e9riences sur l&rsquo;\u00eele priv\u00e9e d&rsquo;Epstein, mentionnant qu&rsquo;aucune jeune femme ou victime n&rsquo;\u00e9tait pr\u00e9sente lors de ses visites. Il a affirm\u00e9 qu&rsquo;Epstein n&rsquo;\u00e9tait pas pr\u00e9sent lors de ces occasions.<\/p>\n<p>Suite \u00e0 la divulgation des emails, le gouvernement a agi rapidement, arguant que les communications de Mandelson avec Epstein indiquaient une relation plus profonde que ce qui avait \u00e9t\u00e9 admis auparavant. Des sources proches du Premier ministre ont indiqu\u00e9 qu&rsquo;elles n&rsquo;\u00e9taient pas au courant de l&rsquo;ampleur des liens de Mandelson avec Epstein au moment de sa nomination.<\/p>\n<p>Dans la m\u00eame interview, Mandelson a reconnu la situation chaotique \u00e0 laquelle le Premier ministre \u00e9tait confront\u00e9 concernant cette affaire. Il a exprim\u00e9 sa compr\u00e9hension de son licenciement, tout en d\u00e9plorant de ne pas avoir eu l&rsquo;opportunit\u00e9 de clarifier le contexte de son amiti\u00e9 avec Epstein.<\/p>\n<p>La secr\u00e9taire aux Transports du Parti travailliste, Heidi Alexander, a critiqu\u00e9 les commentaires de Mandelson, sugg\u00e9rant qu&rsquo;ils refl\u00e9taient une na\u00efvet\u00e9 consid\u00e9rable. Elle a affirm\u00e9 qu&rsquo;une excuse aurait \u00e9t\u00e9 un geste significatif envers les femmes touch\u00e9es par les actions d&rsquo;Epstein.<\/p>\n<p>Elle a mis en avant l&rsquo;importance d&rsquo;une due diligence approfondie lors de la nomination d&rsquo;individus \u00e0 de tels postes significatifs, reconnaissant l&rsquo;absence d&rsquo;informations d\u00e9taill\u00e9es sur leur relation au moment de la nomination de Mandelson.<\/p>\n<p>En tant que figure \u00e9minente de la politique britannique depuis plus de quarante ans, Mandelson a occup\u00e9 divers postes minist\u00e9riels et a fait face \u00e0 des d\u00e9fis tout au long de sa carri\u00e8re. Son bref mandat en tant qu&rsquo;ambassadeur aux \u00c9tats-Unis est d\u00e9sormais sous le feu des critiques \u00e0 la suite de cette controverse.<\/p>\n<p>En r\u00e9ponse aux questions concernant les remarques du pr\u00e9sident am\u00e9ricain Donald Trump \u00e0 propos du Groenland, Mandelson a exprim\u00e9 son admiration pour la franchise de Trump, tout en \u00e9cartant l&rsquo;id\u00e9e que le pr\u00e9sident tenterait de s&#8217;emparer du territoire par la force. Il a sugg\u00e9r\u00e9 que les conseillers de Trump le dissuaderaient probablement d&rsquo;agir ainsi, soulignant la n\u00e9cessit\u00e9 de s\u00e9curit\u00e9 dans la r\u00e9gion arctique.<\/p>\n<p>Mandelson a conclu en reconnaissant les complexit\u00e9s de l&rsquo;approche de Trump en mati\u00e8re de relations internationales, sugg\u00e9rant que la paix n\u00e9cessite souvent de la force et parfois, des actions d\u00e9cisives.<\/p>\n<\/div>\n<p><\/body><\/p>\n","protected":false},"excerpt":{"rendered":"<p>Lors d&rsquo;une r\u00e9cente interview, Lord Mandelson a d\u00e9clar\u00e9 qu&rsquo;il n&rsquo;avait jamais crois\u00e9 de jeunes femmes lors de ses visites chez Jeffrey Epstein. Il a \u00e9vit\u00e9 de montrer des remords envers les victimes du financier d\u00e9c\u00e9d\u00e9, affirmant qu&rsquo;il n&rsquo;\u00e9tait pas au courant des actions d&rsquo;Epstein. Ceci constitue le premier commentaire public de Mandelson depuis son \u00e9viction [&hellip;]<\/p>\n","protected":false},"author":23,"featured_media":171724,"comment_status":"open","ping_status":"open","sticky":false,"template":"","format":"standard","meta":{"_acf_changed":false,"inline_featured_image":false,"footnotes":""},"categories":[474],"tags":[],"class_list":["post-171727","post","type-post","status-publish","format-standard","has-post-thumbnail","hentry","category-politics-laws"],"acf":[],"_links":{"self":[{"href":"https:\/\/pointer-news.com\/fr\/wp-json\/wp\/v2\/posts\/171727","targetHints":{"allow":["GET"]}}],"collection":[{"href":"https:\/\/pointer-news.com\/fr\/wp-json\/wp\/v2\/posts"}],"about":[{"href":"https:\/\/pointer-news.com\/fr\/wp-json\/wp\/v2\/types\/post"}],"author":[{"embeddable":true,"href":"https:\/\/pointer-news.com\/fr\/wp-json\/wp\/v2\/users\/23"}],"replies":[{"embeddable":true,"href":"https:\/\/pointer-news.com\/fr\/wp-json\/wp\/v2\/comments?post=171727"}],"version-history":[{"count":1,"href":"https:\/\/pointer-news.com\/fr\/wp-json\/wp\/v2\/posts\/171727\/revisions"}],"predecessor-version":[{"id":171731,"href":"https:\/\/pointer-news.com\/fr\/wp-json\/wp\/v2\/posts\/171727\/revisions\/171731"}],"wp:featuredmedia":[{"embeddable":true,"href":"https:\/\/pointer-news.com\/fr\/wp-json\/wp\/v2\/media\/171724"}],"wp:attachment":[{"href":"https:\/\/pointer-news.com\/fr\/wp-json\/wp\/v2\/media?parent=171727"}],"wp:term":[{"taxonomy":"category","embeddable":true,"href":"https:\/\/pointer-news.com\/fr\/wp-json\/wp\/v2\/categories?post=171727"},{"taxonomy":"post_tag","embeddable":true,"href":"https:\/\/pointer-news.com\/fr\/wp-json\/wp\/v2\/tags?post=171727"}],"curies":[{"name":"wp","href":"https:\/\/api.w.org\/{rel}","templated":true}]}}