{"id":172127,"date":"2026-01-15T22:00:57","date_gmt":"2026-01-15T20:00:57","guid":{"rendered":"https:\/\/pointer-news.com\/?p=172127"},"modified":"2026-01-15T22:01:08","modified_gmt":"2026-01-15T20:01:08","slug":"robert-jenrick-transitionne-du-parti-conservateur-a-reform-uk","status":"publish","type":"post","link":"https:\/\/pointer-news.com\/fr\/robert-jenrick-transitionne-du-parti-conservateur-a-reform-uk\/","title":{"rendered":"Robert Jenrick Transitionne du Parti Conservateur \u00e0 Reform UK"},"content":{"rendered":"<p><body><\/p>\n<div class=\"article-content\">\n<p>Le mois dernier, Robert Jenrick a fermement affirm\u00e9 qu&rsquo;il n&rsquo;avait pas l&rsquo;intention de quitter le Parti Conservateur, malgr\u00e9 les sp\u00e9culations persistantes concernant un \u00e9ventuel passage \u00e0 Reform UK. Cependant, quelques heures apr\u00e8s avoir \u00e9t\u00e9 \u00e9cart\u00e9 du cabinet fant\u00f4me de Kemi Badenoch pour avoir pr\u00e9tendument complot\u00e9 pour faire d\u00e9fection, il a \u00e9t\u00e9 officiellement pr\u00e9sent\u00e9 comme un nouveau membre de l&rsquo;\u00e9quipe de Nigel Farage.<\/p>\n<p>L&rsquo;ancien secr\u00e9taire d&rsquo;\u00c9tat \u00e0 la justice fant\u00f4me a r\u00e9v\u00e9l\u00e9 qu&rsquo;il avait approch\u00e9 Farage il y a quatre mois, ayant pris conscience avec d\u00e9sespoir que le parti qu&rsquo;il avait rejoint \u00e0 l&rsquo;\u00e2ge de 16 ans n&rsquo;\u00e9tait pas en mesure de faire face aux probl\u00e8mes pressants auxquels le Royaume-Uni fait face.<\/p>\n<h2>Sp\u00e9culations et Loyaut\u00e9s Changeantes<\/h2>\n<p>Farage, en r\u00e9ponse au d\u00e9part de Jenrick, a affirm\u00e9 que la situation n&rsquo;\u00e9tait pas aussi d\u00e9finitive que rapport\u00e9e, sugg\u00e9rant que Badenoch avait agi de mani\u00e8re pr\u00e9matur\u00e9e en prenant la d\u00e9cision de l&rsquo;expulser. Ces \u00e9v\u00e9nements r\u00e9cents marquent le sommet de mois remplis de conjectures sur l&rsquo;avenir de ce politicien de 44 ans, surtout alors que les Conservateurs prennent du retard par rapport au parti de Farage dans les sondages d&rsquo;opinion publique pendant le mandat de Badenoch.<\/p>\n<p>La qu\u00eate de Jenrick pour la direction des Conservateurs en 2024 s&rsquo;est termin\u00e9e par une d\u00e9ception lorsqu&rsquo;il a \u00e9t\u00e9 surpass\u00e9 par Badenoch, une d\u00e9faite qui, selon d&rsquo;anciens coll\u00e8gues, l&rsquo;a profond\u00e9ment troubl\u00e9.<\/p>\n<h2>\u00c9volution Politique et Controverses<\/h2>\n<p>Depuis lors, il a men\u00e9 une campagne active, assumant le r\u00f4le de secr\u00e9taire d&rsquo;\u00c9tat \u00e0 la justice fant\u00f4me tout en s&rsquo;\u00e9cartant souvent de ses responsabilit\u00e9s officielles lors des discussions publiques. Son discours s&rsquo;est de plus en plus orient\u00e9 vers des positions de droite sur l&rsquo;immigration, cherchant \u00e0 devancer Reform et \u00e0 accro\u00eetre sa visibilit\u00e9 sur les r\u00e9seaux sociaux.<\/p>\n<p>Ce changement a \u00e9t\u00e9 frappant pour le d\u00e9put\u00e9 de Newark, qui a autrefois \u00e9t\u00e9 critiqu\u00e9 par son propre parti pour ses opinions mod\u00e9r\u00e9es, ce qui lui a valu le surnom.<\/p>\n<\/div>\n<p><\/body><\/p>\n","protected":false},"excerpt":{"rendered":"<p>Le mois dernier, Robert Jenrick a fermement affirm\u00e9 qu&rsquo;il n&rsquo;avait pas l&rsquo;intention de quitter le Parti Conservateur, malgr\u00e9 les sp\u00e9culations persistantes concernant un \u00e9ventuel passage \u00e0 Reform UK. Cependant, quelques heures apr\u00e8s avoir \u00e9t\u00e9 \u00e9cart\u00e9 du cabinet fant\u00f4me de Kemi Badenoch pour avoir pr\u00e9tendument complot\u00e9 pour faire d\u00e9fection, il a \u00e9t\u00e9 officiellement pr\u00e9sent\u00e9 comme un [&hellip;]<\/p>\n","protected":false},"author":23,"featured_media":172125,"comment_status":"open","ping_status":"open","sticky":false,"template":"","format":"standard","meta":{"_acf_changed":false,"inline_featured_image":false,"footnotes":""},"categories":[474],"tags":[],"class_list":["post-172127","post","type-post","status-publish","format-standard","has-post-thumbnail","hentry","category-politics-laws"],"acf":[],"_links":{"self":[{"href":"https:\/\/pointer-news.com\/fr\/wp-json\/wp\/v2\/posts\/172127","targetHints":{"allow":["GET"]}}],"collection":[{"href":"https:\/\/pointer-news.com\/fr\/wp-json\/wp\/v2\/posts"}],"about":[{"href":"https:\/\/pointer-news.com\/fr\/wp-json\/wp\/v2\/types\/post"}],"author":[{"embeddable":true,"href":"https:\/\/pointer-news.com\/fr\/wp-json\/wp\/v2\/users\/23"}],"replies":[{"embeddable":true,"href":"https:\/\/pointer-news.com\/fr\/wp-json\/wp\/v2\/comments?post=172127"}],"version-history":[{"count":1,"href":"https:\/\/pointer-news.com\/fr\/wp-json\/wp\/v2\/posts\/172127\/revisions"}],"predecessor-version":[{"id":172131,"href":"https:\/\/pointer-news.com\/fr\/wp-json\/wp\/v2\/posts\/172127\/revisions\/172131"}],"wp:featuredmedia":[{"embeddable":true,"href":"https:\/\/pointer-news.com\/fr\/wp-json\/wp\/v2\/media\/172125"}],"wp:attachment":[{"href":"https:\/\/pointer-news.com\/fr\/wp-json\/wp\/v2\/media?parent=172127"}],"wp:term":[{"taxonomy":"category","embeddable":true,"href":"https:\/\/pointer-news.com\/fr\/wp-json\/wp\/v2\/categories?post=172127"},{"taxonomy":"post_tag","embeddable":true,"href":"https:\/\/pointer-news.com\/fr\/wp-json\/wp\/v2\/tags?post=172127"}],"curies":[{"name":"wp","href":"https:\/\/api.w.org\/{rel}","templated":true}]}}